{"id":1063,"date":"2013-04-13T01:32:54","date_gmt":"2013-04-12T23:32:54","guid":{"rendered":"http:\/\/www.ventimigliablog.it\/blog\/?p=1063"},"modified":"2013-07-11T13:44:19","modified_gmt":"2013-07-11T11:44:19","slug":"per-vincere-la-crisi-italiana-occorre-vincere-contro-leuropa-solo-litaliano-mario-draghi-puo-resistere-al-braccio-di-ferro-con-la-germania","status":"publish","type":"post","link":"https:\/\/www.ventimigliablog.it\/blog\/per-vincere-la-crisi-italiana-occorre-vincere-contro-leuropa-solo-litaliano-mario-draghi-puo-resistere-al-braccio-di-ferro-con-la-germania\/","title":{"rendered":"Per vincere la crisi italiana occorre vincere contro l&#8217;Europa, solo l&#8217;italiano Mario Draghi pu\u00f2 resistere al braccio di ferro con la Germania"},"content":{"rendered":"<p>Il sottosegretario all&#8217;economia Polillo, del Governo Monti, ammette, su RAI due, che \u00e8 stata sbagliata la politica monetaria europea. La Germania ha fatto solo i propri interessi. La colpa non \u00e8 della forte Germania ma di chi si \u00e8 accomodato nei salotti buoni europei passando per colui che doveva salvare l&#8217;Italia: i risultati si vedono, ma soprattutto li iniziano a vedere e riconoscere anche chi ha avuto responsabilit\u00e0 nel governo Monti.<!--more--><\/p>\n<p>E&#8217; notte profonda e a &#8220;L&#8217;ultima parola&#8221; , sempre su RAI due, di parole se ne dicono tante &#8230;&#8230; sembrano tutti d&#8217;accordo, destra, sinistra, economisti e giornalisti, sono anche d&#8217;accordo gli industriali con i lavoratori e i sindacalisti.<\/p>\n<p>Noi per\u00f2 non abbiamo un governo e Bersani gioca a prender tempo. Berlusconi ne ha perso tanto dal 2008 in avanti, per\u00f2 resta l&#8217;unico che pu\u00f2 far ancora qualcosa.<\/p>\n<p>Il Prof. Cacciari da Santoro, ieri sera, su un progetto di cittadinanza attiva, da uomo di sinistra intelligente e non ipocrita, ha detto &#8220;basta puttanate&#8221; dobbiamo agire concretamente .<\/p>\n<p>Forza Signori parlamentari, anche se tutti sappiamo che dipendete dalle Segreterie dei partiti, vecchi e nuovi (Grillo non ha neanche una segreteria, agisce praticamente da solo), spartitevi anche la Presidenza della Repubblica ma poi dateci un governo politico che sia concreto e che pensi ai problemi veri della gente.<\/p>\n<p>Marco Prestileo<\/p>\n<p>&nbsp;<\/p>\n\t<div class=\"quickshare-container\">\r\n\t<ul class=\"quickshare-text qs-genericons quickshare-small\">\r\n\t\t<li class=\"quickshare-share\">Condividi :<\/li> \r\n\t\t<li><a href=\"https:\/\/facebook.com\/sharer.php?u=https%3A%2F%2Fwww.ventimigliablog.it%2Fblog%2Fper-vincere-la-crisi-italiana-occorre-vincere-contro-leuropa-solo-litaliano-mario-draghi-puo-resistere-al-braccio-di-ferro-con-la-germania%2F&amp;t=Per+vincere+la+crisi+italiana+occorre+vincere+contro+l%26%238217%3BEuropa%2C+solo+l%26%238217%3Bitaliano+Mario+Draghi+pu%C3%B2+resistere+al+braccio+di+ferro+con+la+Germania+<+Ventimigliablog\" target=\"_blank\" title=\"Share on Facebook\"><span class=\"quickshare-facebook\">Facebook<\/span><\/a><\/li>\t\t<li><a href=\"https:\/\/twitter.com\/intent\/tweet?url=https%3A%2F%2Fwww.ventimigliablog.it%2Fblog%2Fper-vincere-la-crisi-italiana-occorre-vincere-contro-leuropa-solo-litaliano-mario-draghi-puo-resistere-al-braccio-di-ferro-con-la-germania%2F&amp;text=Per+vincere+la+crisi+italiana+occorre+vincere+contro+l%26%238217%3BEuropa%2C+solo+l%26%238217%3Bitaliano+Mario+Draghi+pu%C3%B2+resistere+al+braccio+di+ferro+con+la+Germania+<+Ventimigliablog\" target=\"_blank\" title=\"Share on Twitter\"><span class=\"quickshare-twitter\">Twitter<\/span><\/a><\/li>\t\t\t\t\t\t<li><a href=\"https:\/\/plus.google.com\/share?url=https%3A%2F%2Fwww.ventimigliablog.it%2Fblog%2Fper-vincere-la-crisi-italiana-occorre-vincere-contro-leuropa-solo-litaliano-mario-draghi-puo-resistere-al-braccio-di-ferro-con-la-germania%2F\" target=\"_blank\" title=\"Share on Google+\"><span class=\"quickshare-googleplus\">Google+<\/span><\/a><\/li>\t\t\t\t\t\t\t\t<li><a href=\"mailto:?subject=Ventimigliablog:+Per+vincere+la+crisi+italiana+occorre+vincere+contro+l%26%238217%3BEuropa%2C+solo+l%26%238217%3Bitaliano+Mario+Draghi+pu%C3%B2+resistere+al+braccio+di+ferro+con+la+Germania&amp;body=https%3A%2F%2Fwww.ventimigliablog.it%2Fblog%2Fper-vincere-la-crisi-italiana-occorre-vincere-contro-leuropa-solo-litaliano-mario-draghi-puo-resistere-al-braccio-di-ferro-con-la-germania%2F\" target=\"_blank\" title=\"Share via Email\"><span class=\"quickshare-email\">Email<\/span><\/a><\/li>\t<\/ul>\r\n\t<\/div>\r\n","protected":false},"excerpt":{"rendered":"<p>Il sottosegretario all&#8217;economia Polillo, del Governo Monti, ammette, su RAI due, che \u00e8 stata sbagliata la politica monetaria europea. La Germania ha fatto solo i propri interessi. La colpa non \u00e8 della forte Germania ma di chi si \u00e8 accomodato &hellip; <a href=\"https:\/\/www.ventimigliablog.it\/blog\/per-vincere-la-crisi-italiana-occorre-vincere-contro-leuropa-solo-litaliano-mario-draghi-puo-resistere-al-braccio-di-ferro-con-la-germania\/\">Continua a leggere<span class=\"meta-nav\">&rarr;<\/span><\/a><\/p>\n","protected":false},"author":10,"featured_media":0,"comment_status":"open","ping_status":"closed","sticky":false,"template":"","format":"standard","meta":{"ngg_post_thumbnail":0,"footnotes":""},"categories":[3],"tags":[],"_links":{"self":[{"href":"https:\/\/www.ventimigliablog.it\/blog\/wp-json\/wp\/v2\/posts\/1063"}],"collection":[{"href":"https:\/\/www.ventimigliablog.it\/blog\/wp-json\/wp\/v2\/posts"}],"about":[{"href":"https:\/\/www.ventimigliablog.it\/blog\/wp-json\/wp\/v2\/types\/post"}],"author":[{"embeddable":true,"href":"https:\/\/www.ventimigliablog.it\/blog\/wp-json\/wp\/v2\/users\/10"}],"replies":[{"embeddable":true,"href":"https:\/\/www.ventimigliablog.it\/blog\/wp-json\/wp\/v2\/comments?post=1063"}],"version-history":[{"count":0,"href":"https:\/\/www.ventimigliablog.it\/blog\/wp-json\/wp\/v2\/posts\/1063\/revisions"}],"wp:attachment":[{"href":"https:\/\/www.ventimigliablog.it\/blog\/wp-json\/wp\/v2\/media?parent=1063"}],"wp:term":[{"taxonomy":"category","embeddable":true,"href":"https:\/\/www.ventimigliablog.it\/blog\/wp-json\/wp\/v2\/categories?post=1063"},{"taxonomy":"post_tag","embeddable":true,"href":"https:\/\/www.ventimigliablog.it\/blog\/wp-json\/wp\/v2\/tags?post=1063"}],"curies":[{"name":"wp","href":"https:\/\/api.w.org\/{rel}","templated":true}]}}