{"id":1067,"date":"2013-04-13T10:00:39","date_gmt":"2013-04-13T08:00:39","guid":{"rendered":"http:\/\/www.ventimigliablog.it\/blog\/?p=1067"},"modified":"2013-04-13T10:00:39","modified_gmt":"2013-04-13T08:00:39","slug":"priorita-asfalto-e-mafia","status":"publish","type":"post","link":"https:\/\/www.ventimigliablog.it\/blog\/priorita-asfalto-e-mafia\/","title":{"rendered":"Priorit\u00e0, asfalto e mafia"},"content":{"rendered":"<p>Con tutto il rispetto per chi continua a parlare di mafia a Ventimiglia, credo sia ora di smetterla tornare a parlare di cose serie e di cose vere. Sembra quasi che ci sia un certo godimento nel ripetere che Ventimiglia \u00e8 il vaso di pandora, l&#8217;emblema del male, la piattaforma di tutte le mafie del mondo, compresa la cinese, la russa e la giapponese (ne avranno una anche loro? se s\u00ec, sicuramente la loro base \u00e8 a Ventimiglia). La magistratura far\u00e0 il suo corso. Se ci fidiamo della magistratura, abbiamo solo da aspettare i verdetti e accettarli. Se non ci fidiamo, allora, \u00e8 inutile fare esposti e far perdere tempo a questa citt\u00e0.<\/p>\n<p>Da cittadino, nutro la speranza che questo commissariamento abbia portato risultati migliori nella lotta alla mafia rispetto a quelli ottenuti nella realizzazione del piano delle priorit\u00e0. Dal canto mio, quel che posso vedere \u00e8 che Via Cavour assomiglia pi\u00f9 ad un campo di patate invaso da un&#8217;orda di cinghiali che alla via centrale dello shopping Ventimigliese. E stiamo parlando di un&#8217;asfaltatura di forse nemmeno 200 metri, non dell&#8217;IKEA, non del porto, non della nuova viabilit\u00e0&#8230;<\/p>\n<p>13 aprile 2013 &#8211; Albino Dicerto<\/p>\n<p>&nbsp;<\/p>\n\t<div class=\"quickshare-container\">\r\n\t<ul class=\"quickshare-text qs-genericons quickshare-small\">\r\n\t\t<li class=\"quickshare-share\">Condividi :<\/li> \r\n\t\t<li><a href=\"https:\/\/facebook.com\/sharer.php?u=https%3A%2F%2Fwww.ventimigliablog.it%2Fblog%2Fpriorita-asfalto-e-mafia%2F&amp;t=Priorit%C3%A0%2C+asfalto+e+mafia+<+Ventimigliablog\" target=\"_blank\" title=\"Share on Facebook\"><span class=\"quickshare-facebook\">Facebook<\/span><\/a><\/li>\t\t<li><a href=\"https:\/\/twitter.com\/intent\/tweet?url=https%3A%2F%2Fwww.ventimigliablog.it%2Fblog%2Fpriorita-asfalto-e-mafia%2F&amp;text=Priorit%C3%A0%2C+asfalto+e+mafia+<+Ventimigliablog\" target=\"_blank\" title=\"Share on Twitter\"><span class=\"quickshare-twitter\">Twitter<\/span><\/a><\/li>\t\t\t\t\t\t<li><a href=\"https:\/\/plus.google.com\/share?url=https%3A%2F%2Fwww.ventimigliablog.it%2Fblog%2Fpriorita-asfalto-e-mafia%2F\" target=\"_blank\" title=\"Share on Google+\"><span class=\"quickshare-googleplus\">Google+<\/span><\/a><\/li>\t\t\t\t\t\t\t\t<li><a href=\"mailto:?subject=Ventimigliablog:+Priorit%C3%A0%2C+asfalto+e+mafia&amp;body=https%3A%2F%2Fwww.ventimigliablog.it%2Fblog%2Fpriorita-asfalto-e-mafia%2F\" target=\"_blank\" title=\"Share via Email\"><span class=\"quickshare-email\">Email<\/span><\/a><\/li>\t<\/ul>\r\n\t<\/div>\r\n","protected":false},"excerpt":{"rendered":"<p>Con tutto il rispetto per chi continua a parlare di mafia a Ventimiglia, credo sia ora di smetterla tornare a parlare di cose serie e di cose vere. Sembra quasi che ci sia un certo godimento nel ripetere che Ventimiglia &hellip; <a href=\"https:\/\/www.ventimigliablog.it\/blog\/priorita-asfalto-e-mafia\/\">Continua a leggere<span class=\"meta-nav\">&rarr;<\/span><\/a><\/p>\n","protected":false},"author":12,"featured_media":0,"comment_status":"open","ping_status":"closed","sticky":false,"template":"","format":"standard","meta":{"ngg_post_thumbnail":0,"footnotes":""},"categories":[1],"tags":[],"_links":{"self":[{"href":"https:\/\/www.ventimigliablog.it\/blog\/wp-json\/wp\/v2\/posts\/1067"}],"collection":[{"href":"https:\/\/www.ventimigliablog.it\/blog\/wp-json\/wp\/v2\/posts"}],"about":[{"href":"https:\/\/www.ventimigliablog.it\/blog\/wp-json\/wp\/v2\/types\/post"}],"author":[{"embeddable":true,"href":"https:\/\/www.ventimigliablog.it\/blog\/wp-json\/wp\/v2\/users\/12"}],"replies":[{"embeddable":true,"href":"https:\/\/www.ventimigliablog.it\/blog\/wp-json\/wp\/v2\/comments?post=1067"}],"version-history":[{"count":0,"href":"https:\/\/www.ventimigliablog.it\/blog\/wp-json\/wp\/v2\/posts\/1067\/revisions"}],"wp:attachment":[{"href":"https:\/\/www.ventimigliablog.it\/blog\/wp-json\/wp\/v2\/media?parent=1067"}],"wp:term":[{"taxonomy":"category","embeddable":true,"href":"https:\/\/www.ventimigliablog.it\/blog\/wp-json\/wp\/v2\/categories?post=1067"},{"taxonomy":"post_tag","embeddable":true,"href":"https:\/\/www.ventimigliablog.it\/blog\/wp-json\/wp\/v2\/tags?post=1067"}],"curies":[{"name":"wp","href":"https:\/\/api.w.org\/{rel}","templated":true}]}}