{"id":1112,"date":"2013-04-17T14:24:13","date_gmt":"2013-04-17T12:24:13","guid":{"rendered":"http:\/\/www.ventimigliablog.it\/blog\/?p=1112"},"modified":"2013-07-11T13:46:43","modified_gmt":"2013-07-11T11:46:43","slug":"ikea-aree-ferroviarie-viabilita-e-parcheggi-critichiamo-ma-in-modo-intellettualmente-corretto","status":"publish","type":"post","link":"https:\/\/www.ventimigliablog.it\/blog\/ikea-aree-ferroviarie-viabilita-e-parcheggi-critichiamo-ma-in-modo-intellettualmente-corretto\/","title":{"rendered":"IKEA, aree ferroviarie, viabilit\u00e0 e parcheggi: critichiamo ma in modo intellettualmente corretto."},"content":{"rendered":"<p>In questi giorni si parla della perdita (quasi certa) dell\u2019IKEA. Ne parlano i giornali e quindi ne parla la gente. Alcuni ex politici hanno colto anche la palla al balzo per tentare di attribuire colpe all\u2019ex amministrazione. Davvero incredibile vedere un ex consigliere di opposizione essere contento dell\u2019insuccesso di iniziative eclatanti e ottimamente gestite, proprio dalla precedente amministrazione, solo \u00a0per poter esprimere la sua sterile critica politica.<!--more--> Anzich\u00e9 pensare ai vantaggi per la Citt\u00e0, pensano a coltivare il loro orticello e perseguono la politica del tanto peggio, tanto meglio. A livello nazionale abbiamo visto come la Senatrice Finocchiaro ha risposto al suo compagno di partito, il Sindaco Renzi, rimarcando quanto sia miserabile attaccare l\u2019avversario politico (in quel caso un avversario anomalo, visto che sono dello stesso partito )con pretesti assurdi e non credibili.<\/p>\n<p>Bisognerebbe chiedere esattamente, ma \u00e8 inutile naturalmente farlo, a questo esponente della passata opposizione, quali colpe imputa, seriamente, all\u2019Amministrazione Scullino su questa \u00a0iniziativa.<\/p>\n<p>Aver annunciato che l\u2019IKEA, come tante altre grandi imprese italiane ed estere, aveva espresso l\u2019intenzione di aprire uno dei suoi stabilimenti in Ventimiglia? Ma \u00e8 vero, l\u2019IKEA non solo lo ha detto pi\u00f9 volte, ma al protocollo comunale risulta la lettera scritta dove la stessa IKEA confermava l\u2019intenzione di venire a Ventimiglia, dichiarava di quante superfici aveva bisogno e indicava esattamente il numero di assunzioni che avrebbe fatto.<\/p>\n<p>L\u2019IKEA aveva espresso formalmente la richiesta di installare un punto vendita per circa 75.000 metri quadri a Ventimiglia, in zona Parco Roja, garantendo 700 nuovi occupati direttamente e 150 indirettamente. La richiesta \u00e8 stata presa in considerazione all&#8217;interno del Tavolo di lavoro che si stava occupando dell&#8217;Accordo quadro tra FF.SS, Regione Liguria, Provincia e Comune di Ventimiglia.<\/p>\n<p>Il sottoscritto, in allora Sindaco della Citt\u00e0, ha risposto all&#8217;IKEA, come a tutte le altre Imprese richiedenti, dicendo che non poteva esserci un\u2019esclusiva, chiunque interessato doveva \u00a0partecipare alla gara di evidenza pubblica che doveva \u00a0essere espletata dalle FF.SS.<\/p>\n<p>L\u2019Amministrazione Scullino ha avuto il grande merito, che nessuno potr\u00e0 nascondere, di creare questa grande opportunit\u00e0 per Ventimiglia: raggiungere e sottoscrivere un accordo quadro con il Gruppo Ferrovie dello Stato, la Regione Liguria e la Provincia di Imperia, alla presenza dell\u2019allora Ministro allo Sviluppo Economico, On.le Claudio Scajola, per la riqualificazione ed il recupero delle aree dismesse o dismettibili delle Ferrovie e quindi creare un polo attrattivo di particolare interesse per vari colossi industriali e non.<\/p>\n<p>La burocrazia e l\u2019elefantiaca dimensione del Gruppo Ferrovie dello stato, nonch\u00e9 le normali difficolt\u00e0 di un progetto cos\u2019 ambizioso, ha ritardato l\u2019iter attuativo, ma non l\u2019ha fermato. Il Prefetto, Dott. Giovanni Bruno, a capo della Commissione straordinaria che oggi governa Ventimiglia, \u00a0lo ha ripreso e lo sta \u2013 cos\u00ec dicono i giornali \u2013 portando avanti nel modo che lui ritiene migliore. Nel 2011 abbiamo avuto la grande idea, per velocizzare, di concordare con le Ferrovie e con la Regione di \u00a0mettere in gara non la vendita delle aree ma la concessione del diritto di superficie. Una grande idea che consentiva di superare l\u2019altro enorme ostacolo burocratico sulla possibilit\u00e0 di utilizzare le aree demaniale in concessione (e non in propriet\u00e0) delle Ferrovie. Ben ha fatto quindi \u00a0il Prefetto Bruno, unitamente a tutti gli altri Enti interessati, \u00a0a proseguire il progetto e speriamo che non si dimentichi che di pari passo deve andare avanti anche il progetto della nuova tangenziale (la cos\u00ec detta Tanovia). Noi avevamo legato i due destini perch\u00e9 temevamo che le Ferrovie una volta ottenuta la possibilit\u00e0 di riqualificare il Parco Roja (la parte pi\u00f9 appetibile) creasse difficolt\u00e0 sulle altre aree. Ventimiglia non pu\u00f2 permettersi la creazione di una nuova area produttiva senza migliorare la sua viabilit\u00e0. Ventimiglia non pu\u00f2 accontentarsi solo degli oneri di urbanizzazione comunque dovuti, deve chiedere di pi\u00f9, deve ottenere \u00a0maggiori risorse economiche a vantaggio di importanti opere pubbliche (viabilit\u00e0, parcheggi, verde pubblico, ecc.).<\/p>\n<p>Cos\u00ec la pensavamo noi, ma oggi sono altri che hanno la responsabilit\u00e0 di amministrare Ventimiglia e noi ci rimettiamo a loro, riservandoci solo il diritto di critica ma costruttivo e intellettualmente corretto.<\/p>\n<p>17 aprile 2013 \u2013 Gaetano Scullino<\/p>\n\t<div class=\"quickshare-container\">\r\n\t<ul class=\"quickshare-text qs-genericons quickshare-small\">\r\n\t\t<li class=\"quickshare-share\">Condividi :<\/li> \r\n\t\t<li><a href=\"https:\/\/facebook.com\/sharer.php?u=https%3A%2F%2Fwww.ventimigliablog.it%2Fblog%2Fikea-aree-ferroviarie-viabilita-e-parcheggi-critichiamo-ma-in-modo-intellettualmente-corretto%2F&amp;t=IKEA%2C+aree+ferroviarie%2C+viabilit%C3%A0+e+parcheggi%3A+critichiamo+ma+in+modo+intellettualmente+corretto.+<+Ventimigliablog\" target=\"_blank\" title=\"Share on Facebook\"><span class=\"quickshare-facebook\">Facebook<\/span><\/a><\/li>\t\t<li><a href=\"https:\/\/twitter.com\/intent\/tweet?url=https%3A%2F%2Fwww.ventimigliablog.it%2Fblog%2Fikea-aree-ferroviarie-viabilita-e-parcheggi-critichiamo-ma-in-modo-intellettualmente-corretto%2F&amp;text=IKEA%2C+aree+ferroviarie%2C+viabilit%C3%A0+e+parcheggi%3A+critichiamo+ma+in+modo+intellettualmente+corretto.+<+Ventimigliablog\" target=\"_blank\" title=\"Share on Twitter\"><span class=\"quickshare-twitter\">Twitter<\/span><\/a><\/li>\t\t\t\t\t\t<li><a href=\"https:\/\/plus.google.com\/share?url=https%3A%2F%2Fwww.ventimigliablog.it%2Fblog%2Fikea-aree-ferroviarie-viabilita-e-parcheggi-critichiamo-ma-in-modo-intellettualmente-corretto%2F\" target=\"_blank\" title=\"Share on Google+\"><span class=\"quickshare-googleplus\">Google+<\/span><\/a><\/li>\t\t\t\t\t\t\t\t<li><a href=\"mailto:?subject=Ventimigliablog:+IKEA%2C+aree+ferroviarie%2C+viabilit%C3%A0+e+parcheggi%3A+critichiamo+ma+in+modo+intellettualmente+corretto.&amp;body=https%3A%2F%2Fwww.ventimigliablog.it%2Fblog%2Fikea-aree-ferroviarie-viabilita-e-parcheggi-critichiamo-ma-in-modo-intellettualmente-corretto%2F\" target=\"_blank\" title=\"Share via Email\"><span class=\"quickshare-email\">Email<\/span><\/a><\/li>\t<\/ul>\r\n\t<\/div>\r\n","protected":false},"excerpt":{"rendered":"<p>In questi giorni si parla della perdita (quasi certa) dell\u2019IKEA. Ne parlano i giornali e quindi ne parla la gente. Alcuni ex politici hanno colto anche la palla al balzo per tentare di attribuire colpe all\u2019ex amministrazione. Davvero incredibile vedere &hellip; <a href=\"https:\/\/www.ventimigliablog.it\/blog\/ikea-aree-ferroviarie-viabilita-e-parcheggi-critichiamo-ma-in-modo-intellettualmente-corretto\/\">Continua a leggere<span class=\"meta-nav\">&rarr;<\/span><\/a><\/p>\n","protected":false},"author":10,"featured_media":0,"comment_status":"open","ping_status":"closed","sticky":false,"template":"","format":"standard","meta":{"ngg_post_thumbnail":0,"footnotes":""},"categories":[3,1,6],"tags":[],"_links":{"self":[{"href":"https:\/\/www.ventimigliablog.it\/blog\/wp-json\/wp\/v2\/posts\/1112"}],"collection":[{"href":"https:\/\/www.ventimigliablog.it\/blog\/wp-json\/wp\/v2\/posts"}],"about":[{"href":"https:\/\/www.ventimigliablog.it\/blog\/wp-json\/wp\/v2\/types\/post"}],"author":[{"embeddable":true,"href":"https:\/\/www.ventimigliablog.it\/blog\/wp-json\/wp\/v2\/users\/10"}],"replies":[{"embeddable":true,"href":"https:\/\/www.ventimigliablog.it\/blog\/wp-json\/wp\/v2\/comments?post=1112"}],"version-history":[{"count":0,"href":"https:\/\/www.ventimigliablog.it\/blog\/wp-json\/wp\/v2\/posts\/1112\/revisions"}],"wp:attachment":[{"href":"https:\/\/www.ventimigliablog.it\/blog\/wp-json\/wp\/v2\/media?parent=1112"}],"wp:term":[{"taxonomy":"category","embeddable":true,"href":"https:\/\/www.ventimigliablog.it\/blog\/wp-json\/wp\/v2\/categories?post=1112"},{"taxonomy":"post_tag","embeddable":true,"href":"https:\/\/www.ventimigliablog.it\/blog\/wp-json\/wp\/v2\/tags?post=1112"}],"curies":[{"name":"wp","href":"https:\/\/api.w.org\/{rel}","templated":true}]}}