{"id":1118,"date":"2013-04-21T09:34:04","date_gmt":"2013-04-21T07:34:04","guid":{"rendered":"http:\/\/www.ventimigliablog.it\/blog\/?p=1118"},"modified":"2013-07-11T13:47:06","modified_gmt":"2013-07-11T11:47:06","slug":"marcia-su-roma","status":"publish","type":"post","link":"https:\/\/www.ventimigliablog.it\/blog\/marcia-su-roma\/","title":{"rendered":"Marcia su Roma."},"content":{"rendered":"<p>Nel pomeriggio partir\u00f2 per Roma, ma non per la marcia di Grillo. Torno nella mia vecchia universit\u00e0 a insegnare ai giovani studenti della facolt\u00e0 di economia un p\u00f2 di marketing. Mi piace fare esempi quando spiego. Potr\u00f2 prendere un sacco di spunti dai nostri partiti politici, dai nostri blogger, dai nostri giornali, da chi urla, da chi si inventa la mafia per eliminare l&#8217;avversario politico, da chi, a forza di &#8220;comunicazione&#8221; sta rovinando il nostro paese e le nostre citt\u00e0. Ogni forza politica ed ogni movimento sta confondendo il &#8220;prodotto&#8221; con la &#8220;comunicazione&#8221; e, mentre ci urliamo slogan a vicenda e applaudiamo i nostri successi nel cambiare le nostre strategie acchiappa-voti, gli altri intorno a noi &#8211; le altre citt\u00e0 e gli altri stati &#8211; innovano il prodotto e ci annientano nella competizione locale e globale.<!--more--><\/p>\n<p>Da quanto non si sente parlare del prodotto &#8220;Citt\u00e0 di Ventimiglia&#8221;? Da quanto tempo ci piace pensarla triste e mafiosa al posto di sognarla nel suo futuro ecologico, senza traffico, bella come mamma natura l&#8217;ha fatta?<\/p>\n<p>P.s. Sono rimasto in Via Cavour per un p\u00f2 di tempo, ieri, ammirando l&#8217;inizio della prima opera post-Scullino per questa Citt\u00e0. Sono passati 14 mesi. Non ho retto e mi sono commosso.<\/p>\n<p>21 Aprile 2013 &#8211; Albino Dicerto<\/p>\n<p>&nbsp;<\/p>\n<p>&nbsp;<\/p>\n<p>&nbsp;<\/p>\n\t<div class=\"quickshare-container\">\r\n\t<ul class=\"quickshare-text qs-genericons quickshare-small\">\r\n\t\t<li class=\"quickshare-share\">Condividi :<\/li> \r\n\t\t<li><a href=\"https:\/\/facebook.com\/sharer.php?u=https%3A%2F%2Fwww.ventimigliablog.it%2Fblog%2Fmarcia-su-roma%2F&amp;t=Marcia+su+Roma.+<+Ventimigliablog\" target=\"_blank\" title=\"Share on Facebook\"><span class=\"quickshare-facebook\">Facebook<\/span><\/a><\/li>\t\t<li><a href=\"https:\/\/twitter.com\/intent\/tweet?url=https%3A%2F%2Fwww.ventimigliablog.it%2Fblog%2Fmarcia-su-roma%2F&amp;text=Marcia+su+Roma.+<+Ventimigliablog\" target=\"_blank\" title=\"Share on Twitter\"><span class=\"quickshare-twitter\">Twitter<\/span><\/a><\/li>\t\t\t\t\t\t<li><a href=\"https:\/\/plus.google.com\/share?url=https%3A%2F%2Fwww.ventimigliablog.it%2Fblog%2Fmarcia-su-roma%2F\" target=\"_blank\" title=\"Share on Google+\"><span class=\"quickshare-googleplus\">Google+<\/span><\/a><\/li>\t\t\t\t\t\t\t\t<li><a href=\"mailto:?subject=Ventimigliablog:+Marcia+su+Roma.&amp;body=https%3A%2F%2Fwww.ventimigliablog.it%2Fblog%2Fmarcia-su-roma%2F\" target=\"_blank\" title=\"Share via Email\"><span class=\"quickshare-email\">Email<\/span><\/a><\/li>\t<\/ul>\r\n\t<\/div>\r\n","protected":false},"excerpt":{"rendered":"<p>Nel pomeriggio partir\u00f2 per Roma, ma non per la marcia di Grillo. Torno nella mia vecchia universit\u00e0 a insegnare ai giovani studenti della facolt\u00e0 di economia un p\u00f2 di marketing. Mi piace fare esempi quando spiego. Potr\u00f2 prendere un sacco &hellip; <a href=\"https:\/\/www.ventimigliablog.it\/blog\/marcia-su-roma\/\">Continua a leggere<span class=\"meta-nav\">&rarr;<\/span><\/a><\/p>\n","protected":false},"author":12,"featured_media":0,"comment_status":"open","ping_status":"closed","sticky":false,"template":"","format":"standard","meta":{"ngg_post_thumbnail":0,"footnotes":""},"categories":[1],"tags":[],"_links":{"self":[{"href":"https:\/\/www.ventimigliablog.it\/blog\/wp-json\/wp\/v2\/posts\/1118"}],"collection":[{"href":"https:\/\/www.ventimigliablog.it\/blog\/wp-json\/wp\/v2\/posts"}],"about":[{"href":"https:\/\/www.ventimigliablog.it\/blog\/wp-json\/wp\/v2\/types\/post"}],"author":[{"embeddable":true,"href":"https:\/\/www.ventimigliablog.it\/blog\/wp-json\/wp\/v2\/users\/12"}],"replies":[{"embeddable":true,"href":"https:\/\/www.ventimigliablog.it\/blog\/wp-json\/wp\/v2\/comments?post=1118"}],"version-history":[{"count":0,"href":"https:\/\/www.ventimigliablog.it\/blog\/wp-json\/wp\/v2\/posts\/1118\/revisions"}],"wp:attachment":[{"href":"https:\/\/www.ventimigliablog.it\/blog\/wp-json\/wp\/v2\/media?parent=1118"}],"wp:term":[{"taxonomy":"category","embeddable":true,"href":"https:\/\/www.ventimigliablog.it\/blog\/wp-json\/wp\/v2\/categories?post=1118"},{"taxonomy":"post_tag","embeddable":true,"href":"https:\/\/www.ventimigliablog.it\/blog\/wp-json\/wp\/v2\/tags?post=1118"}],"curies":[{"name":"wp","href":"https:\/\/api.w.org\/{rel}","templated":true}]}}