{"id":1127,"date":"2013-04-22T13:46:55","date_gmt":"2013-04-22T11:46:55","guid":{"rendered":"http:\/\/www.ventimigliablog.it\/blog\/?p=1127"},"modified":"2013-07-11T13:48:36","modified_gmt":"2013-07-11T11:48:36","slug":"quirinale-oggi-alle-17-il-giuramento-di-napolitano","status":"publish","type":"post","link":"https:\/\/www.ventimigliablog.it\/blog\/quirinale-oggi-alle-17-il-giuramento-di-napolitano\/","title":{"rendered":"Quirinale, oggi alle 17 il giuramento di Napolitano"},"content":{"rendered":"<div>\n<p>Si aprir\u00e0 ufficialmente alle 17 di oggi il nuovo settennato di Giorgio Napolitano, con il pronunciamento del giuramento di fedelt\u00e0 alla Repubblica e alla Costituzione. Una cerimonia che il capo dello Stato ha voluto pi\u00f9 sobria rispetto al passato, ma che segue comunque un rigido protocollo. Napolitano partir\u00e0 dal Quirinale e arriver\u00e0 a Montecitorio a bordo di un\u2019auto della presidenza della Repubblica. Per tutta la durata del tragitto alla Camera verr\u00e0 suonata la campana maggiore. <!--more-->Qui Napolitano sar\u00e0 ricevuto dai presidenti di Camera e Senato, Laura Boldrini e Piero Grasso e in apertura di seduta pronuncer\u00e0 il giuramento, mentre la campana torner\u00e0 a suonare e verranno sparati 21 colpi di cannone a salve. Dopodich\u00e9 il presidente parler\u00e0 alla nazione. Al termine del suo messaggio la seduta comune delle due camere terminer\u00e0 e Napolitano incontrer\u00e0 prima Mario Monti e poi in piazza Montecitorio ascolter\u00e0 l\u2019inno d\u2019Italia tra gli onori dei corazzieri in alta uniforme. Dopo gli omaggi al Milite ignoto, Napolitano torna al Quirinale per i tradizionali discorsi.<\/p>\n<p>22 aprile 2013 &#8211; LaPresse\u00a0\u00a0<a href=\"http:\/\/www.lapresse.it\/video\/politica\/quirinale-oggi-alle-17-il-giuramento-di-napolitano-1.320419\">http:\/\/www.lapresse.it\/video\/politica\/quirinale-oggi-alle-17-il-giuramento-di-napolitano-1.320419<\/a><\/p>\n<\/div>\n\t<div class=\"quickshare-container\">\r\n\t<ul class=\"quickshare-text qs-genericons quickshare-small\">\r\n\t\t<li class=\"quickshare-share\">Condividi :<\/li> \r\n\t\t<li><a href=\"https:\/\/facebook.com\/sharer.php?u=https%3A%2F%2Fwww.ventimigliablog.it%2Fblog%2Fquirinale-oggi-alle-17-il-giuramento-di-napolitano%2F&amp;t=Quirinale%2C+oggi+alle+17+il+giuramento+di+Napolitano+<+Ventimigliablog\" target=\"_blank\" title=\"Share on Facebook\"><span class=\"quickshare-facebook\">Facebook<\/span><\/a><\/li>\t\t<li><a href=\"https:\/\/twitter.com\/intent\/tweet?url=https%3A%2F%2Fwww.ventimigliablog.it%2Fblog%2Fquirinale-oggi-alle-17-il-giuramento-di-napolitano%2F&amp;text=Quirinale%2C+oggi+alle+17+il+giuramento+di+Napolitano+<+Ventimigliablog\" target=\"_blank\" title=\"Share on Twitter\"><span class=\"quickshare-twitter\">Twitter<\/span><\/a><\/li>\t\t\t\t\t\t<li><a href=\"https:\/\/plus.google.com\/share?url=https%3A%2F%2Fwww.ventimigliablog.it%2Fblog%2Fquirinale-oggi-alle-17-il-giuramento-di-napolitano%2F\" target=\"_blank\" title=\"Share on Google+\"><span class=\"quickshare-googleplus\">Google+<\/span><\/a><\/li>\t\t\t\t\t\t\t\t<li><a href=\"mailto:?subject=Ventimigliablog:+Quirinale%2C+oggi+alle+17+il+giuramento+di+Napolitano&amp;body=https%3A%2F%2Fwww.ventimigliablog.it%2Fblog%2Fquirinale-oggi-alle-17-il-giuramento-di-napolitano%2F\" target=\"_blank\" title=\"Share via Email\"><span class=\"quickshare-email\">Email<\/span><\/a><\/li>\t<\/ul>\r\n\t<\/div>\r\n","protected":false},"excerpt":{"rendered":"<p>Si aprir\u00e0 ufficialmente alle 17 di oggi il nuovo settennato di Giorgio Napolitano, con il pronunciamento del giuramento di fedelt\u00e0 alla Repubblica e alla Costituzione. Una cerimonia che il capo dello Stato ha voluto pi\u00f9 sobria rispetto al passato, ma &hellip; <a href=\"https:\/\/www.ventimigliablog.it\/blog\/quirinale-oggi-alle-17-il-giuramento-di-napolitano\/\">Continua a leggere<span class=\"meta-nav\">&rarr;<\/span><\/a><\/p>\n","protected":false},"author":10,"featured_media":0,"comment_status":"open","ping_status":"closed","sticky":false,"template":"","format":"standard","meta":{"ngg_post_thumbnail":0,"footnotes":""},"categories":[3],"tags":[],"_links":{"self":[{"href":"https:\/\/www.ventimigliablog.it\/blog\/wp-json\/wp\/v2\/posts\/1127"}],"collection":[{"href":"https:\/\/www.ventimigliablog.it\/blog\/wp-json\/wp\/v2\/posts"}],"about":[{"href":"https:\/\/www.ventimigliablog.it\/blog\/wp-json\/wp\/v2\/types\/post"}],"author":[{"embeddable":true,"href":"https:\/\/www.ventimigliablog.it\/blog\/wp-json\/wp\/v2\/users\/10"}],"replies":[{"embeddable":true,"href":"https:\/\/www.ventimigliablog.it\/blog\/wp-json\/wp\/v2\/comments?post=1127"}],"version-history":[{"count":0,"href":"https:\/\/www.ventimigliablog.it\/blog\/wp-json\/wp\/v2\/posts\/1127\/revisions"}],"wp:attachment":[{"href":"https:\/\/www.ventimigliablog.it\/blog\/wp-json\/wp\/v2\/media?parent=1127"}],"wp:term":[{"taxonomy":"category","embeddable":true,"href":"https:\/\/www.ventimigliablog.it\/blog\/wp-json\/wp\/v2\/categories?post=1127"},{"taxonomy":"post_tag","embeddable":true,"href":"https:\/\/www.ventimigliablog.it\/blog\/wp-json\/wp\/v2\/tags?post=1127"}],"curies":[{"name":"wp","href":"https:\/\/api.w.org\/{rel}","templated":true}]}}