{"id":1135,"date":"2013-04-24T13:56:04","date_gmt":"2013-04-24T11:56:04","guid":{"rendered":"http:\/\/www.ventimigliablog.it\/blog\/?p=1135"},"modified":"2013-07-11T13:49:16","modified_gmt":"2013-07-11T11:49:16","slug":"un-governo-di-servizio-per-il-paese","status":"publish","type":"post","link":"https:\/\/www.ventimigliablog.it\/blog\/un-governo-di-servizio-per-il-paese\/","title":{"rendered":"Un governo di servizio per il Paese."},"content":{"rendered":"<p>Un titolo che \u00e8 gi\u00e0 un programma. Adesso il Presidente incaricato, Enrico Letta, deve riuscire a dare seguito alle intenzioni che tutti paiono condividere. Serve un esecutivo forte con il sostegno convinto del Pdl e, \u00a0se riescono, del Pd.<!--more--> Si pu\u00f2 fare e si possono in \u00a0breve tempo attuare le riforme necessarie per avviare il rilancio della nostra Italia. Non importa se Sel e Grillo rimangono all&#8217;opposizione, anzi \u00e8 salutare che ci sia chi controlli e chi dia una versione diversa delle cose. Sarebbe importante se l&#8217;opposizione fosse costruttiva e non solo ideologica e faziosa, ma tutto non si pu\u00f2 aspettare che succeda.<\/p>\n<p>Se le lotte di potere e i personalismi consentiranno di riavviare il Paese gi\u00e0 potremmo accontentarci e poi, a riforme fatte, compresa quella elettorale, possiamo anche tornare al voto. Non \u00e8 pi\u00f9 cos\u00ec facile prendere in giro gli elettori. Vogliamo i fatti e non solo parole.<\/p>\n<p>24 aprile 2013 &#8211; Marco Prestileo<\/p>\n\t<div class=\"quickshare-container\">\r\n\t<ul class=\"quickshare-text qs-genericons quickshare-small\">\r\n\t\t<li class=\"quickshare-share\">Condividi :<\/li> \r\n\t\t<li><a href=\"https:\/\/facebook.com\/sharer.php?u=https%3A%2F%2Fwww.ventimigliablog.it%2Fblog%2Fun-governo-di-servizio-per-il-paese%2F&amp;t=Un+governo+di+servizio+per+il+Paese.+<+Ventimigliablog\" target=\"_blank\" title=\"Share on Facebook\"><span class=\"quickshare-facebook\">Facebook<\/span><\/a><\/li>\t\t<li><a href=\"https:\/\/twitter.com\/intent\/tweet?url=https%3A%2F%2Fwww.ventimigliablog.it%2Fblog%2Fun-governo-di-servizio-per-il-paese%2F&amp;text=Un+governo+di+servizio+per+il+Paese.+<+Ventimigliablog\" target=\"_blank\" title=\"Share on Twitter\"><span class=\"quickshare-twitter\">Twitter<\/span><\/a><\/li>\t\t\t\t\t\t<li><a href=\"https:\/\/plus.google.com\/share?url=https%3A%2F%2Fwww.ventimigliablog.it%2Fblog%2Fun-governo-di-servizio-per-il-paese%2F\" target=\"_blank\" title=\"Share on Google+\"><span class=\"quickshare-googleplus\">Google+<\/span><\/a><\/li>\t\t\t\t\t\t\t\t<li><a href=\"mailto:?subject=Ventimigliablog:+Un+governo+di+servizio+per+il+Paese.&amp;body=https%3A%2F%2Fwww.ventimigliablog.it%2Fblog%2Fun-governo-di-servizio-per-il-paese%2F\" target=\"_blank\" title=\"Share via Email\"><span class=\"quickshare-email\">Email<\/span><\/a><\/li>\t<\/ul>\r\n\t<\/div>\r\n","protected":false},"excerpt":{"rendered":"<p>Un titolo che \u00e8 gi\u00e0 un programma. Adesso il Presidente incaricato, Enrico Letta, deve riuscire a dare seguito alle intenzioni che tutti paiono condividere. Serve un esecutivo forte con il sostegno convinto del Pdl e, \u00a0se riescono, del Pd.<\/p>\n","protected":false},"author":10,"featured_media":0,"comment_status":"open","ping_status":"closed","sticky":false,"template":"","format":"standard","meta":{"ngg_post_thumbnail":0,"footnotes":""},"categories":[3,6],"tags":[],"_links":{"self":[{"href":"https:\/\/www.ventimigliablog.it\/blog\/wp-json\/wp\/v2\/posts\/1135"}],"collection":[{"href":"https:\/\/www.ventimigliablog.it\/blog\/wp-json\/wp\/v2\/posts"}],"about":[{"href":"https:\/\/www.ventimigliablog.it\/blog\/wp-json\/wp\/v2\/types\/post"}],"author":[{"embeddable":true,"href":"https:\/\/www.ventimigliablog.it\/blog\/wp-json\/wp\/v2\/users\/10"}],"replies":[{"embeddable":true,"href":"https:\/\/www.ventimigliablog.it\/blog\/wp-json\/wp\/v2\/comments?post=1135"}],"version-history":[{"count":0,"href":"https:\/\/www.ventimigliablog.it\/blog\/wp-json\/wp\/v2\/posts\/1135\/revisions"}],"wp:attachment":[{"href":"https:\/\/www.ventimigliablog.it\/blog\/wp-json\/wp\/v2\/media?parent=1135"}],"wp:term":[{"taxonomy":"category","embeddable":true,"href":"https:\/\/www.ventimigliablog.it\/blog\/wp-json\/wp\/v2\/categories?post=1135"},{"taxonomy":"post_tag","embeddable":true,"href":"https:\/\/www.ventimigliablog.it\/blog\/wp-json\/wp\/v2\/tags?post=1135"}],"curies":[{"name":"wp","href":"https:\/\/api.w.org\/{rel}","templated":true}]}}