{"id":1139,"date":"2013-04-24T19:24:06","date_gmt":"2013-04-24T17:24:06","guid":{"rendered":"http:\/\/www.ventimigliablog.it\/blog\/?p=1139"},"modified":"2013-07-11T13:49:46","modified_gmt":"2013-07-11T11:49:46","slug":"il-mio-25-aprile","status":"publish","type":"post","link":"https:\/\/www.ventimigliablog.it\/blog\/il-mio-25-aprile\/","title":{"rendered":"Il mio 25 aprile."},"content":{"rendered":"<p>Come ogni anno, sar\u00f2 presente ai festeggiamenti \u00a0ventimigliesi del 25 aprile. Ricordo mirabolanti viaggi fatti da tutti i posti del mondo in cui mi trovavo pur di non perdere quest\u2019avvenimento nella mia citt\u00e0. In prima fila, silenzioso come tutti i (pochi) cittadini ventimigliesi, con il solo scopo di celebrare i nostri padri morti per un ideale. Il 25 aprile, non mi vergogno a dirlo, per me \u00e8 diventata la festa dei partigiani, dei fascisti e dei nazisti.<!--more--> Non mi sento in grado di sbilanciarmi, come facevo da giovane, per un ideale o per l\u2019altro. E\u2019 troppo facile pensare che i partigiani fossero i buoni e fascisti fossero i cattivi, \u00e8 un\u2019esemplificazione che non posso permettermi. L\u2019ho capito solo crescendo. Cos\u00ec come crescendo ho sentito sempre di pi\u00f9 il distacco della mia generazione da quelle generazioni in lotta per un ideale, giusto o meno giusto (o sbagliato) che fosse. E allora, da qualche anno, il mio essere presente al 25 aprile Ventimigliese \u00e8 diventato la celebrazione di eroi. Eroe \u00e8 per me colui che combatte per un ideale.<\/p>\n<p>Il 25 aprile \u00e8 diventato per me un momento di riflessione sulle distanze siderali che dividono la nostra politica, anche quella locale, da quella dell\u2019epoca. Leggendo delle piccole ripicche sui blog, dei meschini tentativi di screditare l\u2019avversario con le mezze verit\u00e0, sfogliando i giornali e trovando solo gossip politico, ho temuto di essere diventato anche io parte di quel sistema: una persona senza idee, senza un sogno se non quello di soddisfare il mio ego, ricoprendo cariche, aumentando gli zeri del mio conto corrente.<\/p>\n<p>Quest\u2019anno, il partecipare al corteo del 25 aprile per me sar\u00e0 diverso: sar\u00e0 il tentativo di ricordare che gli ideali, giusti o sbagliati, hanno portato le persone a dare la propria vita con serenit\u00e0, nel tentativo di creare un mondo migliore, di raggiungere un sogno. Il 25 aprile sar\u00e0 per me un momento di riflessione, su ci\u00f2 che sarei disposto a fare io per avere una citt\u00e0 e un mondo migliore da consegnare a chi verr\u00e0 dopo di me. Prima di alzarmi un mattino e \u201ctrovare l\u2019invasor\u201d&#8230;<\/p>\n<p>24 aprile 2013 &#8211; Albino Dicerto<\/p>\n\t<div class=\"quickshare-container\">\r\n\t<ul class=\"quickshare-text qs-genericons quickshare-small\">\r\n\t\t<li class=\"quickshare-share\">Condividi :<\/li> \r\n\t\t<li><a href=\"https:\/\/facebook.com\/sharer.php?u=https%3A%2F%2Fwww.ventimigliablog.it%2Fblog%2Fil-mio-25-aprile%2F&amp;t=Il+mio+25+aprile.+<+Ventimigliablog\" target=\"_blank\" title=\"Share on Facebook\"><span class=\"quickshare-facebook\">Facebook<\/span><\/a><\/li>\t\t<li><a href=\"https:\/\/twitter.com\/intent\/tweet?url=https%3A%2F%2Fwww.ventimigliablog.it%2Fblog%2Fil-mio-25-aprile%2F&amp;text=Il+mio+25+aprile.+<+Ventimigliablog\" target=\"_blank\" title=\"Share on Twitter\"><span class=\"quickshare-twitter\">Twitter<\/span><\/a><\/li>\t\t\t\t\t\t<li><a href=\"https:\/\/plus.google.com\/share?url=https%3A%2F%2Fwww.ventimigliablog.it%2Fblog%2Fil-mio-25-aprile%2F\" target=\"_blank\" title=\"Share on Google+\"><span class=\"quickshare-googleplus\">Google+<\/span><\/a><\/li>\t\t\t\t\t\t\t\t<li><a href=\"mailto:?subject=Ventimigliablog:+Il+mio+25+aprile.&amp;body=https%3A%2F%2Fwww.ventimigliablog.it%2Fblog%2Fil-mio-25-aprile%2F\" target=\"_blank\" title=\"Share via Email\"><span class=\"quickshare-email\">Email<\/span><\/a><\/li>\t<\/ul>\r\n\t<\/div>\r\n","protected":false},"excerpt":{"rendered":"<p>Come ogni anno, sar\u00f2 presente ai festeggiamenti \u00a0ventimigliesi del 25 aprile. Ricordo mirabolanti viaggi fatti da tutti i posti del mondo in cui mi trovavo pur di non perdere quest\u2019avvenimento nella mia citt\u00e0. In prima fila, silenzioso come tutti i &hellip; <a href=\"https:\/\/www.ventimigliablog.it\/blog\/il-mio-25-aprile\/\">Continua a leggere<span class=\"meta-nav\">&rarr;<\/span><\/a><\/p>\n","protected":false},"author":12,"featured_media":0,"comment_status":"open","ping_status":"closed","sticky":false,"template":"","format":"standard","meta":{"ngg_post_thumbnail":0,"footnotes":""},"categories":[1],"tags":[],"_links":{"self":[{"href":"https:\/\/www.ventimigliablog.it\/blog\/wp-json\/wp\/v2\/posts\/1139"}],"collection":[{"href":"https:\/\/www.ventimigliablog.it\/blog\/wp-json\/wp\/v2\/posts"}],"about":[{"href":"https:\/\/www.ventimigliablog.it\/blog\/wp-json\/wp\/v2\/types\/post"}],"author":[{"embeddable":true,"href":"https:\/\/www.ventimigliablog.it\/blog\/wp-json\/wp\/v2\/users\/12"}],"replies":[{"embeddable":true,"href":"https:\/\/www.ventimigliablog.it\/blog\/wp-json\/wp\/v2\/comments?post=1139"}],"version-history":[{"count":0,"href":"https:\/\/www.ventimigliablog.it\/blog\/wp-json\/wp\/v2\/posts\/1139\/revisions"}],"wp:attachment":[{"href":"https:\/\/www.ventimigliablog.it\/blog\/wp-json\/wp\/v2\/media?parent=1139"}],"wp:term":[{"taxonomy":"category","embeddable":true,"href":"https:\/\/www.ventimigliablog.it\/blog\/wp-json\/wp\/v2\/categories?post=1139"},{"taxonomy":"post_tag","embeddable":true,"href":"https:\/\/www.ventimigliablog.it\/blog\/wp-json\/wp\/v2\/tags?post=1139"}],"curies":[{"name":"wp","href":"https:\/\/api.w.org\/{rel}","templated":true}]}}