{"id":1155,"date":"2013-04-27T12:16:35","date_gmt":"2013-04-27T10:16:35","guid":{"rendered":"http:\/\/www.ventimigliablog.it\/blog\/?p=1155"},"modified":"2013-07-11T13:50:26","modified_gmt":"2013-07-11T11:50:26","slug":"guardando-il-mondo-dal-mio-scooter","status":"publish","type":"post","link":"https:\/\/www.ventimigliablog.it\/blog\/guardando-il-mondo-dal-mio-scooter\/","title":{"rendered":"Guardando il mondo dal mio scooter&#8230;"},"content":{"rendered":"<p>Da quando sono stato esiliato in Valle Armea, (una storiaccia, pare che con una mia unica performance sia stato in grado di rendermi antipatico a gruppi sparsi di burocrati di primissimo piano, con annessi consulenti toscani e chiss\u00e0 chi altro) passo moltissimo tempo in scooter e ho meno tempo di prima di occuparmi dell&#8217;interessantissima lettura dei giornali locali. <!--more-->Leggo le locandine, sfrecciando a mille all&#8217;ora per la Via Aurelia, mentre penso ai fatti miei, scansando cani, gatti e buche. Le buche che ricoprono il manto stradale della citt\u00e0 sono talmente grandi che a volte, scansandone una, scanso anche il cane e il gatto che ci dorme dentro. Parlo da solo, nel mio casco. A volte dico delle cose talmente interessanti che mi riprometto di scrivermele non appena arrivato a casa. Oggi mi son detto: arrivo a casa e questa cosa interessantissima la scrivo sul blog. Boh, io mica mi ricordo cosa dovevo scrivere&#8230; Ricordo che c&#8217;entrava sicuramente con 1,2 milioni di Euro trovati casualmente nel bilancio della citt\u00e0 di Ventimiglia. Se cercano meglio secondo me trovano anche i soldi per asfaltare i lati di Via Cavour.<\/p>\n<p>In ogni caso, ora che questi soldi li abbiamo ritrovati, c&#8217;\u00e8 qualcuno che ha anche idea di come spenderli? Mentre gli altri blog continuano a cercare argomenti che alimentino il monologo monotematico dal titolo &#8220;che brutta la mia citt\u00e0 tutta mafiosa&#8221; sostenuto dalla prova che la &#8220;mafia \u00e8 ovvio che c&#8217;\u00e8 perch\u00e9 \u00e8 una cosa che si sa&#8221;, quali sono le priorit\u00e0 di Ventimiglia? Quale la seconda opera da mettere in campo dopo la striscia di asfalto intermittente di Via Cavour?<\/p>\n<p>27 aprile 2013 &#8211; Albino Dicerto<\/p>\n<p>&nbsp;<\/p>\n<p>&nbsp;<\/p>\n\t<div class=\"quickshare-container\">\r\n\t<ul class=\"quickshare-text qs-genericons quickshare-small\">\r\n\t\t<li class=\"quickshare-share\">Condividi :<\/li> \r\n\t\t<li><a href=\"https:\/\/facebook.com\/sharer.php?u=https%3A%2F%2Fwww.ventimigliablog.it%2Fblog%2Fguardando-il-mondo-dal-mio-scooter%2F&amp;t=Guardando+il+mondo+dal+mio+scooter%26%238230%3B+<+Ventimigliablog\" target=\"_blank\" title=\"Share on Facebook\"><span class=\"quickshare-facebook\">Facebook<\/span><\/a><\/li>\t\t<li><a href=\"https:\/\/twitter.com\/intent\/tweet?url=https%3A%2F%2Fwww.ventimigliablog.it%2Fblog%2Fguardando-il-mondo-dal-mio-scooter%2F&amp;text=Guardando+il+mondo+dal+mio+scooter%26%238230%3B+<+Ventimigliablog\" target=\"_blank\" title=\"Share on Twitter\"><span class=\"quickshare-twitter\">Twitter<\/span><\/a><\/li>\t\t\t\t\t\t<li><a href=\"https:\/\/plus.google.com\/share?url=https%3A%2F%2Fwww.ventimigliablog.it%2Fblog%2Fguardando-il-mondo-dal-mio-scooter%2F\" target=\"_blank\" title=\"Share on Google+\"><span class=\"quickshare-googleplus\">Google+<\/span><\/a><\/li>\t\t\t\t\t\t\t\t<li><a href=\"mailto:?subject=Ventimigliablog:+Guardando+il+mondo+dal+mio+scooter%26%238230%3B&amp;body=https%3A%2F%2Fwww.ventimigliablog.it%2Fblog%2Fguardando-il-mondo-dal-mio-scooter%2F\" target=\"_blank\" title=\"Share via Email\"><span class=\"quickshare-email\">Email<\/span><\/a><\/li>\t<\/ul>\r\n\t<\/div>\r\n","protected":false},"excerpt":{"rendered":"<p>Da quando sono stato esiliato in Valle Armea, (una storiaccia, pare che con una mia unica performance sia stato in grado di rendermi antipatico a gruppi sparsi di burocrati di primissimo piano, con annessi consulenti toscani e chiss\u00e0 chi altro) &hellip; <a href=\"https:\/\/www.ventimigliablog.it\/blog\/guardando-il-mondo-dal-mio-scooter\/\">Continua a leggere<span class=\"meta-nav\">&rarr;<\/span><\/a><\/p>\n","protected":false},"author":12,"featured_media":0,"comment_status":"open","ping_status":"closed","sticky":false,"template":"","format":"standard","meta":{"ngg_post_thumbnail":0,"footnotes":""},"categories":[1],"tags":[],"_links":{"self":[{"href":"https:\/\/www.ventimigliablog.it\/blog\/wp-json\/wp\/v2\/posts\/1155"}],"collection":[{"href":"https:\/\/www.ventimigliablog.it\/blog\/wp-json\/wp\/v2\/posts"}],"about":[{"href":"https:\/\/www.ventimigliablog.it\/blog\/wp-json\/wp\/v2\/types\/post"}],"author":[{"embeddable":true,"href":"https:\/\/www.ventimigliablog.it\/blog\/wp-json\/wp\/v2\/users\/12"}],"replies":[{"embeddable":true,"href":"https:\/\/www.ventimigliablog.it\/blog\/wp-json\/wp\/v2\/comments?post=1155"}],"version-history":[{"count":0,"href":"https:\/\/www.ventimigliablog.it\/blog\/wp-json\/wp\/v2\/posts\/1155\/revisions"}],"wp:attachment":[{"href":"https:\/\/www.ventimigliablog.it\/blog\/wp-json\/wp\/v2\/media?parent=1155"}],"wp:term":[{"taxonomy":"category","embeddable":true,"href":"https:\/\/www.ventimigliablog.it\/blog\/wp-json\/wp\/v2\/categories?post=1155"},{"taxonomy":"post_tag","embeddable":true,"href":"https:\/\/www.ventimigliablog.it\/blog\/wp-json\/wp\/v2\/tags?post=1155"}],"curies":[{"name":"wp","href":"https:\/\/api.w.org\/{rel}","templated":true}]}}