{"id":1158,"date":"2013-04-28T14:18:20","date_gmt":"2013-04-28T12:18:20","guid":{"rendered":"http:\/\/www.ventimigliablog.it\/blog\/?p=1158"},"modified":"2013-07-11T13:50:53","modified_gmt":"2013-07-11T11:50:53","slug":"i-mandanti-di-luigi-preiti-a-ventimiglia","status":"publish","type":"post","link":"https:\/\/www.ventimigliablog.it\/blog\/i-mandanti-di-luigi-preiti-a-ventimiglia\/","title":{"rendered":"I mandanti di Luigi Preiti a Ventimiglia?"},"content":{"rendered":"<p>Non possono esserci dubbi che i mandanti dell&#8217;attentatore Luigi Preiti debbano essere cercati a Ventimiglia, terra di mafia, vaso di pandora e origine di ogni male di questa Nazione. Se non sono qui allora vuol dire che non ne esistono.<!--more--><\/p>\n<p>Scoop a parte, \u00e8 da un p\u00f2 di giorni che mi frulla in testa un libro letto in giovent\u00f9. Ray Bradbury rappresenta per me un mistero incredibile. Nel 1951 scrisse un libro &#8211; Fahrenheit 451 &#8211; che descrive in maniera del tutto lucida e chiara, quasi profetica, ci\u00f2 che sarebbe successo nei 60 anni seguenti. Vorrei anticipare qualcosa a chi intende leggerlo ma non mi sento all&#8217;altezza: dico solo che Fahrenheit 451 \u00e8 la temperatura a cui brucia la carta&#8230;<\/p>\n<p>28 aprile 2013 &#8211; Albino Dicerto<\/p>\n<p>Leggo ora che uno dei due carabinieri ferito \u00e8 molto grave. Mi dispiace che i veri servitori dello Stato, quelli stipendiati (anche poco) debbano finire dentro ad episodi tanto stupidi quanto inutili e pagare prezzi elevatissimi. Loro e le loro famiglie.<\/p>\n<p>28 aprile 2013 &#8211; Albino Dicerto<\/p>\n\t<div class=\"quickshare-container\">\r\n\t<ul class=\"quickshare-text qs-genericons quickshare-small\">\r\n\t\t<li class=\"quickshare-share\">Condividi :<\/li> \r\n\t\t<li><a href=\"https:\/\/facebook.com\/sharer.php?u=https%3A%2F%2Fwww.ventimigliablog.it%2Fblog%2Fi-mandanti-di-luigi-preiti-a-ventimiglia%2F&amp;t=I+mandanti+di+Luigi+Preiti+a+Ventimiglia%3F+<+Ventimigliablog\" target=\"_blank\" title=\"Share on Facebook\"><span class=\"quickshare-facebook\">Facebook<\/span><\/a><\/li>\t\t<li><a href=\"https:\/\/twitter.com\/intent\/tweet?url=https%3A%2F%2Fwww.ventimigliablog.it%2Fblog%2Fi-mandanti-di-luigi-preiti-a-ventimiglia%2F&amp;text=I+mandanti+di+Luigi+Preiti+a+Ventimiglia%3F+<+Ventimigliablog\" target=\"_blank\" title=\"Share on Twitter\"><span class=\"quickshare-twitter\">Twitter<\/span><\/a><\/li>\t\t\t\t\t\t<li><a href=\"https:\/\/plus.google.com\/share?url=https%3A%2F%2Fwww.ventimigliablog.it%2Fblog%2Fi-mandanti-di-luigi-preiti-a-ventimiglia%2F\" target=\"_blank\" title=\"Share on Google+\"><span class=\"quickshare-googleplus\">Google+<\/span><\/a><\/li>\t\t\t\t\t\t\t\t<li><a href=\"mailto:?subject=Ventimigliablog:+I+mandanti+di+Luigi+Preiti+a+Ventimiglia%3F&amp;body=https%3A%2F%2Fwww.ventimigliablog.it%2Fblog%2Fi-mandanti-di-luigi-preiti-a-ventimiglia%2F\" target=\"_blank\" title=\"Share via Email\"><span class=\"quickshare-email\">Email<\/span><\/a><\/li>\t<\/ul>\r\n\t<\/div>\r\n","protected":false},"excerpt":{"rendered":"<p>Non possono esserci dubbi che i mandanti dell&#8217;attentatore Luigi Preiti debbano essere cercati a Ventimiglia, terra di mafia, vaso di pandora e origine di ogni male di questa Nazione. Se non sono qui allora vuol dire che non ne esistono.<\/p>\n","protected":false},"author":12,"featured_media":0,"comment_status":"open","ping_status":"closed","sticky":false,"template":"","format":"standard","meta":{"ngg_post_thumbnail":0,"footnotes":""},"categories":[1],"tags":[],"_links":{"self":[{"href":"https:\/\/www.ventimigliablog.it\/blog\/wp-json\/wp\/v2\/posts\/1158"}],"collection":[{"href":"https:\/\/www.ventimigliablog.it\/blog\/wp-json\/wp\/v2\/posts"}],"about":[{"href":"https:\/\/www.ventimigliablog.it\/blog\/wp-json\/wp\/v2\/types\/post"}],"author":[{"embeddable":true,"href":"https:\/\/www.ventimigliablog.it\/blog\/wp-json\/wp\/v2\/users\/12"}],"replies":[{"embeddable":true,"href":"https:\/\/www.ventimigliablog.it\/blog\/wp-json\/wp\/v2\/comments?post=1158"}],"version-history":[{"count":0,"href":"https:\/\/www.ventimigliablog.it\/blog\/wp-json\/wp\/v2\/posts\/1158\/revisions"}],"wp:attachment":[{"href":"https:\/\/www.ventimigliablog.it\/blog\/wp-json\/wp\/v2\/media?parent=1158"}],"wp:term":[{"taxonomy":"category","embeddable":true,"href":"https:\/\/www.ventimigliablog.it\/blog\/wp-json\/wp\/v2\/categories?post=1158"},{"taxonomy":"post_tag","embeddable":true,"href":"https:\/\/www.ventimigliablog.it\/blog\/wp-json\/wp\/v2\/tags?post=1158"}],"curies":[{"name":"wp","href":"https:\/\/api.w.org\/{rel}","templated":true}]}}