{"id":1192,"date":"2013-05-01T21:16:01","date_gmt":"2013-05-01T19:16:01","guid":{"rendered":"http:\/\/www.ventimigliablog.it\/blog\/?p=1192"},"modified":"2013-07-11T13:55:52","modified_gmt":"2013-07-11T11:55:52","slug":"dal-corriere-della-sera","status":"publish","type":"post","link":"https:\/\/www.ventimigliablog.it\/blog\/dal-corriere-della-sera\/","title":{"rendered":"Dal Corriere della Sera&#8230;"},"content":{"rendered":"<p>Oggi mi sono spinto oltre le locandine dei giornali e mi sono preso una mezzora per leggere un giornale. Nel mio processo di democratizzazione interiore, ho smesso di leggere solo il Manifesto, non so se sia un bene.Di questo articolo che riporto di seguito, mi disturbano solo due cose: la prima \u00e8 di averlo letto sul Corriere della Sera, la seconda di non averlo scritto io&#8230; \u00a0 Mi sono permesso di adattare il testo al particolare momento storico in cui vive la mia citt\u00e0.<\/p>\n<p><!--more--><em>\u00abLa mafia\u00bb. Molti Ventimigliesi si stanno ormai abituando a giudicare la politica nell&#8217;ottica di quest&#8217;unica categoria demonizzante, e quindi a vedere le cose e gli uomini della scena pubblica della loro citt\u00e0 in una sola luce: sono tutti dei mafiosi.<\/em><\/p>\n<p><em>La prima caratteristica della mafia, quella che la rende cos\u00ec facilmente utilizzabile, \u00e8 la sua indeterminatezza. La mafia, infatti, come insegnano i suoi denunciatori di professione, si annida dovunque. Potenzialmente essa riguarda tutto e tutti. Pu\u00f2 consistere nella sentenza di un tribunale, in un articolo di giornale, nella decisione di qualunque autorit\u00e0, in una trasmissione televisiva, in tutto. Ma soprattutto \u00e8 mafia la trattativa, l&#8217;accordo, il compromesso espliciti, cos\u00ec come pure &#8211; anzi in special modo! &#8211; l&#8217;intesa tacita che su una determinata questione si stabilisce per cos\u00ec dire spontaneamente tra gli attori politici di parti diverse. <strong>Tanto pi\u00f9 che perch\u00e9 di mafia si possa accusare qualcuno non c&#8217;\u00e8 bisogno di alcuna prova<\/strong>. <strong>Per definizione, infatti, la mafia agisce nell&#8217;ombra, al riparo da occhi indiscreti. E dunque, paradossalmente, proprio la circostanza che di essa non si abbiano tracce visibili diviene la massima prova della sua esistenza.\u00a0<\/strong><\/em><\/p>\n<p><em>Un ulteriore vantaggio che offre poi la mafia in termini polemico-propagandistici \u00e8 che essa, di nuovo, pu\u00f2 sottintendere tutto, il fare ma anche il non fare. Agli occhi dei suoi teorici essa \u00e8 anzi soprattutto questo: \u00e8 il non fare, il disertare, l&#8217;abbandono della posizione di fronte al nemico. Un aspetto, questo, che indica assai bene quale sia l&#8217;idea della democrazia che hanno i denunciatori di professione dell&#8217; anti mafia. \u00c8 un&#8217;idea per cos\u00ec dire bellica della democrazia, radicalmente fondata sul concetto di ostilit\u00e0. Per non essere l&#8217;anticamera della mafia, la democrazia deve essere scontro permanente, continua denuncia dell&#8217;avversario e dei suoi disegni, illustrazione delle sue indegnit\u00e0 morali, smascheramento; ogni discorso deve sbugiardare, denudare, indicare al pubblico ludibrio.<\/em><\/p>\n<p><em>La massima virt\u00f9 civica non \u00e8 la probit\u00e0, \u00e8 l&#8217;indignazione. Chi non si adegua, chi invece guarda alla democrazia come a quel sistema che si fonda, s\u00ec, sulle \u00abparti\u00bb e sulla loro contrapposizione, ma anche, specialmente nei tempi difficili, sulla ricerca dell&#8217;accordo, sulla tessitura di compromessi, sulla moderazione di toni, sul riconoscimento dell&#8217;opinabilit\u00e0 di tutti i punti di vista (compreso il proprio, naturalmente) e della buona fede altrui, ebbene costui \u00e8 gi\u00e0 un potenziale \u00abmafioso\u00bb, un \u00abtraditore\u00bb, un \u00abvenduto\u00bb.<\/em><em><br \/>\n<\/em><\/p>\n<p><em>1 maggio 2013 &#8211; Albino Dicerto\u00a0<\/em><\/p>\n\t<div class=\"quickshare-container\">\r\n\t<ul class=\"quickshare-text qs-genericons quickshare-small\">\r\n\t\t<li class=\"quickshare-share\">Condividi :<\/li> \r\n\t\t<li><a href=\"https:\/\/facebook.com\/sharer.php?u=https%3A%2F%2Fwww.ventimigliablog.it%2Fblog%2Fdal-corriere-della-sera%2F&amp;t=Dal+Corriere+della+Sera%26%238230%3B+<+Ventimigliablog\" target=\"_blank\" title=\"Share on Facebook\"><span class=\"quickshare-facebook\">Facebook<\/span><\/a><\/li>\t\t<li><a href=\"https:\/\/twitter.com\/intent\/tweet?url=https%3A%2F%2Fwww.ventimigliablog.it%2Fblog%2Fdal-corriere-della-sera%2F&amp;text=Dal+Corriere+della+Sera%26%238230%3B+<+Ventimigliablog\" target=\"_blank\" title=\"Share on Twitter\"><span class=\"quickshare-twitter\">Twitter<\/span><\/a><\/li>\t\t\t\t\t\t<li><a href=\"https:\/\/plus.google.com\/share?url=https%3A%2F%2Fwww.ventimigliablog.it%2Fblog%2Fdal-corriere-della-sera%2F\" target=\"_blank\" title=\"Share on Google+\"><span class=\"quickshare-googleplus\">Google+<\/span><\/a><\/li>\t\t\t\t\t\t\t\t<li><a href=\"mailto:?subject=Ventimigliablog:+Dal+Corriere+della+Sera%26%238230%3B&amp;body=https%3A%2F%2Fwww.ventimigliablog.it%2Fblog%2Fdal-corriere-della-sera%2F\" target=\"_blank\" title=\"Share via Email\"><span class=\"quickshare-email\">Email<\/span><\/a><\/li>\t<\/ul>\r\n\t<\/div>\r\n","protected":false},"excerpt":{"rendered":"<p>Oggi mi sono spinto oltre le locandine dei giornali e mi sono preso una mezzora per leggere un giornale. Nel mio processo di democratizzazione interiore, ho smesso di leggere solo il Manifesto, non so se sia un bene.Di questo articolo &hellip; <a href=\"https:\/\/www.ventimigliablog.it\/blog\/dal-corriere-della-sera\/\">Continua a leggere<span class=\"meta-nav\">&rarr;<\/span><\/a><\/p>\n","protected":false},"author":12,"featured_media":0,"comment_status":"open","ping_status":"closed","sticky":false,"template":"","format":"standard","meta":{"ngg_post_thumbnail":0,"footnotes":""},"categories":[1],"tags":[],"_links":{"self":[{"href":"https:\/\/www.ventimigliablog.it\/blog\/wp-json\/wp\/v2\/posts\/1192"}],"collection":[{"href":"https:\/\/www.ventimigliablog.it\/blog\/wp-json\/wp\/v2\/posts"}],"about":[{"href":"https:\/\/www.ventimigliablog.it\/blog\/wp-json\/wp\/v2\/types\/post"}],"author":[{"embeddable":true,"href":"https:\/\/www.ventimigliablog.it\/blog\/wp-json\/wp\/v2\/users\/12"}],"replies":[{"embeddable":true,"href":"https:\/\/www.ventimigliablog.it\/blog\/wp-json\/wp\/v2\/comments?post=1192"}],"version-history":[{"count":0,"href":"https:\/\/www.ventimigliablog.it\/blog\/wp-json\/wp\/v2\/posts\/1192\/revisions"}],"wp:attachment":[{"href":"https:\/\/www.ventimigliablog.it\/blog\/wp-json\/wp\/v2\/media?parent=1192"}],"wp:term":[{"taxonomy":"category","embeddable":true,"href":"https:\/\/www.ventimigliablog.it\/blog\/wp-json\/wp\/v2\/categories?post=1192"},{"taxonomy":"post_tag","embeddable":true,"href":"https:\/\/www.ventimigliablog.it\/blog\/wp-json\/wp\/v2\/tags?post=1192"}],"curies":[{"name":"wp","href":"https:\/\/api.w.org\/{rel}","templated":true}]}}