{"id":1196,"date":"2013-05-02T09:02:29","date_gmt":"2013-05-02T07:02:29","guid":{"rendered":"http:\/\/www.ventimigliablog.it\/blog\/?p=1196"},"modified":"2013-07-11T13:56:09","modified_gmt":"2013-07-11T11:56:09","slug":"la-violenza-deve-essere-sempre-condannata","status":"publish","type":"post","link":"https:\/\/www.ventimigliablog.it\/blog\/la-violenza-deve-essere-sempre-condannata\/","title":{"rendered":"La violenza deve essere sempre condannata."},"content":{"rendered":"<p>Pubblichiamo un commento all&#8217;articolo &#8220;Compostezza e Orgoglio. Martina la figlia del carabiniere Giangrande (<a href=\"http:\/\/www.ventimigliablog.it\/blog\/?p=1171\">http:\/\/www.ventimigliablog.it\/blog\/?p=1171<\/a>).<\/p>\n<p><em>I\u00a0 commenti che pi\u00f9 ho sentito in questi giorni\u00a0 \u201c\u2026 poverino era disperato, senza un lavoro, la moglie l\u2019aveva lasciato\u201d\u00a0 quindi la colpa \u00e8 della moglie che l\u2019ha lasciato, non conta quanto emerso, cio\u00e8 che conducesse un tipo di vita decisamente disordinato,\u00a0\u00a0 &#8211;\u00a0 \u201c \u2026 lui non voleva sparare al carabiniere ma arrivare ai politici, l\u2019hanno fermato prima e allora\u2026\u201d\u00a0 quindi la colpa \u00e8 dei politici perch\u00e9 ha perso il lavoro,\u00a0 &#8211; \u201cquesto \u00e8 un segnale importante,\u00a0 chi\u00a0 sta in alto speriamo ne prenda atto\u2026\u00a0 \u201c quindi quando siamo in difficolt\u00e0 siamo autorizzati ad uscire di casa e sparare, per attirare l\u2019attenzione, perch\u00e9 tanto abbiamo l\u2019alibi della disperazione.<!--more--><\/em><br \/>\n<em>Non mi intendo molto di politica, a parte seguire le vicende quotidiane del nostro paese,\u00a0 siamo in un estremo momento storico,\u00a0 le famiglie stentano ad arrivare a fine mese e le Imprese ogni giorno lottano per non chiudere;\u00a0 credere nel sistema politico \u00e8 alquanto difficile, tutti vorremmo dare un colpo di bianco e ricominciare da capo, ma purtroppo non \u00e8 cos\u00ec semplice,\u00a0 credo anche che non si possa pensare di nascondere il gesto irresponsabile di quest\u2019uomo dietro la crisi economica.<\/em><br \/>\n<em>Mi \u00e8 stato insegnato che i problemi si affrontano con la testa e con l\u2019impegno, \u00e8 troppo facile scaricarli sugli altri piangendosi addosso, non \u00e8 sano pensare solo a noi stessi, incuranti delle conseguenze che i nostri gesti avranno sugli altri.<\/em><br \/>\n<em>Se domani a quest\u2019uomo offrissero un posto di lavoro per aiutarlo, con quale orgoglio personale andrebbe a svolgere la propria mansione, sapendo che il suo stipendio \u00e8 pagato dal dolore di un\u2019altra famiglia, che non aveva nessuna responsabilit\u00e0?<\/em><br \/>\n<em>Un\u2019ultima riflessione, stavo seguendo la diretta del giuramento dei Ministri, di colpo la diretta si sposta sulla sparatoria, \u00e8 giusto per il dovere di cronaca trasmettere in tempo reale quanto accaduto,\u00a0 mandando nel panico tutti i famigliari dei carabinieri in servizio in quel momento? \u00c8 giusto che i famigliari apprendano in una maniera cos\u00ec violenta quanto accaduto ai propri cari?<\/em><br \/>\n<em>01 maggio 2013,\u00a0\u00a0\u00a0\u00a0\u00a0 live31\/12\/12<\/em><\/p>\n\t<div class=\"quickshare-container\">\r\n\t<ul class=\"quickshare-text qs-genericons quickshare-small\">\r\n\t\t<li class=\"quickshare-share\">Condividi :<\/li> \r\n\t\t<li><a href=\"https:\/\/facebook.com\/sharer.php?u=https%3A%2F%2Fwww.ventimigliablog.it%2Fblog%2Fla-violenza-deve-essere-sempre-condannata%2F&amp;t=La+violenza+deve+essere+sempre+condannata.+<+Ventimigliablog\" target=\"_blank\" title=\"Share on Facebook\"><span class=\"quickshare-facebook\">Facebook<\/span><\/a><\/li>\t\t<li><a href=\"https:\/\/twitter.com\/intent\/tweet?url=https%3A%2F%2Fwww.ventimigliablog.it%2Fblog%2Fla-violenza-deve-essere-sempre-condannata%2F&amp;text=La+violenza+deve+essere+sempre+condannata.+<+Ventimigliablog\" target=\"_blank\" title=\"Share on Twitter\"><span class=\"quickshare-twitter\">Twitter<\/span><\/a><\/li>\t\t\t\t\t\t<li><a href=\"https:\/\/plus.google.com\/share?url=https%3A%2F%2Fwww.ventimigliablog.it%2Fblog%2Fla-violenza-deve-essere-sempre-condannata%2F\" target=\"_blank\" title=\"Share on Google+\"><span class=\"quickshare-googleplus\">Google+<\/span><\/a><\/li>\t\t\t\t\t\t\t\t<li><a href=\"mailto:?subject=Ventimigliablog:+La+violenza+deve+essere+sempre+condannata.&amp;body=https%3A%2F%2Fwww.ventimigliablog.it%2Fblog%2Fla-violenza-deve-essere-sempre-condannata%2F\" target=\"_blank\" title=\"Share via Email\"><span class=\"quickshare-email\">Email<\/span><\/a><\/li>\t<\/ul>\r\n\t<\/div>\r\n","protected":false},"excerpt":{"rendered":"<p>Pubblichiamo un commento all&#8217;articolo &#8220;Compostezza e Orgoglio. Martina la figlia del carabiniere Giangrande (http:\/\/www.ventimigliablog.it\/blog\/?p=1171). I\u00a0 commenti che pi\u00f9 ho sentito in questi giorni\u00a0 \u201c\u2026 poverino era disperato, senza un lavoro, la moglie l\u2019aveva lasciato\u201d\u00a0 quindi la colpa \u00e8 della moglie &hellip; <a href=\"https:\/\/www.ventimigliablog.it\/blog\/la-violenza-deve-essere-sempre-condannata\/\">Continua a leggere<span class=\"meta-nav\">&rarr;<\/span><\/a><\/p>\n","protected":false},"author":10,"featured_media":0,"comment_status":"open","ping_status":"closed","sticky":false,"template":"","format":"standard","meta":{"ngg_post_thumbnail":0,"footnotes":""},"categories":[3,1],"tags":[],"_links":{"self":[{"href":"https:\/\/www.ventimigliablog.it\/blog\/wp-json\/wp\/v2\/posts\/1196"}],"collection":[{"href":"https:\/\/www.ventimigliablog.it\/blog\/wp-json\/wp\/v2\/posts"}],"about":[{"href":"https:\/\/www.ventimigliablog.it\/blog\/wp-json\/wp\/v2\/types\/post"}],"author":[{"embeddable":true,"href":"https:\/\/www.ventimigliablog.it\/blog\/wp-json\/wp\/v2\/users\/10"}],"replies":[{"embeddable":true,"href":"https:\/\/www.ventimigliablog.it\/blog\/wp-json\/wp\/v2\/comments?post=1196"}],"version-history":[{"count":0,"href":"https:\/\/www.ventimigliablog.it\/blog\/wp-json\/wp\/v2\/posts\/1196\/revisions"}],"wp:attachment":[{"href":"https:\/\/www.ventimigliablog.it\/blog\/wp-json\/wp\/v2\/media?parent=1196"}],"wp:term":[{"taxonomy":"category","embeddable":true,"href":"https:\/\/www.ventimigliablog.it\/blog\/wp-json\/wp\/v2\/categories?post=1196"},{"taxonomy":"post_tag","embeddable":true,"href":"https:\/\/www.ventimigliablog.it\/blog\/wp-json\/wp\/v2\/tags?post=1196"}],"curies":[{"name":"wp","href":"https:\/\/api.w.org\/{rel}","templated":true}]}}