{"id":1208,"date":"2013-05-04T14:51:34","date_gmt":"2013-05-04T12:51:34","guid":{"rendered":"http:\/\/www.ventimigliablog.it\/blog\/?p=1208"},"modified":"2013-07-11T13:56:54","modified_gmt":"2013-07-11T11:56:54","slug":"ginefra-pd-micciche-fuori-da-governo-nessuna-ombra-mafia-su-governo-sostenuto-da-pd-04-maggio-1358-salta-direttamente-al-contenuto-dellarticolo-salta-al-contenuto-correlato-indietrostampain","status":"publish","type":"post","link":"https:\/\/www.ventimigliablog.it\/blog\/ginefra-pd-micciche-fuori-da-governo-nessuna-ombra-mafia-su-governo-sostenuto-da-pd-04-maggio-1358-salta-direttamente-al-contenuto-dellarticolo-salta-al-contenuto-correlato-indietrostampain\/","title":{"rendered":"Nessuna ombra mafia su governo sostenuto da Pd"},"content":{"rendered":"<div id=\"news-content\">\n<div>\n<h1><\/h1>\n<\/div>\n<div id=\"content-corpo\"><span style=\"font-family: 'Helvetica Neue', Helvetica, Arial, 'Nimbus Sans L', sans-serif;\"><img decoding=\"async\" class=\"alignleft\" alt=\"Ginefra (Pd), Micciche' fuori da governo\" src=\"http:\/\/www.ansa.it\/webimages\/medium\/2013\/5\/4\/13df3d70794276c8125cadd41472c8c3.jpg\" \/><\/span><span style=\"font-family: 'Helvetica Neue', Helvetica, Arial, 'Nimbus Sans L', sans-serif;\">(ANSA) &#8211; ROMA, 4 MAG &#8211; &#8221;Le dichiarazioni rese dal neo sottosegretario Micciche&#8217; nell&#8217;intervista al Corriere della Sera, corroborano il giudizio che molti di noi avevano sulla sua persona, buttando fango sull&#8217;intero Governo&#8221;. <!--more-->Cosi&#8217; il deputato del Pd Dario Ginefra, che aggiunge: &#8221;Le pressioni che avrebbero esercitato Lombardo e dell&#8217;Utri determinino Letta a revocargli l&#8217;incarico. Nessuna sia pur velata ombra di condizionamento di persone indagate o condannate per Mafia su un Governo sostenuto dal Pd&#8221;.<\/span><\/p>\n<p><span style=\"color: #000000;\">Fonte: ANSA\u00a0<\/span><\/p>\n<p>Non conosco l&#8217;On.le Miccich\u00e9 e a pelle non mi \u00e8 certo simpatico. Non \u00e8 stato per\u00f2 un ipocritica e\u00a0ha dichiarato al Corriere della Sera di essere stato &#8220;gettonato&#8221;, persino da personagi oggi scomodi, per diventare sottosegretario. Sar\u00e0 l&#8217;unico? o gli altri non lo dicono?<\/p>\n<p>5 maggio 2013 &#8211; Marco Prestileo<\/p>\n<\/div>\n<\/div>\n\t<div class=\"quickshare-container\">\r\n\t<ul class=\"quickshare-text qs-genericons quickshare-small\">\r\n\t\t<li class=\"quickshare-share\">Condividi :<\/li> \r\n\t\t<li><a href=\"https:\/\/facebook.com\/sharer.php?u=https%3A%2F%2Fwww.ventimigliablog.it%2Fblog%2Fginefra-pd-micciche-fuori-da-governo-nessuna-ombra-mafia-su-governo-sostenuto-da-pd-04-maggio-1358-salta-direttamente-al-contenuto-dellarticolo-salta-al-contenuto-correlato-indietrostampain%2F&amp;t=Nessuna+ombra+mafia+su+governo+sostenuto+da+Pd+<+Ventimigliablog\" target=\"_blank\" title=\"Share on Facebook\"><span class=\"quickshare-facebook\">Facebook<\/span><\/a><\/li>\t\t<li><a href=\"https:\/\/twitter.com\/intent\/tweet?url=https%3A%2F%2Fwww.ventimigliablog.it%2Fblog%2Fginefra-pd-micciche-fuori-da-governo-nessuna-ombra-mafia-su-governo-sostenuto-da-pd-04-maggio-1358-salta-direttamente-al-contenuto-dellarticolo-salta-al-contenuto-correlato-indietrostampain%2F&amp;text=Nessuna+ombra+mafia+su+governo+sostenuto+da+Pd+<+Ventimigliablog\" target=\"_blank\" title=\"Share on Twitter\"><span class=\"quickshare-twitter\">Twitter<\/span><\/a><\/li>\t\t\t\t\t\t<li><a href=\"https:\/\/plus.google.com\/share?url=https%3A%2F%2Fwww.ventimigliablog.it%2Fblog%2Fginefra-pd-micciche-fuori-da-governo-nessuna-ombra-mafia-su-governo-sostenuto-da-pd-04-maggio-1358-salta-direttamente-al-contenuto-dellarticolo-salta-al-contenuto-correlato-indietrostampain%2F\" target=\"_blank\" title=\"Share on Google+\"><span class=\"quickshare-googleplus\">Google+<\/span><\/a><\/li>\t\t\t\t\t\t\t\t<li><a href=\"mailto:?subject=Ventimigliablog:+Nessuna+ombra+mafia+su+governo+sostenuto+da+Pd&amp;body=https%3A%2F%2Fwww.ventimigliablog.it%2Fblog%2Fginefra-pd-micciche-fuori-da-governo-nessuna-ombra-mafia-su-governo-sostenuto-da-pd-04-maggio-1358-salta-direttamente-al-contenuto-dellarticolo-salta-al-contenuto-correlato-indietrostampain%2F\" target=\"_blank\" title=\"Share via Email\"><span class=\"quickshare-email\">Email<\/span><\/a><\/li>\t<\/ul>\r\n\t<\/div>\r\n","protected":false},"excerpt":{"rendered":"<p>(ANSA) &#8211; ROMA, 4 MAG &#8211; &#8221;Le dichiarazioni rese dal neo sottosegretario Micciche&#8217; nell&#8217;intervista al Corriere della Sera, corroborano il giudizio che molti di noi avevano sulla sua persona, buttando fango sull&#8217;intero Governo&#8221;.<\/p>\n","protected":false},"author":10,"featured_media":0,"comment_status":"open","ping_status":"closed","sticky":false,"template":"","format":"standard","meta":{"ngg_post_thumbnail":0,"footnotes":""},"categories":[3,1],"tags":[],"_links":{"self":[{"href":"https:\/\/www.ventimigliablog.it\/blog\/wp-json\/wp\/v2\/posts\/1208"}],"collection":[{"href":"https:\/\/www.ventimigliablog.it\/blog\/wp-json\/wp\/v2\/posts"}],"about":[{"href":"https:\/\/www.ventimigliablog.it\/blog\/wp-json\/wp\/v2\/types\/post"}],"author":[{"embeddable":true,"href":"https:\/\/www.ventimigliablog.it\/blog\/wp-json\/wp\/v2\/users\/10"}],"replies":[{"embeddable":true,"href":"https:\/\/www.ventimigliablog.it\/blog\/wp-json\/wp\/v2\/comments?post=1208"}],"version-history":[{"count":0,"href":"https:\/\/www.ventimigliablog.it\/blog\/wp-json\/wp\/v2\/posts\/1208\/revisions"}],"wp:attachment":[{"href":"https:\/\/www.ventimigliablog.it\/blog\/wp-json\/wp\/v2\/media?parent=1208"}],"wp:term":[{"taxonomy":"category","embeddable":true,"href":"https:\/\/www.ventimigliablog.it\/blog\/wp-json\/wp\/v2\/categories?post=1208"},{"taxonomy":"post_tag","embeddable":true,"href":"https:\/\/www.ventimigliablog.it\/blog\/wp-json\/wp\/v2\/tags?post=1208"}],"curies":[{"name":"wp","href":"https:\/\/api.w.org\/{rel}","templated":true}]}}