{"id":1229,"date":"2013-05-06T10:47:31","date_gmt":"2013-05-06T08:47:31","guid":{"rendered":"http:\/\/www.ventimigliablog.it\/blog\/?p=1229"},"modified":"2013-07-11T13:58:14","modified_gmt":"2013-07-11T11:58:14","slug":"pubblichiamo-larticolo-i-cretini-di-internet-di-alessandro-sallusti","status":"publish","type":"post","link":"https:\/\/www.ventimigliablog.it\/blog\/pubblichiamo-larticolo-i-cretini-di-internet-di-alessandro-sallusti\/","title":{"rendered":"Pubblichiamo l&#8217;articolo: &#8220;I CRETINI DI INTERNET di Alessandro Sallusti&#8221;"},"content":{"rendered":"<div>\n<div>\n<div>\n<p><img loading=\"lazy\" decoding=\"async\" class=\"alignleft\" id=\"il_fi\" alt=\"\" src=\"http:\/\/www2.units.it\/noallaviolenza\/img\/slideshow\/ServeAiuto\/02ServeAiuto.jpg\" width=\"288\" height=\"203\" \/><\/p>\n<p>Leggo questo articolo di Alessandro Sallusti, pubblicato su &#8220;Il Giornale&#8221; di sabato scorso, che condivido nei suoi contenuti essenziali, tralasciando i personalismi tipici di un giornalista diretto e molto esplicito come il Dott. Sallusti. Credo che si debba molto riflettere su quello che diciamo sui blog, ma anche quando\u00a0pettegoliamo\u00a0nei bar. Facciamo attenzione alle frasi ad effetto non ben pensate e meditate.<!--more--> Non diamo alibi ai delinquenti, assumiamo toni pi\u00f9 pacati, riflettiamo sulle conseguenze delle nostre parole. Scegliamo il rispetto degli altri contro ogni forma di violenza. Su questi presupposti \u00e8 nato questo blog.<\/p>\n<p>6 maggio 2013 &#8211; \u00a0Marco Prestileo<\/p>\n<p><em><strong>&#8220;Difendono gli assassini, minacciano politici e giornalisti. Ora fanno paura anche alla presidente della Camera che chiede aiuto alla polizia. Ma sono suoi elettori<\/strong><\/em><\/p>\n<p><em>Saremmo curiosi di sapere se, per la presidente della Camera, la comunista Boldrini, anche gli uomini che ieri hanno ucciso tre donne sono delle \u00abvittime che diventano carnefici\u00bb (come lei stessa defin\u00ec lo sparatore Luigi Preiti), o se tanta compassione e comprensione vale solo per chi spara ai carabinieri. Se anche i diciannove dipendenti Alitalia arrestati ieri perch\u00e9 beccati a rubare nei bagagli dei passeggeri rientrano nella categoria delle vittime della crisi economica o in quella dei ladri e mascalzoni, come pensiamo noi. Sarebbe bello avere una risposta chiara, perch\u00e9 \u00e8 proprio nella zona grigia del giudizio che si nascondono i rischi. Soprattutto se l&#8217;ambiguit\u00e0 arriva da leader o presunti tali, come la Boldrini o l&#8217;ideologo di Grillo, Paolo Becchi. Negli anni Settanta il nascente terrorismo prese linfa proprio giocando sullo slogan coniato dalla pancia della sinistra ispirata dai salotti. Ricordate? \u00abN\u00e9 con lo Stato n\u00e9 con le Br\u00bb. Ci sono voluti anni e decine di morti per ristabilire in modo inequivocabile che il Paese intero stava con lo Stato e che i brigatisti erano una banda di criminali assassini.<\/em><\/p>\n<\/div>\n<\/div>\n<\/div>\n<div id=\"insertbox_text\">\n<div>\n<div>\n<div>\n<p><em>Occhio a non ripetere oggi lo stesso tragico errore. Non si sta mai con i delinquenti. Non si danno alibi a chi spara ai carabinieri, uccide donne, ruba ai passeggeri degli aerei. Questo esercizio lasciamolo ai frustrati e vigliacchi che popolano, protetti dall&#8217;anonimato, i siti internet e i cosiddetti social network tipo Twitter. Che in maggioranza &#8211; e non a caso, dato ci\u00f2 che abbiamo sentito in questi giorni &#8211; sono poi gli elettori della stessa Boldrini e una parte di quelli di Grillo: no Tav, centri sociali e compagnia cantando (e sprangando).<\/em><\/p>\n<p><em>Dell&#8217;esistenza di questa massa di imbecilli se ne \u00e8 accorta anche la Boldrini stessa, che ieri si \u00e8 lamentata per gli insulti e i veleni che circolano su di lei in Rete: \u00abFermateli, mi attaccano perch\u00e9 donna\u00bb, ha ordinato a polizia e magistrati, chiedendo di censurare Internet. Si calmi, signora. Il sesso non c&#8217;entra. La attaccano perch\u00e9 a loro parere dirige i lavori di un presunto inciucio. Cosa che da anni, e nel suo silenzio, \u00e8 capitata a tutte le sue colleghe onorevoli del Pdl, con forza e volgarit\u00e0 ben maggiori. E capita a noi ometti, centinaia di volte al giorno. Tale stefan_carda ieri alle 11,23 mi ha scritto: \u00abInfame, ogni morto suicida va sul tuo conto, stai attento, molto attento a Milano&#8230;\u00bb. Non mi sorprenderei se fosse un elettore del suo partito. Uno di quelli che non sta n\u00e9 con le vittime n\u00e9 coi carnefici (cio\u00e8 tifa per i secondi). Cara presidente, lasci stare la questione di genere e scelga una volte per tutte da che parte stare e lo dica forte e chiaro.<\/em><\/p>\n<p><em>Il Giornale &#8211; <a href=\"http:\/\/www.ilgiornale.it\/autore\/alessandro-sallusti.html\" rel=\"author\">Alessandro Sallusti<\/a> &#8211; Sab, 04\/05\/2013&#8243;<\/em><\/p>\n<\/div>\n<\/div>\n<\/div>\n<\/div>\n\t<div class=\"quickshare-container\">\r\n\t<ul class=\"quickshare-text qs-genericons quickshare-small\">\r\n\t\t<li class=\"quickshare-share\">Condividi :<\/li> \r\n\t\t<li><a href=\"https:\/\/facebook.com\/sharer.php?u=https%3A%2F%2Fwww.ventimigliablog.it%2Fblog%2Fpubblichiamo-larticolo-i-cretini-di-internet-di-alessandro-sallusti%2F&amp;t=Pubblichiamo+l%26%238217%3Barticolo%3A+%26%238220%3BI+CRETINI+DI+INTERNET+di+Alessandro+Sallusti%26%238221%3B+<+Ventimigliablog\" target=\"_blank\" title=\"Share on Facebook\"><span class=\"quickshare-facebook\">Facebook<\/span><\/a><\/li>\t\t<li><a href=\"https:\/\/twitter.com\/intent\/tweet?url=https%3A%2F%2Fwww.ventimigliablog.it%2Fblog%2Fpubblichiamo-larticolo-i-cretini-di-internet-di-alessandro-sallusti%2F&amp;text=Pubblichiamo+l%26%238217%3Barticolo%3A+%26%238220%3BI+CRETINI+DI+INTERNET+di+Alessandro+Sallusti%26%238221%3B+<+Ventimigliablog\" target=\"_blank\" title=\"Share on Twitter\"><span class=\"quickshare-twitter\">Twitter<\/span><\/a><\/li>\t\t\t\t\t\t<li><a href=\"https:\/\/plus.google.com\/share?url=https%3A%2F%2Fwww.ventimigliablog.it%2Fblog%2Fpubblichiamo-larticolo-i-cretini-di-internet-di-alessandro-sallusti%2F\" target=\"_blank\" title=\"Share on Google+\"><span class=\"quickshare-googleplus\">Google+<\/span><\/a><\/li>\t\t\t\t\t\t\t\t<li><a href=\"mailto:?subject=Ventimigliablog:+Pubblichiamo+l%26%238217%3Barticolo%3A+%26%238220%3BI+CRETINI+DI+INTERNET+di+Alessandro+Sallusti%26%238221%3B&amp;body=https%3A%2F%2Fwww.ventimigliablog.it%2Fblog%2Fpubblichiamo-larticolo-i-cretini-di-internet-di-alessandro-sallusti%2F\" target=\"_blank\" title=\"Share via Email\"><span class=\"quickshare-email\">Email<\/span><\/a><\/li>\t<\/ul>\r\n\t<\/div>\r\n","protected":false},"excerpt":{"rendered":"<p>Leggo questo articolo di Alessandro Sallusti, pubblicato su &#8220;Il Giornale&#8221; di sabato scorso, che condivido nei suoi contenuti essenziali, tralasciando i personalismi tipici di un giornalista diretto e molto esplicito come il Dott. Sallusti. Credo che si debba molto riflettere &hellip; <a href=\"https:\/\/www.ventimigliablog.it\/blog\/pubblichiamo-larticolo-i-cretini-di-internet-di-alessandro-sallusti\/\">Continua a leggere<span class=\"meta-nav\">&rarr;<\/span><\/a><\/p>\n","protected":false},"author":10,"featured_media":0,"comment_status":"open","ping_status":"closed","sticky":false,"template":"","format":"standard","meta":{"ngg_post_thumbnail":0,"footnotes":""},"categories":[3,1,6],"tags":[],"_links":{"self":[{"href":"https:\/\/www.ventimigliablog.it\/blog\/wp-json\/wp\/v2\/posts\/1229"}],"collection":[{"href":"https:\/\/www.ventimigliablog.it\/blog\/wp-json\/wp\/v2\/posts"}],"about":[{"href":"https:\/\/www.ventimigliablog.it\/blog\/wp-json\/wp\/v2\/types\/post"}],"author":[{"embeddable":true,"href":"https:\/\/www.ventimigliablog.it\/blog\/wp-json\/wp\/v2\/users\/10"}],"replies":[{"embeddable":true,"href":"https:\/\/www.ventimigliablog.it\/blog\/wp-json\/wp\/v2\/comments?post=1229"}],"version-history":[{"count":0,"href":"https:\/\/www.ventimigliablog.it\/blog\/wp-json\/wp\/v2\/posts\/1229\/revisions"}],"wp:attachment":[{"href":"https:\/\/www.ventimigliablog.it\/blog\/wp-json\/wp\/v2\/media?parent=1229"}],"wp:term":[{"taxonomy":"category","embeddable":true,"href":"https:\/\/www.ventimigliablog.it\/blog\/wp-json\/wp\/v2\/categories?post=1229"},{"taxonomy":"post_tag","embeddable":true,"href":"https:\/\/www.ventimigliablog.it\/blog\/wp-json\/wp\/v2\/tags?post=1229"}],"curies":[{"name":"wp","href":"https:\/\/api.w.org\/{rel}","templated":true}]}}