{"id":1237,"date":"2013-05-07T19:56:20","date_gmt":"2013-05-07T17:56:20","guid":{"rendered":"http:\/\/www.ventimigliablog.it\/blog\/?p=1237"},"modified":"2013-07-11T13:58:44","modified_gmt":"2013-07-11T11:58:44","slug":"ius-soli-o-ius-sanguinis-e-questo-il-dilemma-prioritario-ascoltiamo-il-presidente-napolitano-e-i-cittadini-che-chiedono-lavoro-e-meno-tasse","status":"publish","type":"post","link":"https:\/\/www.ventimigliablog.it\/blog\/ius-soli-o-ius-sanguinis-e-questo-il-dilemma-prioritario-ascoltiamo-il-presidente-napolitano-e-i-cittadini-che-chiedono-lavoro-e-meno-tasse\/","title":{"rendered":"&#8220;Ius soli&#8221; o &#8220;Ius sanguinis&#8221;: \u00e8 questo il dilemma prioritario? Ascoltiamo il Presidente Napolitano e i cittadini che chiedono lavoro e meno tasse."},"content":{"rendered":"<div><a href=\"http:\/\/www.infooggi.it\/\" target=\"_blank\"><img loading=\"lazy\" decoding=\"async\" class=\"alignright\" id=\"foto_fMediaFoto\" alt=\"Info Oggi\" src=\"http:\/\/ms1.iol.it\/img_newsreg_org\/0\/6\/9\/17790960.jpg\" width=\"382\" height=\"319\" border=\"0\" \/><\/a><\/div>\n<p>&nbsp;<\/p>\n<p>In questi giorni mi \u00e8 capitato di sentire discutere, pi\u00f9 volte, sulla (quasi) proposta del nuovo Ministro dell&#8217;Integrazione Cecile Kyenge (foto di lato), che ha annunciato di voler preparare nelle prossime settimane un disegno di legge sullo \u201cius soli\u201d. La proposta \u00e8 stata vista, da alcuni, come la volont\u00e0 di legalizzare, concedendo\u00a0la cittadinanza italiana, tutti gli extracomunitari.<!--more--><\/p>\n<p>Con l\u2019espressione latina \u201cIus soli\u201d si indica l\u2019acquisizione della cittadinanza per il fatto di nascere nel territorio dello Stato, indipendentemente dalla cittadinanza posseduta dai genitori.<\/p>\n<p>Lo \u201cIus soli\u201d si contrappone allo &#8220;ius sanguinis&#8221; che indica l&#8217;acquisizione della cittadinanza per il fatto della nascita da un genitore in possesso della stessa cittadinanza.<\/p>\n<p>In Italia si applica lo &#8220;ius sanguinis&#8221;, quindi chi nasce da cittadino italiano acquisisce automaticamente la cittadinanza italiana. Mentre il bambino francese (o africano) che nasce in Italia da genitore francese (africano), non assume la cittadinanza italiana, pur essendo nato in Italia.<\/p>\n<p>La proposta del ministro dell\u2019integrazione ha scatenato dibattiti e polemiche \u2013 soprattutto nell\u2019ambito della maggioranza politica e in particolare del Pdl &#8211; perch\u00e9 di fatto si aprirebbe al diritto di cittadinanza ai figli di immigrati che nascono nel nostro Paese.<\/p>\n<p>A quest\u2019ultima precisazione mi verrebbe da dire: \u201ce allora, cosa ci sarebbe di male, davvero vogliamo credere che il colore della pelle o la provenienza del genitore sia una giusta discriminante?\u201d. Riflettendo per\u00f2, come credo su proposte cos\u00ec importanti occorrerebbe sempre fare, senza farsi travolgere dall\u2019emotivit\u00e0, mi chiedo ma il nostro sistema sociale potrebbe reggere un incremento vertiginoso dei cittadini italiani con tutti i diritti che la nostra costituzione e le nostre leggi gli attribuiscono?<\/p>\n<p>Precisiamo comunque che lo \u201cius soli\u201d vige gi\u00e0 in alcuni Paese come gli Usa, il Canada e la Francia.<\/p>\n<p>Quindi non \u00e8 detto che applicandolo anche in Italia sia un disastro. Se per\u00f2, poi, esaminiamo in che altro modo pu\u00f2 essere ottenuta la cittadinanza italiana, il tema dello \u201cius soli\u201d sembra essere di minor importanza, seppure \u00e8 giusto discuterne e trovare soluzioni, magari, intermedie.<\/p>\n<p>La cittadinanza italiana si pu\u00f2, infatti, acquisire:<\/p>\n<p>&#8211;\u00a0\u00a0\u00a0\u00a0\u00a0\u00a0\u00a0\u00a0\u00a0 automaticamente, secondo lo ius sanguinis (per nascita, riconoscimento o adozione, da anche un solo genitore cittadino italiano), oppure secondo lo ius soli (solo nati in Italia da genitori apolidi);<\/p>\n<p>&#8211;\u00a0\u00a0\u00a0\u00a0\u00a0\u00a0\u00a0\u00a0\u00a0 su domanda, secondo lo ius sanguinis (vedi sotto) o per aver prestato servizio militare di leva o servizio civile;<\/p>\n<p>&#8211;\u00a0\u00a0\u00a0\u00a0\u00a0\u00a0\u00a0\u00a0\u00a0 su domanda, per essere residenti ininterrottamente in Italia per 10 anni. Se si nasce in Italia da genitori stranieri e si risiede ininterrottamente fino a 18 anni, bisogna fare domanda entro i 19 anni;<\/p>\n<p>&#8211;\u00a0\u00a0\u00a0\u00a0\u00a0\u00a0\u00a0\u00a0\u00a0 per naturalizzazione, dopo dieci anni di residenza legale in Italia, a condizione di assenza di precedenti penali e di presenza di adeguate risorse economiche; il termine \u00e8 pi\u00f9 breve per ex-cittadini Italiani e loro immediati discendenti (ius sanguinis), stranieri nati in Italia (ius soli), cittadini di altri paesi dell&#8217;Unione Europea, rifugiati e apolidi.<\/p>\n<p>&#8211;\u00a0\u00a0\u00a0\u00a0\u00a0\u00a0\u00a0\u00a0\u00a0 per matrimonio con un cittadino italiano, dopo due anni di residenza legale in Italia o dopo tre anni di matrimonio se residenti all&#8217;estero (termini ridotti della met\u00e0 in presenza di figli nati o adottati dai coniugi), a condizione di assenza di precedenti penali. Le donne straniere sposandosi con cittadini italiani prima del 27 aprile 1983 acquisivano automaticamente la cittadinanza italiana.<\/p>\n<p>&#8211;\u00a0\u00a0\u00a0\u00a0\u00a0\u00a0\u00a0\u00a0\u00a0 su domanda, per essere nati in territori gi\u00e0 italiani.<\/p>\n<p>&#8211;\u00a0\u00a0\u00a0\u00a0\u00a0\u00a0\u00a0\u00a0\u00a0 su domanda, per essere nati in territori gi\u00e0 appartenenti al disciolto Impero austro-ungarico.<\/p>\n<p>Ripeto del tema occorre certamente discuterne ma subito dopo tutte le priorit\u00e0 indicate, tra gli altri, dal Presidente Napolitano, interpretando gli italiani: il rilancio dell\u2019economia, il tema del lavoro e della fiscalit\u00e0, la riduzione della spesa pubblica e la riforma della legge elettorale. Non vorrei che discutendone prima il Governo vada a casa, senza fare nulla, e noi continueremo ad aspettare che si discuta delle cose prioritarie.<\/p>\n<p>7 maggio 2013 \u2013 Marco Prestileo<\/p>\n<p>&nbsp;<\/p>\n<p>&nbsp;<\/p>\n\t<div class=\"quickshare-container\">\r\n\t<ul class=\"quickshare-text qs-genericons quickshare-small\">\r\n\t\t<li class=\"quickshare-share\">Condividi :<\/li> \r\n\t\t<li><a href=\"https:\/\/facebook.com\/sharer.php?u=https%3A%2F%2Fwww.ventimigliablog.it%2Fblog%2Fius-soli-o-ius-sanguinis-e-questo-il-dilemma-prioritario-ascoltiamo-il-presidente-napolitano-e-i-cittadini-che-chiedono-lavoro-e-meno-tasse%2F&amp;t=%26%238220%3BIus+soli%26%238221%3B+o+%26%238220%3BIus+sanguinis%26%238221%3B%3A+%C3%A8+questo+il+dilemma+prioritario%3F+Ascoltiamo+il+Presidente+Napolitano+e+i+cittadini+che+chiedono+lavoro+e+meno+tasse.+<+Ventimigliablog\" target=\"_blank\" title=\"Share on Facebook\"><span class=\"quickshare-facebook\">Facebook<\/span><\/a><\/li>\t\t<li><a href=\"https:\/\/twitter.com\/intent\/tweet?url=https%3A%2F%2Fwww.ventimigliablog.it%2Fblog%2Fius-soli-o-ius-sanguinis-e-questo-il-dilemma-prioritario-ascoltiamo-il-presidente-napolitano-e-i-cittadini-che-chiedono-lavoro-e-meno-tasse%2F&amp;text=%26%238220%3BIus+soli%26%238221%3B+o+%26%238220%3BIus+sanguinis%26%238221%3B%3A+%C3%A8+questo+il+dilemma+prioritario%3F+Ascoltiamo+il+Presidente+Napolitano+e+i+cittadini+che+chiedono+lavoro+e+meno+tasse.+<+Ventimigliablog\" target=\"_blank\" title=\"Share on Twitter\"><span class=\"quickshare-twitter\">Twitter<\/span><\/a><\/li>\t\t\t\t\t\t<li><a href=\"https:\/\/plus.google.com\/share?url=https%3A%2F%2Fwww.ventimigliablog.it%2Fblog%2Fius-soli-o-ius-sanguinis-e-questo-il-dilemma-prioritario-ascoltiamo-il-presidente-napolitano-e-i-cittadini-che-chiedono-lavoro-e-meno-tasse%2F\" target=\"_blank\" title=\"Share on Google+\"><span class=\"quickshare-googleplus\">Google+<\/span><\/a><\/li>\t\t\t\t\t\t\t\t<li><a href=\"mailto:?subject=Ventimigliablog:+%26%238220%3BIus+soli%26%238221%3B+o+%26%238220%3BIus+sanguinis%26%238221%3B%3A+%C3%A8+questo+il+dilemma+prioritario%3F+Ascoltiamo+il+Presidente+Napolitano+e+i+cittadini+che+chiedono+lavoro+e+meno+tasse.&amp;body=https%3A%2F%2Fwww.ventimigliablog.it%2Fblog%2Fius-soli-o-ius-sanguinis-e-questo-il-dilemma-prioritario-ascoltiamo-il-presidente-napolitano-e-i-cittadini-che-chiedono-lavoro-e-meno-tasse%2F\" target=\"_blank\" title=\"Share via Email\"><span class=\"quickshare-email\">Email<\/span><\/a><\/li>\t<\/ul>\r\n\t<\/div>\r\n","protected":false},"excerpt":{"rendered":"<p>&nbsp; In questi giorni mi \u00e8 capitato di sentire discutere, pi\u00f9 volte, sulla (quasi) proposta del nuovo Ministro dell&#8217;Integrazione Cecile Kyenge (foto di lato), che ha annunciato di voler preparare nelle prossime settimane un disegno di legge sullo \u201cius soli\u201d. &hellip; <a href=\"https:\/\/www.ventimigliablog.it\/blog\/ius-soli-o-ius-sanguinis-e-questo-il-dilemma-prioritario-ascoltiamo-il-presidente-napolitano-e-i-cittadini-che-chiedono-lavoro-e-meno-tasse\/\">Continua a leggere<span class=\"meta-nav\">&rarr;<\/span><\/a><\/p>\n","protected":false},"author":10,"featured_media":0,"comment_status":"open","ping_status":"closed","sticky":false,"template":"","format":"standard","meta":{"ngg_post_thumbnail":0,"footnotes":""},"categories":[3,9,1],"tags":[],"_links":{"self":[{"href":"https:\/\/www.ventimigliablog.it\/blog\/wp-json\/wp\/v2\/posts\/1237"}],"collection":[{"href":"https:\/\/www.ventimigliablog.it\/blog\/wp-json\/wp\/v2\/posts"}],"about":[{"href":"https:\/\/www.ventimigliablog.it\/blog\/wp-json\/wp\/v2\/types\/post"}],"author":[{"embeddable":true,"href":"https:\/\/www.ventimigliablog.it\/blog\/wp-json\/wp\/v2\/users\/10"}],"replies":[{"embeddable":true,"href":"https:\/\/www.ventimigliablog.it\/blog\/wp-json\/wp\/v2\/comments?post=1237"}],"version-history":[{"count":0,"href":"https:\/\/www.ventimigliablog.it\/blog\/wp-json\/wp\/v2\/posts\/1237\/revisions"}],"wp:attachment":[{"href":"https:\/\/www.ventimigliablog.it\/blog\/wp-json\/wp\/v2\/media?parent=1237"}],"wp:term":[{"taxonomy":"category","embeddable":true,"href":"https:\/\/www.ventimigliablog.it\/blog\/wp-json\/wp\/v2\/categories?post=1237"},{"taxonomy":"post_tag","embeddable":true,"href":"https:\/\/www.ventimigliablog.it\/blog\/wp-json\/wp\/v2\/tags?post=1237"}],"curies":[{"name":"wp","href":"https:\/\/api.w.org\/{rel}","templated":true}]}}