{"id":1255,"date":"2013-05-13T23:26:31","date_gmt":"2013-05-13T21:26:31","guid":{"rendered":"http:\/\/www.ventimigliablog.it\/blog\/?p=1255"},"modified":"2013-07-11T14:00:16","modified_gmt":"2013-07-11T12:00:16","slug":"lalba-del-9-maggio-78","status":"publish","type":"post","link":"https:\/\/www.ventimigliablog.it\/blog\/lalba-del-9-maggio-78\/","title":{"rendered":"L&#8217;alba del 9 maggio &#8217;78"},"content":{"rendered":"<p>Arrivo un p\u00f2 tardi con questo post ma Peppino Impastato \u00e8 stato uno degli eroi della mia giovent\u00f9 e aspettare un anno per parlarne mi sarebbe dispiaciuto. Mi perdoner\u00e0, non era sicuramente persona da formalizzarsi per queste sciocchezze. <!--more-->Quel 9 maggio del &#8217;78 in cui Peppino venne ucciso dalla mafia, l&#8217;Italia si accingeva a celebrare i funerali di Aldo Moro. Peppino era il simbolo dei giovani Siciliani che non volevano arrendersi al controllo della mafia sul territorio. Dalla sua Radio Aut denunciava con dovizia di particolari \u00a0la mafia. La tradizione vuole che da casa sua a casa dello zio mafioso ci fossero esattamente 100 passi. Che questo giovane ometto non intendeva cedere la sua citt\u00e0 ai trafficanti di droga. Che aveva perso la sua famiglia ed ogni affetto pi\u00f9 caro per essere un &#8220;diverso&#8221;. Che questo giovane ometto diceva la verit\u00e0, la sua verit\u00e0 certamente, ma con dovizia di particolari. Poteva, appunto, persino contare i passi che dividevano casa sua dalla mafia, sapeva esattamente dov&#8217;era, cos&#8217;era, com&#8217;era. Non amava instillare dubbi ma certezze nelle persone che lo ascoltavano. Era una persona piuttosto schiva che non accettava consigli ne&#8217; compromessi. Che, alla fine, quel 9 maggio, mor\u00ec ammazzato dalla mafia. Peppino ci ha insegnato, con i suoi 30 anni, che la lotta alla mafia \u00e8 una questione seria, che tutte le volte che la prendiamo come un gioco o che riteniamo di sfruttarla per raggranellare consensi o raggiungere obiettivi personali, commettiamo un crimine verso tutti coloro che hanno perso la vita per migliorare questo mondo.<\/p>\n<p>13 maggio 2013 &#8211; Albino Dicerto<\/p>\n<p>&nbsp;<\/p>\n<p>&nbsp;<\/p>\n\t<div class=\"quickshare-container\">\r\n\t<ul class=\"quickshare-text qs-genericons quickshare-small\">\r\n\t\t<li class=\"quickshare-share\">Condividi :<\/li> \r\n\t\t<li><a href=\"https:\/\/facebook.com\/sharer.php?u=https%3A%2F%2Fwww.ventimigliablog.it%2Fblog%2Flalba-del-9-maggio-78%2F&amp;t=L%26%238217%3Balba+del+9+maggio+%26%238217%3B78+<+Ventimigliablog\" target=\"_blank\" title=\"Share on Facebook\"><span class=\"quickshare-facebook\">Facebook<\/span><\/a><\/li>\t\t<li><a href=\"https:\/\/twitter.com\/intent\/tweet?url=https%3A%2F%2Fwww.ventimigliablog.it%2Fblog%2Flalba-del-9-maggio-78%2F&amp;text=L%26%238217%3Balba+del+9+maggio+%26%238217%3B78+<+Ventimigliablog\" target=\"_blank\" title=\"Share on Twitter\"><span class=\"quickshare-twitter\">Twitter<\/span><\/a><\/li>\t\t\t\t\t\t<li><a href=\"https:\/\/plus.google.com\/share?url=https%3A%2F%2Fwww.ventimigliablog.it%2Fblog%2Flalba-del-9-maggio-78%2F\" target=\"_blank\" title=\"Share on Google+\"><span class=\"quickshare-googleplus\">Google+<\/span><\/a><\/li>\t\t\t\t\t\t\t\t<li><a href=\"mailto:?subject=Ventimigliablog:+L%26%238217%3Balba+del+9+maggio+%26%238217%3B78&amp;body=https%3A%2F%2Fwww.ventimigliablog.it%2Fblog%2Flalba-del-9-maggio-78%2F\" target=\"_blank\" title=\"Share via Email\"><span class=\"quickshare-email\">Email<\/span><\/a><\/li>\t<\/ul>\r\n\t<\/div>\r\n","protected":false},"excerpt":{"rendered":"<p>Arrivo un p\u00f2 tardi con questo post ma Peppino Impastato \u00e8 stato uno degli eroi della mia giovent\u00f9 e aspettare un anno per parlarne mi sarebbe dispiaciuto. Mi perdoner\u00e0, non era sicuramente persona da formalizzarsi per queste sciocchezze.<\/p>\n","protected":false},"author":12,"featured_media":0,"comment_status":"open","ping_status":"closed","sticky":false,"template":"","format":"standard","meta":{"ngg_post_thumbnail":0,"footnotes":""},"categories":[1],"tags":[],"_links":{"self":[{"href":"https:\/\/www.ventimigliablog.it\/blog\/wp-json\/wp\/v2\/posts\/1255"}],"collection":[{"href":"https:\/\/www.ventimigliablog.it\/blog\/wp-json\/wp\/v2\/posts"}],"about":[{"href":"https:\/\/www.ventimigliablog.it\/blog\/wp-json\/wp\/v2\/types\/post"}],"author":[{"embeddable":true,"href":"https:\/\/www.ventimigliablog.it\/blog\/wp-json\/wp\/v2\/users\/12"}],"replies":[{"embeddable":true,"href":"https:\/\/www.ventimigliablog.it\/blog\/wp-json\/wp\/v2\/comments?post=1255"}],"version-history":[{"count":0,"href":"https:\/\/www.ventimigliablog.it\/blog\/wp-json\/wp\/v2\/posts\/1255\/revisions"}],"wp:attachment":[{"href":"https:\/\/www.ventimigliablog.it\/blog\/wp-json\/wp\/v2\/media?parent=1255"}],"wp:term":[{"taxonomy":"category","embeddable":true,"href":"https:\/\/www.ventimigliablog.it\/blog\/wp-json\/wp\/v2\/categories?post=1255"},{"taxonomy":"post_tag","embeddable":true,"href":"https:\/\/www.ventimigliablog.it\/blog\/wp-json\/wp\/v2\/tags?post=1255"}],"curies":[{"name":"wp","href":"https:\/\/api.w.org\/{rel}","templated":true}]}}