{"id":1272,"date":"2013-05-20T23:40:51","date_gmt":"2013-05-20T21:40:51","guid":{"rendered":"http:\/\/www.ventimigliablog.it\/blog\/?p=1272"},"modified":"2013-07-11T14:02:08","modified_gmt":"2013-07-11T12:02:08","slug":"la-ciclabile-gia-realizzata","status":"publish","type":"post","link":"https:\/\/www.ventimigliablog.it\/blog\/la-ciclabile-gia-realizzata\/","title":{"rendered":"La ciclabile gi\u00e0 realizzata"},"content":{"rendered":"<p>Mentre cercavo di organizzare le mie vacanze, mi sono imbattuto in questo proposta particolare fatta da un tour operator abbastanza famoso per gli amanti della bicicletta&#8230; &#8230;insomma, con un p\u00f2 di fantasia, propongono una pedalata estiva di 5 giorni nel nostro piccolo mondo, lungo &#8220;la ciclabile tra Ventimiglia e Genova&#8221;! Chiss\u00e0 che un futuro &#8211; quanto pi\u00f9 prossimo possibile &#8211; il percorso Ventimigliese possa davvero essere fatto lungo una ciclabile vera e propria. Nel frattempo non posso che apprezzare lo sforzo di fantasia di queste persone e augurarmi che l&#8217;iniziativa privata copra le pericolose lacune delle attuali amministrazioni&#8230;<!--more--><\/p>\n<p>Qui sotto il programma, per chi volesse cimentarsi nell&#8217;impresa!<\/p>\n<p><strong>1\u00b0 Ventimiglia.<\/strong><\/p>\n<p><em id=\"__mceDel\">Arrivo individuale a Ventimiglia, la \u201cporta orientale dell\u2019Italia\u201d: a pochissimi chilometri dalla sfavillante Costa Azzurra, Ventimiglia \u00e8 una cittadina di confine elegante e fiorita. Accoglienza e sistemazione dalle 19; dopo cena, presentazione del percorso.<\/em><\/p>\n<p><strong>2\u00b0 Ventimiglia-Imperia (50 km).<\/strong><br \/>\nLasciamo il fiume Roja alle spalle ed iniziamo a pedalare sulla Rivera dei Fiori, accompagnati dai colori delle bougainvillee che si arrampicano sui muri. Dopo qualche chilometro raggiungiamo Bordighera, una delle citt\u00e0 pi\u00f9 eleganti della riviera. Pedalando tra le palme che si contendono il territorio con gli alberi di limoni, aranci e mandarini, ci ritroviamo sulla pista ciclopedonale che da Ospedaletti ci condurr\u00e0 in a San Lorenzo. Lungo il percorso passeremo per Sanremo, citt\u00e0 dei Fiori per eccellenza, sede del Festival, classicissima tappa per i ciclisti e chi pi\u00f9 ne ha pi\u00f9 ne metta&#8230; Ancora qualche chilometro per arrivare ad Imperia, dove ci fermiamo per il pernottamento.<\/p>\n<p><strong>3\u00b0 Imperia-Alassio (45 km).<\/strong><br \/>\nDopo colazione, pedalando ancora verso oriente, lasciamo Imperia e le sue case di pescatori per raggiungere il golfo di Diano Marina: tre chilometri di bellissima costa tra spiagge sabbiose e scogli. Sostiamo al piccolo paese di Cervo, vero e proprio gioiello storico-architettonico arroccato su uno sperone strategico che si staglia contro l\u2019azzurro del cielo, appena sopra il mare. Cervo \u00e8 ricca di storia e di opere d\u2019arte, cosa che ne fa il punto di maggiore attrazione paesaggistica dell\u2019intera area del dianese. Da non dimenticare anche San Bartolomeo al Mare, tranquillo centro balneare sulla costa vicino alla foce del torrente Steria. Nell\u2019ultimo tratto lasciamo la Riviera dei Fiori e raggiungiamo Alassio, dove dormiremo.<\/p>\n<p><strong>4\u00b0 Alassio-Finale Ligure (45 km).<\/strong><br \/>\nSiamo oramai sulla costa delle Palme che ci accompagner\u00e0 per i prossimi giorni in bici. Lasciamo Alassio alle spalle, non prima di aver assaggiato i suoi celebri Baci in una delle rinomate pasticcerie: per trovare la migliore non rester\u00e0 che inoltrarsi tra i vicoli del centro storico che si diramano dal lungo carruggio parallelo al mare, stretto tra case antiche e negozi moderni. Raggiungendo e superando la foce del Fiume Centa, scopriremo i piccoli paesi che costituiscono le perle di questa parte di Liguria. Passiamo per Albenga ed il suo centro storico medievale; Ceriale ed i suoi bastioni costruiti nel 1564 in difesa dagli attacchi dei pirati; Borghetto Santo Spirito ed il suo borgo cinto da mura; Loano ed il suo Palazzo Doria, considerato uno dei palazzi pi\u00f9 rappresentativi del Rinascimento civile in Liguria; Pietra Ligure e lo sperone di roccia calcarea a cui deve il nome. Soddisfatti e felici raggiungiamo la nostra meta Finale (Ligure)!<\/p>\n<p><strong>5\u00b0 Finale Ligure-Savona (35 km).<\/strong><br \/>\nDopo colazione tempo a disposizione per una rilassante passeggiata sul lungomare di Finalmarina, oppure per una pi\u00f9 atletica visita di Finalborgo, il pi\u00f9 interessante dei nuclei urbani di Finale Ligure, di fatto entrato da qualche anno nel novero dei \u201cBorghi pi\u00f9 belli d\u2019Italia\u201d. Riprendiamo le biciclette per raggiungere dopo pochi chilometri le spiagge sabbiose di Virigotti, dove una sosta ci permetter\u00e0 di immergerci nelle acque verdi che qui sono limpidissime. Nel pomeriggio pedaliamo nella baia di Noli, sullo sfondo del paesino tipicamente medievale che, antica repubblica marinara, conserva torri, palazzi e una cinta muraria che sale all&#8217;antico castello. Ancora qualche chilometro per raggiungere Spotorno e la sua baia, e a seguire Bergeggi, dove troviamo un\u2019area marina protetta. Arriviamo quindi a Savona, cuore della Riviera ligure di Ponente, capoluogo dalla ricca storia e tuttora importante stazione marittima.<\/p>\n<p><strong>6\u00b0 Savona-Arenzano-Genova\u00a0<strong>(25 km in bici + 25 km in treno)<\/strong>.<\/strong><br \/>\nPedalando sull\u2019ultimo tratto della Riviera delle Palme, oggi raggiungiamo Albissola Marina, citt\u00e0 della ceramica. Qui scopriremo lo splendido mosaico a cielo aperto della \u201cpasseggiata degli artisti\u201d, un chilometro di mosaici creati da artisti di fama mondiale che colorano il lungomare. Tra i carruggi di Celle Ligure, in localit\u00e0 Piani, potremo poi ammirare un altorilievo in terracotta di Lucio Fontana sulla facciata della chiesa dell\u2019Assunta. Continuiamo per Varazze, ultima rinomata meta turistica della Riviera delle Palme, e raggiungiamo Arenzano. Qui abbandoniamo definitivamente le nostre bici arancioni e in treno arriviamo a Genova, per trascorrere l\u2019ultima parte della giornata alla scoperta dei suoi contrasti tra storia e modernit\u00e0.<\/p>\n<p><strong>7\u00b0 Genova.<\/strong><br \/>\nDopo colazione saluti e baci: alla prossima pedalata!<\/p>\n\t<div class=\"quickshare-container\">\r\n\t<ul class=\"quickshare-text qs-genericons quickshare-small\">\r\n\t\t<li class=\"quickshare-share\">Condividi :<\/li> \r\n\t\t<li><a href=\"https:\/\/facebook.com\/sharer.php?u=https%3A%2F%2Fwww.ventimigliablog.it%2Fblog%2Fla-ciclabile-gia-realizzata%2F&amp;t=La+ciclabile+gi%C3%A0+realizzata+<+Ventimigliablog\" target=\"_blank\" title=\"Share on Facebook\"><span class=\"quickshare-facebook\">Facebook<\/span><\/a><\/li>\t\t<li><a href=\"https:\/\/twitter.com\/intent\/tweet?url=https%3A%2F%2Fwww.ventimigliablog.it%2Fblog%2Fla-ciclabile-gia-realizzata%2F&amp;text=La+ciclabile+gi%C3%A0+realizzata+<+Ventimigliablog\" target=\"_blank\" title=\"Share on Twitter\"><span class=\"quickshare-twitter\">Twitter<\/span><\/a><\/li>\t\t\t\t\t\t<li><a href=\"https:\/\/plus.google.com\/share?url=https%3A%2F%2Fwww.ventimigliablog.it%2Fblog%2Fla-ciclabile-gia-realizzata%2F\" target=\"_blank\" title=\"Share on Google+\"><span class=\"quickshare-googleplus\">Google+<\/span><\/a><\/li>\t\t\t\t\t\t\t\t<li><a href=\"mailto:?subject=Ventimigliablog:+La+ciclabile+gi%C3%A0+realizzata&amp;body=https%3A%2F%2Fwww.ventimigliablog.it%2Fblog%2Fla-ciclabile-gia-realizzata%2F\" target=\"_blank\" title=\"Share via Email\"><span class=\"quickshare-email\">Email<\/span><\/a><\/li>\t<\/ul>\r\n\t<\/div>\r\n","protected":false},"excerpt":{"rendered":"<p>Mentre cercavo di organizzare le mie vacanze, mi sono imbattuto in questo proposta particolare fatta da un tour operator abbastanza famoso per gli amanti della bicicletta&#8230; &#8230;insomma, con un p\u00f2 di fantasia, propongono una pedalata estiva di 5 giorni nel &hellip; <a href=\"https:\/\/www.ventimigliablog.it\/blog\/la-ciclabile-gia-realizzata\/\">Continua a leggere<span class=\"meta-nav\">&rarr;<\/span><\/a><\/p>\n","protected":false},"author":12,"featured_media":0,"comment_status":"open","ping_status":"closed","sticky":false,"template":"","format":"standard","meta":{"ngg_post_thumbnail":0,"footnotes":""},"categories":[1],"tags":[],"_links":{"self":[{"href":"https:\/\/www.ventimigliablog.it\/blog\/wp-json\/wp\/v2\/posts\/1272"}],"collection":[{"href":"https:\/\/www.ventimigliablog.it\/blog\/wp-json\/wp\/v2\/posts"}],"about":[{"href":"https:\/\/www.ventimigliablog.it\/blog\/wp-json\/wp\/v2\/types\/post"}],"author":[{"embeddable":true,"href":"https:\/\/www.ventimigliablog.it\/blog\/wp-json\/wp\/v2\/users\/12"}],"replies":[{"embeddable":true,"href":"https:\/\/www.ventimigliablog.it\/blog\/wp-json\/wp\/v2\/comments?post=1272"}],"version-history":[{"count":0,"href":"https:\/\/www.ventimigliablog.it\/blog\/wp-json\/wp\/v2\/posts\/1272\/revisions"}],"wp:attachment":[{"href":"https:\/\/www.ventimigliablog.it\/blog\/wp-json\/wp\/v2\/media?parent=1272"}],"wp:term":[{"taxonomy":"category","embeddable":true,"href":"https:\/\/www.ventimigliablog.it\/blog\/wp-json\/wp\/v2\/categories?post=1272"},{"taxonomy":"post_tag","embeddable":true,"href":"https:\/\/www.ventimigliablog.it\/blog\/wp-json\/wp\/v2\/tags?post=1272"}],"curies":[{"name":"wp","href":"https:\/\/api.w.org\/{rel}","templated":true}]}}