{"id":1293,"date":"2013-05-28T23:44:44","date_gmt":"2013-05-28T21:44:44","guid":{"rendered":"http:\/\/www.ventimigliablog.it\/blog\/?p=1293"},"modified":"2013-07-11T14:02:44","modified_gmt":"2013-07-11T12:02:44","slug":"elezioni-2013","status":"publish","type":"post","link":"https:\/\/www.ventimigliablog.it\/blog\/elezioni-2013\/","title":{"rendered":"elezioni 2013"},"content":{"rendered":"<p>Come era prevedibile, il movimento 5 stelle \u00e8 imploso. Non lo dico certamente con allegria: non c&#8217;\u00e8 da essere allegri di fronte alla delusione di 8.000.000 di italiani che speravano di aver trovato la via per un futuro migliore e si sono ritrovati di fronte il baratro del nulla, di fronte ad un gruppo di persone che scappavano il pi\u00f9 velocemente possibile dalle loro responsabilit\u00e0, che si nascondevano dalla possibilit\u00e0 di cambiare questa Italia.<!--more--><\/p>\n<p>La sensazione, purtroppo, \u00e8 che la protesta di tanti blog sia solo fine a se stessa, sia solo uno strumento diverso per &#8220;fottere&#8221; gli italiani, per vendergli il prodotto politico in modo diverso. Per fare dei test su delle cavie destinate al macello, in un economia sempre pi\u00f9 disperata dove le cose che hanno un senso sono sempre meno. E poi c&#8217;\u00e8 la mafia, la corruzione, l&#8217;inciucio, tutte le cose su cui nessuno davvero vuole lottare e che vengono usati come armi per abbattere il nemico politico. Mentre le nostre citt\u00e0 affondano, lo Stato scompare e gli altri popoli ridono di quel popolo che un tempo gli port\u00f2 cultura e progresso.<\/p>\n<p>Faccio tanti auguri ai nuovi sindaci della zona, di qualsiasi partito essi siano. Che possano iniziare un percorso di cambiamento della nostra zona. Che sappiano tirar fuori l&#8217;orgoglio dai cittadini del Ponente Ligure. \u00a0Che non permettano a nessuno di chiamarli mafiosi. Che sappiano creare il futuro.<\/p>\n<p>28 maggio 2013 &#8211; Albino Dicerto<\/p>\n\t<div class=\"quickshare-container\">\r\n\t<ul class=\"quickshare-text qs-genericons quickshare-small\">\r\n\t\t<li class=\"quickshare-share\">Condividi :<\/li> \r\n\t\t<li><a href=\"https:\/\/facebook.com\/sharer.php?u=https%3A%2F%2Fwww.ventimigliablog.it%2Fblog%2Felezioni-2013%2F&amp;t=elezioni+2013+<+Ventimigliablog\" target=\"_blank\" title=\"Share on Facebook\"><span class=\"quickshare-facebook\">Facebook<\/span><\/a><\/li>\t\t<li><a href=\"https:\/\/twitter.com\/intent\/tweet?url=https%3A%2F%2Fwww.ventimigliablog.it%2Fblog%2Felezioni-2013%2F&amp;text=elezioni+2013+<+Ventimigliablog\" target=\"_blank\" title=\"Share on Twitter\"><span class=\"quickshare-twitter\">Twitter<\/span><\/a><\/li>\t\t\t\t\t\t<li><a href=\"https:\/\/plus.google.com\/share?url=https%3A%2F%2Fwww.ventimigliablog.it%2Fblog%2Felezioni-2013%2F\" target=\"_blank\" title=\"Share on Google+\"><span class=\"quickshare-googleplus\">Google+<\/span><\/a><\/li>\t\t\t\t\t\t\t\t<li><a href=\"mailto:?subject=Ventimigliablog:+elezioni+2013&amp;body=https%3A%2F%2Fwww.ventimigliablog.it%2Fblog%2Felezioni-2013%2F\" target=\"_blank\" title=\"Share via Email\"><span class=\"quickshare-email\">Email<\/span><\/a><\/li>\t<\/ul>\r\n\t<\/div>\r\n","protected":false},"excerpt":{"rendered":"<p>Come era prevedibile, il movimento 5 stelle \u00e8 imploso. Non lo dico certamente con allegria: non c&#8217;\u00e8 da essere allegri di fronte alla delusione di 8.000.000 di italiani che speravano di aver trovato la via per un futuro migliore e &hellip; <a href=\"https:\/\/www.ventimigliablog.it\/blog\/elezioni-2013\/\">Continua a leggere<span class=\"meta-nav\">&rarr;<\/span><\/a><\/p>\n","protected":false},"author":12,"featured_media":0,"comment_status":"open","ping_status":"closed","sticky":false,"template":"","format":"standard","meta":{"ngg_post_thumbnail":0,"footnotes":""},"categories":[1],"tags":[],"_links":{"self":[{"href":"https:\/\/www.ventimigliablog.it\/blog\/wp-json\/wp\/v2\/posts\/1293"}],"collection":[{"href":"https:\/\/www.ventimigliablog.it\/blog\/wp-json\/wp\/v2\/posts"}],"about":[{"href":"https:\/\/www.ventimigliablog.it\/blog\/wp-json\/wp\/v2\/types\/post"}],"author":[{"embeddable":true,"href":"https:\/\/www.ventimigliablog.it\/blog\/wp-json\/wp\/v2\/users\/12"}],"replies":[{"embeddable":true,"href":"https:\/\/www.ventimigliablog.it\/blog\/wp-json\/wp\/v2\/comments?post=1293"}],"version-history":[{"count":0,"href":"https:\/\/www.ventimigliablog.it\/blog\/wp-json\/wp\/v2\/posts\/1293\/revisions"}],"wp:attachment":[{"href":"https:\/\/www.ventimigliablog.it\/blog\/wp-json\/wp\/v2\/media?parent=1293"}],"wp:term":[{"taxonomy":"category","embeddable":true,"href":"https:\/\/www.ventimigliablog.it\/blog\/wp-json\/wp\/v2\/categories?post=1293"},{"taxonomy":"post_tag","embeddable":true,"href":"https:\/\/www.ventimigliablog.it\/blog\/wp-json\/wp\/v2\/tags?post=1293"}],"curies":[{"name":"wp","href":"https:\/\/api.w.org\/{rel}","templated":true}]}}