{"id":1318,"date":"2013-06-06T19:10:48","date_gmt":"2013-06-06T17:10:48","guid":{"rendered":"http:\/\/www.ventimigliablog.it\/blog\/?p=1318"},"modified":"2013-07-11T14:04:45","modified_gmt":"2013-07-11T12:04:45","slug":"taylorismo-applicato","status":"publish","type":"post","link":"https:\/\/www.ventimigliablog.it\/blog\/taylorismo-applicato\/","title":{"rendered":"Taylorismo applicato"},"content":{"rendered":"<p>Mi \u00e8 ricapitato in mano un testo dei primi anni dell&#8217;universit\u00e0. Si tratta di un libretto di poche pagine con il quale Taylor, chiamato a difendere il &#8220;taylorismo&#8221;, spiega quello che secondo lui era il dramma dell&#8217;umanit\u00e0: l&#8217;aver pensato, per tanto tempo, che l&#8217;imprenditore e i lavoratori delle fabbriche incarnassero, senza ombra di dubbio, due parti distinte e contrapposte del problema della distribuzione della ricchezza nel mondo. Sostiene, con una chiarezza espositiva che mai riuscir\u00f2 a pareggiare, che il fermarsi a litigare per dividere un pasticcino in 100 parti ha fatto perdere all&#8217;umanit\u00e0 la possibilit\u00e0 di costruire una torta talmente tanto grande che nessuno avrebbe mai dovuto litigare per dividerla. Dopo questa semplice chiacchierata, Taylor prende e crea le nuove fabbriche, le nuove industrie e, insieme a Henry Ford, crea il nuovo mondo, quello in cui anche io, di umili origini, posso permettermi un&#8217;auto.<!--more--><\/p>\n<p>Insomma, dal mio motorino, pensavo che la mia citt\u00e0, e spesso anche io, \u00a0ha dato vita a questo dramma. Il dramma del dividersi gli spiccioli, senza rendersi conto che una citt\u00e0 non \u00e8 un insieme di interessi contrapposti ma \u00e8 una comunit\u00e0 di persone che potrebbero mangiare una torta immensa ed essere felici. Ho ripensato poi anche alle parole di Saviano dell&#8217;altra sera, del fatto &#8211; anche questo piuttosto ovvio &#8211; che la mafia si annida l\u00e0 dove esiste la povert\u00e0 e, dalla povert\u00e0, ricava ricchezza e potere.<\/p>\n<p>Ecco, pensavo questo oggi.<\/p>\n<p>Che se davvero in questa Citt\u00e0 e in questo Stato si vuole sconfiggere la mafia, forse non bisogna tentare di sconfiggere la mafia quanto, invece, la povert\u00e0. E chiunque di noi rappresenti interessi &#8220;partigiani&#8221;, magari spacciandosi per un giusto che combatte la malvagit\u00e0, non fa altro che disossare terreno fertile dove la mafia pu\u00f2 seminare e raccogliere.<\/p>\n<p>6 giugno 2013 &#8211; Albino Dicerto<\/p>\n<p>Allego il primo capitolo del testo di Taylor&#8230;purtroppo \u00e8 inglese, non ho trovato una versione italiana&#8230; Magari nei prossimi giorni ne far\u00f2 una traduzione!<\/p>\n<p>&nbsp;<\/p>\n<p>FUNDAMENTALS OF SCIENTIFIC MANAGEMENT<br \/>\nThe principal object of management should be to secure the maximum prosperity<br \/>\nfor the employer, coupled with the maximum prosperity for each employee.<\/p>\n<p>The words &#8220;maximum prosperity&#8221; are used, in their broad sense, to mean not<br \/>\nonly large dividends for the company or owner, but the development of every<br \/>\nbranch of the business to its highest state of excellence, so that the<br \/>\nprosperity may be permanent.<br \/>\nIn the same way maximum prosperity for each employee means not only higher<br \/>\nwages than are usually received by men of his class, but, of more importance<br \/>\nstill, it also means the development of each man to his state of maximum<br \/>\nefficiency, so that he may be able to do, generally speaking, the highest<br \/>\ngrade of work for which his natural abilities fit him, and it further means<br \/>\ngiving him, when possible, this class of work to do.<br \/>\nIt would seem to be so self-evident that maximum prosperity for the employer,<br \/>\ncoupled with maximum prosperity for the employee, ought to be the two leading<br \/>\nobjects of management, that even to state this fact should be unnecessary.<br \/>\nAnd yet there is no question that, throughout the industrial world, a large<br \/>\npart of the organization of employers, as well as employees, is for war<br \/>\nrather than for peace, and that perhaps the majority on either side do not<br \/>\nbelieve that it is possible so to arrange their mutual relations that their<br \/>\ninterests become identical.<\/p>\n<p>&nbsp;<\/p>\n\t<div class=\"quickshare-container\">\r\n\t<ul class=\"quickshare-text qs-genericons quickshare-small\">\r\n\t\t<li class=\"quickshare-share\">Condividi :<\/li> \r\n\t\t<li><a href=\"https:\/\/facebook.com\/sharer.php?u=https%3A%2F%2Fwww.ventimigliablog.it%2Fblog%2Ftaylorismo-applicato%2F&amp;t=Taylorismo+applicato+<+Ventimigliablog\" target=\"_blank\" title=\"Share on Facebook\"><span class=\"quickshare-facebook\">Facebook<\/span><\/a><\/li>\t\t<li><a href=\"https:\/\/twitter.com\/intent\/tweet?url=https%3A%2F%2Fwww.ventimigliablog.it%2Fblog%2Ftaylorismo-applicato%2F&amp;text=Taylorismo+applicato+<+Ventimigliablog\" target=\"_blank\" title=\"Share on Twitter\"><span class=\"quickshare-twitter\">Twitter<\/span><\/a><\/li>\t\t\t\t\t\t<li><a href=\"https:\/\/plus.google.com\/share?url=https%3A%2F%2Fwww.ventimigliablog.it%2Fblog%2Ftaylorismo-applicato%2F\" target=\"_blank\" title=\"Share on Google+\"><span class=\"quickshare-googleplus\">Google+<\/span><\/a><\/li>\t\t\t\t\t\t\t\t<li><a href=\"mailto:?subject=Ventimigliablog:+Taylorismo+applicato&amp;body=https%3A%2F%2Fwww.ventimigliablog.it%2Fblog%2Ftaylorismo-applicato%2F\" target=\"_blank\" title=\"Share via Email\"><span class=\"quickshare-email\">Email<\/span><\/a><\/li>\t<\/ul>\r\n\t<\/div>\r\n","protected":false},"excerpt":{"rendered":"<p>Mi \u00e8 ricapitato in mano un testo dei primi anni dell&#8217;universit\u00e0. Si tratta di un libretto di poche pagine con il quale Taylor, chiamato a difendere il &#8220;taylorismo&#8221;, spiega quello che secondo lui era il dramma dell&#8217;umanit\u00e0: l&#8217;aver pensato, per &hellip; <a href=\"https:\/\/www.ventimigliablog.it\/blog\/taylorismo-applicato\/\">Continua a leggere<span class=\"meta-nav\">&rarr;<\/span><\/a><\/p>\n","protected":false},"author":12,"featured_media":0,"comment_status":"open","ping_status":"closed","sticky":false,"template":"","format":"standard","meta":{"ngg_post_thumbnail":0,"footnotes":""},"categories":[1],"tags":[],"_links":{"self":[{"href":"https:\/\/www.ventimigliablog.it\/blog\/wp-json\/wp\/v2\/posts\/1318"}],"collection":[{"href":"https:\/\/www.ventimigliablog.it\/blog\/wp-json\/wp\/v2\/posts"}],"about":[{"href":"https:\/\/www.ventimigliablog.it\/blog\/wp-json\/wp\/v2\/types\/post"}],"author":[{"embeddable":true,"href":"https:\/\/www.ventimigliablog.it\/blog\/wp-json\/wp\/v2\/users\/12"}],"replies":[{"embeddable":true,"href":"https:\/\/www.ventimigliablog.it\/blog\/wp-json\/wp\/v2\/comments?post=1318"}],"version-history":[{"count":0,"href":"https:\/\/www.ventimigliablog.it\/blog\/wp-json\/wp\/v2\/posts\/1318\/revisions"}],"wp:attachment":[{"href":"https:\/\/www.ventimigliablog.it\/blog\/wp-json\/wp\/v2\/media?parent=1318"}],"wp:term":[{"taxonomy":"category","embeddable":true,"href":"https:\/\/www.ventimigliablog.it\/blog\/wp-json\/wp\/v2\/categories?post=1318"},{"taxonomy":"post_tag","embeddable":true,"href":"https:\/\/www.ventimigliablog.it\/blog\/wp-json\/wp\/v2\/tags?post=1318"}],"curies":[{"name":"wp","href":"https:\/\/api.w.org\/{rel}","templated":true}]}}