{"id":1322,"date":"2013-06-07T23:44:34","date_gmt":"2013-06-07T21:44:34","guid":{"rendered":"http:\/\/www.ventimigliablog.it\/blog\/?p=1322"},"modified":"2013-07-11T14:05:02","modified_gmt":"2013-07-11T12:05:02","slug":"storia-della-buonanotte","status":"publish","type":"post","link":"https:\/\/www.ventimigliablog.it\/blog\/storia-della-buonanotte\/","title":{"rendered":"Storia della buonanotte"},"content":{"rendered":"<p>Cesare si alz\u00f2 presto quella mattina. Aveva dormito come non gli capitava da tanto tempo. Non gli capitava a Roma, tra le mura della citt\u00e0 pi\u00f9 bella del mondo, non gli capitava da molto tempo in molte delle citt\u00e0 che aveva avuto occasione di visitare. Quando si recava da Domizio, suo fedelissimo servitore Ventimigliese, nella sua villa proprio di fronte al mare, dimenticava tutti gli affanni della guerra, dei morti, dell\u2019Impero, delle trame di palazzo, dei soldi. Allontanava le guardie e si sedeva a riposare gli occhi guardando l\u2019orizzonte, seguendolo con lo sguardo, spostandosi sulla destra, sino ad incontrare le meravigliose colline poco pi\u00f9 a Ovest, tra Capo Mortola e Cap D\u2019Ail. Era il posto dove sicuramente avrebbe passato la sua vecchiaia, pensava Cesare, ripartendo per il suo viaggio verso la capitale.<!--more--><\/p>\n<p>Quel pomeriggio, avvenne il fattaccio. Mancavano pi\u00f9 o meno 49 anni alla nascita di Cristo quando i soldati di Demetrio entrarono di soppiatto nella villa di Domizio e lo uccisero. Per il solo fatto di essere fedele all\u2019Impero. Poi, sicuri del loro successo, marciaro verso il centro di Ventimiglia, pronti a raccogliere la gloria di coloro che vincono. <i>Il popolo \u2013 <\/i>pensavano<i> \u2013 non sa, non comprende. I Ventimigliesi non capiscono, salgono sul carro del vincitore, sono contadini senza cervello<\/i>. Mentre camminavano, si affiancavano al gruppo di soldati alcuni contadini, altri cittadini ed altri ancora, sino a formare un discreto gruppetto. <i>Ecco<\/i> \u2013 pensavano i soldati di Demetrio \u2013 <i>ecco, il popolo che ci accoglie come vincitori<\/i>. Il discreto gruppetto divent\u00f2 presto una folla e poi un popolo. Che prese le armi, i forconi e tutto ci\u00f2 che poteva essere utile per la guerra. <i>Civitas ad arma iit<\/i> e del malvagio Demetrio e del suo esercito che uccise Domizio, servo di Cesare, non si trov\u00f2 pi\u00f9 traccia. Insomma, alla fine, per calmare i Ventimigliesi ci volle un bel po\u2019 di tempo e l\u2019intervento dell\u2019esercito che riusc\u00ec, non senza problemi, a riportare la calma. Cesare, saputo dell\u2019accaduto, decise di premiare la citt\u00e0 per la sua fedelt\u00e0 facendola diventare Municipio dell\u2019Impero.<\/p>\n<p>7 giugno 2013 &#8211; Albino Dicerto<\/p>\n\t<div class=\"quickshare-container\">\r\n\t<ul class=\"quickshare-text qs-genericons quickshare-small\">\r\n\t\t<li class=\"quickshare-share\">Condividi :<\/li> \r\n\t\t<li><a href=\"https:\/\/facebook.com\/sharer.php?u=https%3A%2F%2Fwww.ventimigliablog.it%2Fblog%2Fstoria-della-buonanotte%2F&amp;t=Storia+della+buonanotte+<+Ventimigliablog\" target=\"_blank\" title=\"Share on Facebook\"><span class=\"quickshare-facebook\">Facebook<\/span><\/a><\/li>\t\t<li><a href=\"https:\/\/twitter.com\/intent\/tweet?url=https%3A%2F%2Fwww.ventimigliablog.it%2Fblog%2Fstoria-della-buonanotte%2F&amp;text=Storia+della+buonanotte+<+Ventimigliablog\" target=\"_blank\" title=\"Share on Twitter\"><span class=\"quickshare-twitter\">Twitter<\/span><\/a><\/li>\t\t\t\t\t\t<li><a href=\"https:\/\/plus.google.com\/share?url=https%3A%2F%2Fwww.ventimigliablog.it%2Fblog%2Fstoria-della-buonanotte%2F\" target=\"_blank\" title=\"Share on Google+\"><span class=\"quickshare-googleplus\">Google+<\/span><\/a><\/li>\t\t\t\t\t\t\t\t<li><a href=\"mailto:?subject=Ventimigliablog:+Storia+della+buonanotte&amp;body=https%3A%2F%2Fwww.ventimigliablog.it%2Fblog%2Fstoria-della-buonanotte%2F\" target=\"_blank\" title=\"Share via Email\"><span class=\"quickshare-email\">Email<\/span><\/a><\/li>\t<\/ul>\r\n\t<\/div>\r\n","protected":false},"excerpt":{"rendered":"<p>Cesare si alz\u00f2 presto quella mattina. Aveva dormito come non gli capitava da tanto tempo. Non gli capitava a Roma, tra le mura della citt\u00e0 pi\u00f9 bella del mondo, non gli capitava da molto tempo in molte delle citt\u00e0 che &hellip; <a href=\"https:\/\/www.ventimigliablog.it\/blog\/storia-della-buonanotte\/\">Continua a leggere<span class=\"meta-nav\">&rarr;<\/span><\/a><\/p>\n","protected":false},"author":12,"featured_media":0,"comment_status":"open","ping_status":"closed","sticky":false,"template":"","format":"standard","meta":{"ngg_post_thumbnail":0,"footnotes":""},"categories":[1],"tags":[],"_links":{"self":[{"href":"https:\/\/www.ventimigliablog.it\/blog\/wp-json\/wp\/v2\/posts\/1322"}],"collection":[{"href":"https:\/\/www.ventimigliablog.it\/blog\/wp-json\/wp\/v2\/posts"}],"about":[{"href":"https:\/\/www.ventimigliablog.it\/blog\/wp-json\/wp\/v2\/types\/post"}],"author":[{"embeddable":true,"href":"https:\/\/www.ventimigliablog.it\/blog\/wp-json\/wp\/v2\/users\/12"}],"replies":[{"embeddable":true,"href":"https:\/\/www.ventimigliablog.it\/blog\/wp-json\/wp\/v2\/comments?post=1322"}],"version-history":[{"count":0,"href":"https:\/\/www.ventimigliablog.it\/blog\/wp-json\/wp\/v2\/posts\/1322\/revisions"}],"wp:attachment":[{"href":"https:\/\/www.ventimigliablog.it\/blog\/wp-json\/wp\/v2\/media?parent=1322"}],"wp:term":[{"taxonomy":"category","embeddable":true,"href":"https:\/\/www.ventimigliablog.it\/blog\/wp-json\/wp\/v2\/categories?post=1322"},{"taxonomy":"post_tag","embeddable":true,"href":"https:\/\/www.ventimigliablog.it\/blog\/wp-json\/wp\/v2\/tags?post=1322"}],"curies":[{"name":"wp","href":"https:\/\/api.w.org\/{rel}","templated":true}]}}