{"id":1332,"date":"2013-06-09T01:38:03","date_gmt":"2013-06-08T23:38:03","guid":{"rendered":"http:\/\/www.ventimigliablog.it\/blog\/?p=1332"},"modified":"2013-07-11T14:05:20","modified_gmt":"2013-07-11T12:05:20","slug":"il-ruolo-tares-del-comune-di-ventimiglia-2","status":"publish","type":"post","link":"https:\/\/www.ventimigliablog.it\/blog\/il-ruolo-tares-del-comune-di-ventimiglia-2\/","title":{"rendered":"IL RUOLO TARES DEL COMUNE DI VENTIMIGLIA"},"content":{"rendered":"<p>Il Comune di Ventimiglia ha finalmente emesso il ruolo della nuova Tassa Rifiuti e Servizi . Gli avvisi bonari stanno gi\u00e0 arrivando nelle case dei cittadini di Ventimiglia e sicuramente faranno sorgere alcune perplessit\u00e0 .<\/p>\n<p>Premetto che la normativa nazionale non ha permesso in alcun modo di mitigare la &#8221; batosta &#8221; che si abbatter\u00e0 sui contribuenti degli oltre 8000 comuni sparsi sul territorio nazionale .<\/p>\n<p><!--more-->\u00a0Si \u00e8 scelto , per Ventimiglia , di dividere il quantum dovuto da ciascun contribuente , in due prime rate ( scadenza 30\/06 e 30\/09 ) che costituiscono il 75% del vecchio ruolo TARSU , per chiudere a dicembre con un&#8217;ultima rata\u00a0 pari al rimanente 25% del ruolo TARSU unitamente al conguaglio necessario a seguito dell&#8217;entrata a regime , delle nuove tariffe TARES . Ma non finisce qui : quest&#8217;anno a dicembre , in aggiunta alla terza rata TARES ci sar\u00e0 da versare anche la quota di 0.30 \u20ac x MQ allo Stato . Es.: per un appartamento di MQ 70\u00a0 ( non dimentichiamocelo !!! ) l&#8217;esborso sar\u00e0 70 x 0.30 = \u20ac 21.00 .<\/p>\n<p>Si presume che nel conguaglio di dicembre con l&#8217;applicazione delle nuove tariffe TARES , l&#8217;aumento per le cosiddette utenze domestiche si attester\u00e0 intorno al 29% in totale ( la percentuale viene ad essere mitigata a seconda dei componenti la famiglia e la superficie dell&#8217;alloggio considerati ) , mentre per le cosiddette utenze non domestiche ( attivit\u00e0 commerciali etc. ) vi potr\u00e0 essere per alcune categorie addirittura una diminuzione intorno al 9% ( anche qui si dovranno considerare le diverse categorie merceologiche e le tipologie di attivit\u00e0 ) . Attenzione : quanto detto vale in media , \u00e8 frutto di calcoli ed elaborazioni generali , si deve poi andare nello specifico ,caso per caso , per poter calcolare esattamente l&#8217;incremento o la diminuzione in bolletta rispetto al regime di TARSU ) .<\/p>\n<p>Per Ventimiglia l&#8217;applicazione della Tariffa in luogo della Tassa , \u00e8 una novit\u00e0 , dato s\u00ec che in altri comuni italiani si \u00e8 gi\u00e0 passati negli scorsi anni ad un regime di tariffa ( TIA 1 e TIA 2 ) . Questo passaggio non \u00e8 mai stato applicato nel nostro comune\u00a0per semplice motivo : la tariffa obbliga il comune che la applica a scaricare integralmente sul cittadino il costo della raccolta e smaltimento dei rifiuti solidi urbani . Esempio : se il servizio costa 100 al comune , lo stesso deve incassare 100 dal cittadino . Con la tassa non era cos\u00ec : fatto 100 il costo del servizio , con la tassa si poteva coprire al massimo 90 &#8211; 95 , il\u00a0 10 doveva essere reperito da altre voci del bilancio comunale . Oltre a cio&#8217; il nuovo regime TARES ( lo dice la sigla stessa tassa rifiuti e servizi ) deve coprire altres\u00ec il costo dei cosiddetti servizi indivisibili ( cura del verde orizzontale e verticale , illuminazione pubblica , etc. ) . Tutti costi precedentemente reperiti da altre voci di bilancio , non pagati direttamente dai cittadini . Per la maggior parte dei cittadini si tratter\u00e0 di un brusco risveglio , ma io inviterei tutti a ragionare su un aspetto : ci lamentiamo perch\u00e9 la tassa rifiuti \u00e8 troppo alta , ma perch\u00e9 nessuno comincia a comprendere che ci sarebbe bisogno di una seria politica di smaltimento ( incremento della raccolta differenziata , costruzione di impianti inceneritori sicuri nei quali smaltire in tutta tranquillit\u00e0 , etc. ) , una coscienza civica da parte di tutti che porti al rispetto per l&#8217;ambiente che ci circonda , anche acquistando prodotti di aziende che utilizzano materiali riciclati . Ricordate che non serve imputare ai politici colpe che per prime sono nostre !!! Siamo tutti noi cittadini a dover dimostrare responsabilit\u00e0 ed impegno per l&#8217;ambiente che ci circonda .<\/p>\n<p>9 giugno 2013 &#8211; Beatrice Manzini<\/p>\n<p>&nbsp;<\/p>\n\t<div class=\"quickshare-container\">\r\n\t<ul class=\"quickshare-text qs-genericons quickshare-small\">\r\n\t\t<li class=\"quickshare-share\">Condividi :<\/li> \r\n\t\t<li><a href=\"https:\/\/facebook.com\/sharer.php?u=https%3A%2F%2Fwww.ventimigliablog.it%2Fblog%2Fil-ruolo-tares-del-comune-di-ventimiglia-2%2F&amp;t=IL+RUOLO+TARES+DEL+COMUNE+DI+VENTIMIGLIA+<+Ventimigliablog\" target=\"_blank\" title=\"Share on Facebook\"><span class=\"quickshare-facebook\">Facebook<\/span><\/a><\/li>\t\t<li><a href=\"https:\/\/twitter.com\/intent\/tweet?url=https%3A%2F%2Fwww.ventimigliablog.it%2Fblog%2Fil-ruolo-tares-del-comune-di-ventimiglia-2%2F&amp;text=IL+RUOLO+TARES+DEL+COMUNE+DI+VENTIMIGLIA+<+Ventimigliablog\" target=\"_blank\" title=\"Share on Twitter\"><span class=\"quickshare-twitter\">Twitter<\/span><\/a><\/li>\t\t\t\t\t\t<li><a href=\"https:\/\/plus.google.com\/share?url=https%3A%2F%2Fwww.ventimigliablog.it%2Fblog%2Fil-ruolo-tares-del-comune-di-ventimiglia-2%2F\" target=\"_blank\" title=\"Share on Google+\"><span class=\"quickshare-googleplus\">Google+<\/span><\/a><\/li>\t\t\t\t\t\t\t\t<li><a href=\"mailto:?subject=Ventimigliablog:+IL+RUOLO+TARES+DEL+COMUNE+DI+VENTIMIGLIA&amp;body=https%3A%2F%2Fwww.ventimigliablog.it%2Fblog%2Fil-ruolo-tares-del-comune-di-ventimiglia-2%2F\" target=\"_blank\" title=\"Share via Email\"><span class=\"quickshare-email\">Email<\/span><\/a><\/li>\t<\/ul>\r\n\t<\/div>\r\n","protected":false},"excerpt":{"rendered":"<p>Il Comune di Ventimiglia ha finalmente emesso il ruolo della nuova Tassa Rifiuti e Servizi . Gli avvisi bonari stanno gi\u00e0 arrivando nelle case dei cittadini di Ventimiglia e sicuramente faranno sorgere alcune perplessit\u00e0 . Premetto che la normativa nazionale &hellip; <a href=\"https:\/\/www.ventimigliablog.it\/blog\/il-ruolo-tares-del-comune-di-ventimiglia-2\/\">Continua a leggere<span class=\"meta-nav\">&rarr;<\/span><\/a><\/p>\n","protected":false},"author":11,"featured_media":0,"comment_status":"open","ping_status":"closed","sticky":false,"template":"","format":"standard","meta":{"ngg_post_thumbnail":0,"footnotes":""},"categories":[1,6],"tags":[],"_links":{"self":[{"href":"https:\/\/www.ventimigliablog.it\/blog\/wp-json\/wp\/v2\/posts\/1332"}],"collection":[{"href":"https:\/\/www.ventimigliablog.it\/blog\/wp-json\/wp\/v2\/posts"}],"about":[{"href":"https:\/\/www.ventimigliablog.it\/blog\/wp-json\/wp\/v2\/types\/post"}],"author":[{"embeddable":true,"href":"https:\/\/www.ventimigliablog.it\/blog\/wp-json\/wp\/v2\/users\/11"}],"replies":[{"embeddable":true,"href":"https:\/\/www.ventimigliablog.it\/blog\/wp-json\/wp\/v2\/comments?post=1332"}],"version-history":[{"count":0,"href":"https:\/\/www.ventimigliablog.it\/blog\/wp-json\/wp\/v2\/posts\/1332\/revisions"}],"wp:attachment":[{"href":"https:\/\/www.ventimigliablog.it\/blog\/wp-json\/wp\/v2\/media?parent=1332"}],"wp:term":[{"taxonomy":"category","embeddable":true,"href":"https:\/\/www.ventimigliablog.it\/blog\/wp-json\/wp\/v2\/categories?post=1332"},{"taxonomy":"post_tag","embeddable":true,"href":"https:\/\/www.ventimigliablog.it\/blog\/wp-json\/wp\/v2\/tags?post=1332"}],"curies":[{"name":"wp","href":"https:\/\/api.w.org\/{rel}","templated":true}]}}