{"id":1345,"date":"2013-06-10T13:14:20","date_gmt":"2013-06-10T11:14:20","guid":{"rendered":"http:\/\/www.ventimigliablog.it\/blog\/?p=1345"},"modified":"2013-07-11T14:06:10","modified_gmt":"2013-07-11T12:06:10","slug":"da-bevera-e-dintorni","status":"publish","type":"post","link":"https:\/\/www.ventimigliablog.it\/blog\/da-bevera-e-dintorni\/","title":{"rendered":"Da Bevera e dintorni&#8230;!"},"content":{"rendered":"<p>Contentissimo di sapere che, chi mi legge, mi comprende. Il lettore di Bevera e dintorni (e di Ventimigliablog!!!) mi propone alcune precisazioni sul Taylorismo. Il consiglio che do \u00e8 questo: se vogliamo capire il Taylorismo chiediamo a Taylor, se vogliamo capire il Bonazzismo chiediamo a Bonazzi, se vogliamo capire il Dicertismo, chiediamo a Dicerto. Da quest\u2019ultimo, offrendo una birra, potete ottenere praticamente qualsiasi cosa. Io ho una mia lettura del Taylorismo, frutto di un mio personale studio sul testo The Principles of Scientific Management. Non pretendo che sia necessariamente \u201cla lettura\u201d.<!--more--><\/p>\n<p>Il consiglio, generale, per\u00f2, \u00e8 quello di accedere alle fonti dirette, non a quelle riflesse da un seppur autorevole professore, blogger o giornalista. Tutte le volte che qualcuno \u201criferisce qualcosa\u201d distorce necessariamente (e spesso, involontariamente) il messaggio di base. Mi permetto solo di dissentire sul fatto che il Taylorismo sia un\u2019utopia. Il Taylorismo (nella sua applicazione Fordista, gi\u00e0 quindi \u201calterata\u201d rispetto all\u2019originale) \u00e8, come peraltro ci comunica il nostro lettore, una realt\u00e0 talmente vera e cos\u00ec poco utopica, da aver modificato per sempre le vite ed il benessere di ognuno di noi. Ford (e Taylor) hanno aumentato la ricchezza di questo mondo, hanno davvero incredibilmente incrementato le dimensioni della &#8220;torta&#8221;. Sono fatti reali e non utopici. Per quanto riguarda la lotta di classe, consiglio un altro testo. Il mitico Karl Marx scrive un libro lucido almeno quanto quello di Taylor. Sono quasi del tutto convinto che se i due avessero potuto incontrarsi avrebbero avuto molti pi\u00f9 punti in comune di quanti gliene riconosca la storia. Infine, parlando di utopie, cito l\u2019utopia del nostro lettore: <em>\u201cbisognerebbe pensare, fra l&#8217;altro, a come smontare l&#8217;enorme castello di inutili quanto dannosi privilegi elargiti nel tempo da chi ci ha governato e tutt&#8217;ora ci governa, soprattutto ai dipendenti impiegati nel costoso ed inutilmente sovradimensionato apparato della Pubblica Amministrazione e della Politica<\/em>\u201d. Non posso che concordare. E non posso che ringraziare il nostro anonimo lettore per il suo contributo. Parlare di come migliorare quest&#8217;Italia disastrata \u00e8 una cosa che mi da sempre un sacco di gioia. Se la persona con cui parlo \u00e8 una persona di cultura, la cosa mi rende ancora pi\u00f9 felice.<\/p>\n<p>10 giugno 2013 &#8211; Albino Dicerto<\/p>\n\t<div class=\"quickshare-container\">\r\n\t<ul class=\"quickshare-text qs-genericons quickshare-small\">\r\n\t\t<li class=\"quickshare-share\">Condividi :<\/li> \r\n\t\t<li><a href=\"https:\/\/facebook.com\/sharer.php?u=https%3A%2F%2Fwww.ventimigliablog.it%2Fblog%2Fda-bevera-e-dintorni%2F&amp;t=Da+Bevera+e+dintorni%26%238230%3B%21+<+Ventimigliablog\" target=\"_blank\" title=\"Share on Facebook\"><span class=\"quickshare-facebook\">Facebook<\/span><\/a><\/li>\t\t<li><a href=\"https:\/\/twitter.com\/intent\/tweet?url=https%3A%2F%2Fwww.ventimigliablog.it%2Fblog%2Fda-bevera-e-dintorni%2F&amp;text=Da+Bevera+e+dintorni%26%238230%3B%21+<+Ventimigliablog\" target=\"_blank\" title=\"Share on Twitter\"><span class=\"quickshare-twitter\">Twitter<\/span><\/a><\/li>\t\t\t\t\t\t<li><a href=\"https:\/\/plus.google.com\/share?url=https%3A%2F%2Fwww.ventimigliablog.it%2Fblog%2Fda-bevera-e-dintorni%2F\" target=\"_blank\" title=\"Share on Google+\"><span class=\"quickshare-googleplus\">Google+<\/span><\/a><\/li>\t\t\t\t\t\t\t\t<li><a href=\"mailto:?subject=Ventimigliablog:+Da+Bevera+e+dintorni%26%238230%3B%21&amp;body=https%3A%2F%2Fwww.ventimigliablog.it%2Fblog%2Fda-bevera-e-dintorni%2F\" target=\"_blank\" title=\"Share via Email\"><span class=\"quickshare-email\">Email<\/span><\/a><\/li>\t<\/ul>\r\n\t<\/div>\r\n","protected":false},"excerpt":{"rendered":"<p>Contentissimo di sapere che, chi mi legge, mi comprende. Il lettore di Bevera e dintorni (e di Ventimigliablog!!!) mi propone alcune precisazioni sul Taylorismo. Il consiglio che do \u00e8 questo: se vogliamo capire il Taylorismo chiediamo a Taylor, se vogliamo &hellip; <a href=\"https:\/\/www.ventimigliablog.it\/blog\/da-bevera-e-dintorni\/\">Continua a leggere<span class=\"meta-nav\">&rarr;<\/span><\/a><\/p>\n","protected":false},"author":12,"featured_media":0,"comment_status":"open","ping_status":"closed","sticky":false,"template":"","format":"standard","meta":{"ngg_post_thumbnail":0,"footnotes":""},"categories":[1],"tags":[],"_links":{"self":[{"href":"https:\/\/www.ventimigliablog.it\/blog\/wp-json\/wp\/v2\/posts\/1345"}],"collection":[{"href":"https:\/\/www.ventimigliablog.it\/blog\/wp-json\/wp\/v2\/posts"}],"about":[{"href":"https:\/\/www.ventimigliablog.it\/blog\/wp-json\/wp\/v2\/types\/post"}],"author":[{"embeddable":true,"href":"https:\/\/www.ventimigliablog.it\/blog\/wp-json\/wp\/v2\/users\/12"}],"replies":[{"embeddable":true,"href":"https:\/\/www.ventimigliablog.it\/blog\/wp-json\/wp\/v2\/comments?post=1345"}],"version-history":[{"count":0,"href":"https:\/\/www.ventimigliablog.it\/blog\/wp-json\/wp\/v2\/posts\/1345\/revisions"}],"wp:attachment":[{"href":"https:\/\/www.ventimigliablog.it\/blog\/wp-json\/wp\/v2\/media?parent=1345"}],"wp:term":[{"taxonomy":"category","embeddable":true,"href":"https:\/\/www.ventimigliablog.it\/blog\/wp-json\/wp\/v2\/categories?post=1345"},{"taxonomy":"post_tag","embeddable":true,"href":"https:\/\/www.ventimigliablog.it\/blog\/wp-json\/wp\/v2\/tags?post=1345"}],"curies":[{"name":"wp","href":"https:\/\/api.w.org\/{rel}","templated":true}]}}