{"id":1359,"date":"2013-06-12T17:17:56","date_gmt":"2013-06-12T15:17:56","guid":{"rendered":"http:\/\/www.ventimigliablog.it\/blog\/?p=1359"},"modified":"2013-07-11T14:06:45","modified_gmt":"2013-07-11T12:06:45","slug":"1359","status":"publish","type":"post","link":"https:\/\/www.ventimigliablog.it\/blog\/1359\/","title":{"rendered":"Cosa penserebbe Weber"},"content":{"rendered":"<p>Rilancio parte di un post di Bevera e dintorni: &#8220;<em>La citt\u00e0 di Ventimiglia resta comunque senza il parcheggio allo sbocco del fiume Roia e questo provoca quotidianamente un danno enorme alle attivit\u00e0 commerciali che ne costituiscono l&#8217;ossatura economica.<!--more--><\/em><\/p>\n<p><em id=\"__mceDel\"><em>L&#8217;immagine della tenacia con la quale l&#8217;ex sindaco Gaetano Scullino ha tentato di salvare in tutti i modi questo parcheggio schiaccia l&#8217;inerzia\u00a0 dei\u00a0 commissari prefettizi nel girottare per il palazzo comunale nel corso di questi lunghi mesi.<\/em>&#8221; <\/em>L&#8217;assoluta noncuranza con cui l&#8217;attuale amministrazione affronta qualsiasi problema della citt\u00e0 \u00e8 disarmante.<em id=\"__mceDel\"> <\/em>Pare che non interessi a nessuno &#8211; a nessuno &#8211; se da un mese c&#8217;\u00e8 un transenna del c***o nell&#8217;incrocio principale della citt\u00e0. Pare che non interessi a nessuno se la via pi\u00f9 commerciale della citt\u00e0 ha, al suo ingresso, due cartelli con scritto &#8220;segnaletica in rifacimento&#8221;. Credo che questi siano i meravigliosi risultati che si ottengono se, chi si occupa di gestire la manutenzione ordinaria della citt\u00e0, sta seduto a 500 km di distanza e non sa nemmeno di cosa stiamo parlando&#8230; Lascio al nostro lettore anonimo (mi auguro che ricompaia!!!), una disamina di cosa penserebbe Weber degli attuali burocrati italiani (il tutto anche a beneficio di Marco Ballestra, appassionato di filosofia economica).<\/p>\n<p>12 giugno 2013 &#8211; Albino Dicerto<\/p>\n<p>&nbsp;<\/p>\n\t<div class=\"quickshare-container\">\r\n\t<ul class=\"quickshare-text qs-genericons quickshare-small\">\r\n\t\t<li class=\"quickshare-share\">Condividi :<\/li> \r\n\t\t<li><a href=\"https:\/\/facebook.com\/sharer.php?u=https%3A%2F%2Fwww.ventimigliablog.it%2Fblog%2F1359%2F&amp;t=Cosa+penserebbe+Weber+<+Ventimigliablog\" target=\"_blank\" title=\"Share on Facebook\"><span class=\"quickshare-facebook\">Facebook<\/span><\/a><\/li>\t\t<li><a href=\"https:\/\/twitter.com\/intent\/tweet?url=https%3A%2F%2Fwww.ventimigliablog.it%2Fblog%2F1359%2F&amp;text=Cosa+penserebbe+Weber+<+Ventimigliablog\" target=\"_blank\" title=\"Share on Twitter\"><span class=\"quickshare-twitter\">Twitter<\/span><\/a><\/li>\t\t\t\t\t\t<li><a href=\"https:\/\/plus.google.com\/share?url=https%3A%2F%2Fwww.ventimigliablog.it%2Fblog%2F1359%2F\" target=\"_blank\" title=\"Share on Google+\"><span class=\"quickshare-googleplus\">Google+<\/span><\/a><\/li>\t\t\t\t\t\t\t\t<li><a href=\"mailto:?subject=Ventimigliablog:+Cosa+penserebbe+Weber&amp;body=https%3A%2F%2Fwww.ventimigliablog.it%2Fblog%2F1359%2F\" target=\"_blank\" title=\"Share via Email\"><span class=\"quickshare-email\">Email<\/span><\/a><\/li>\t<\/ul>\r\n\t<\/div>\r\n","protected":false},"excerpt":{"rendered":"<p>Rilancio parte di un post di Bevera e dintorni: &#8220;La citt\u00e0 di Ventimiglia resta comunque senza il parcheggio allo sbocco del fiume Roia e questo provoca quotidianamente un danno enorme alle attivit\u00e0 commerciali che ne costituiscono l&#8217;ossatura economica.<\/p>\n","protected":false},"author":12,"featured_media":0,"comment_status":"open","ping_status":"closed","sticky":false,"template":"","format":"standard","meta":{"ngg_post_thumbnail":0,"footnotes":""},"categories":[1],"tags":[],"_links":{"self":[{"href":"https:\/\/www.ventimigliablog.it\/blog\/wp-json\/wp\/v2\/posts\/1359"}],"collection":[{"href":"https:\/\/www.ventimigliablog.it\/blog\/wp-json\/wp\/v2\/posts"}],"about":[{"href":"https:\/\/www.ventimigliablog.it\/blog\/wp-json\/wp\/v2\/types\/post"}],"author":[{"embeddable":true,"href":"https:\/\/www.ventimigliablog.it\/blog\/wp-json\/wp\/v2\/users\/12"}],"replies":[{"embeddable":true,"href":"https:\/\/www.ventimigliablog.it\/blog\/wp-json\/wp\/v2\/comments?post=1359"}],"version-history":[{"count":0,"href":"https:\/\/www.ventimigliablog.it\/blog\/wp-json\/wp\/v2\/posts\/1359\/revisions"}],"wp:attachment":[{"href":"https:\/\/www.ventimigliablog.it\/blog\/wp-json\/wp\/v2\/media?parent=1359"}],"wp:term":[{"taxonomy":"category","embeddable":true,"href":"https:\/\/www.ventimigliablog.it\/blog\/wp-json\/wp\/v2\/categories?post=1359"},{"taxonomy":"post_tag","embeddable":true,"href":"https:\/\/www.ventimigliablog.it\/blog\/wp-json\/wp\/v2\/tags?post=1359"}],"curies":[{"name":"wp","href":"https:\/\/api.w.org\/{rel}","templated":true}]}}