{"id":1465,"date":"2013-06-24T00:21:21","date_gmt":"2013-06-23T22:21:21","guid":{"rendered":"http:\/\/www.ventimigliablog.it\/blog\/?p=1465"},"modified":"2013-07-11T14:12:34","modified_gmt":"2013-07-11T12:12:34","slug":"che-puzza-viva-il-profumo-del-miele","status":"publish","type":"post","link":"https:\/\/www.ventimigliablog.it\/blog\/che-puzza-viva-il-profumo-del-miele\/","title":{"rendered":"Puzza &#8230;.. ed essenza di gelsomino."},"content":{"rendered":"<p><img loading=\"lazy\" decoding=\"async\" class=\"alignleft\" id=\"rg_hi\" alt=\"\" src=\"https:\/\/encrypted-tbn0.gstatic.com\/images?q=tbn:ANd9GcTT4ht0ICrx1um_SHMdlr8-qoo89BdAPGUlpF4sm8AFOoAXPAL8\" width=\"316\" height=\"159\" data-width=\"316\" data-height=\"159\" \/><\/p>\n<p><span style=\"font-family: 'Helvetica Neue', Helvetica, Arial, 'Nimbus Sans L', sans-serif;\">Alcuni personaggi fanno finta di non comprendere. Eppure l&#8217;italiano utilizzato pare abbastanza comprensibile. Forse loro non gradiscono che si possa dire che l&#8217;esistenza della mafia in un territorio non comporti automaticamente che anche gli amministratori di quel territorio siano mafiosi o fiancheggiatori.\u00a0<\/span>Forse non gradiscono che essere giusti e rispettosi della legalit\u00e1 (concetto da loro spesso richiamato ma non correttamente applicato) vuol anche dire rispettare le sentenze dei tribunali, che non sempre confermano le ipotesi accusatorie. Il diritto di difesa \u00e9 una garanzia esistente nel nostro Paese, e anche in Francia dove questi furbetti hanno domiciliato il dominio del loro blog per eludere l&#8217;ordinanza di un giudice (vero) che li aveva condannati.<!--more--><\/p>\n<p>La puzza della loro mistificazione e dei loro preconceti<span style=\"font-family: 'Helvetica Neue', Helvetica, Arial, 'Nimbus Sans L', sans-serif;\">\u00a0&#8220;non la percepiscono proprio.Forse \u00e9 perch\u00e9 ci sono cresciuti dentro ed il naso s&#8217;\u00e9 abituato al puzzo, che pare loro essenza di gelsomino&#8221; (ho dovuto copiare la frase e l&#8217;immagine delle tre scimmiette, erano troppo belle &#8230; <a href=\"http:\/\/www.ventimigliablog.it\/blog\/?p=879 \" target=\"_blank\">dai Ape Maia<\/a>, non arrabbiarti, sono io, il tuo caro <a href=\"http:\/\/www.ventimigliablog.it\/blog\/?p=931 \" target=\"_blank\">ragno Tecla<\/a>).<\/span><\/p>\n<p>Forza che con un po&#8217; di tempo capirete anche Voi. E se nel frattempo gli abili inquirenti e le forze dell&#8217;ordine continueranno a colpire, ottenendo dai tribunali sentenze di condanna, mafiosi, corruttori e altri delinquenti, ben venga, saremo tutti ugualmente felici, se condanneranno qualcuno a risarcire il danno ingiustamente provocato, saremo contenti solo noi e le persone che credono nella giustizia.<\/p>\n<p>Che ne dite di proporre \u00a0insieme (restando avversari, naturalmente) ai nostri parlamentari di fare una legge <em>ad personam<\/em> finalmente giusta? Deve essere possibile poter risarcire i danni pagando con barattoli di miele o anche con libri (ho in mente un autore a me molto gradito).<\/p>\n<p>Notte, e non arrabbiatevi troppo che la vita \u00e9 bella, basta riuscire a superare le proprie frustrazioni.<\/p>\n<p>Cantiamo insieme, vola vola l&#8217;ape Maia&#8230;<\/p>\n<p>24 giugno 2013 &#8211; Il ragno Tecla<\/p>\n\t<div class=\"quickshare-container\">\r\n\t<ul class=\"quickshare-text qs-genericons quickshare-small\">\r\n\t\t<li class=\"quickshare-share\">Condividi :<\/li> \r\n\t\t<li><a href=\"https:\/\/facebook.com\/sharer.php?u=https%3A%2F%2Fwww.ventimigliablog.it%2Fblog%2Fche-puzza-viva-il-profumo-del-miele%2F&amp;t=Puzza+%26%238230%3B..+ed+essenza+di+gelsomino.+<+Ventimigliablog\" target=\"_blank\" title=\"Share on Facebook\"><span class=\"quickshare-facebook\">Facebook<\/span><\/a><\/li>\t\t<li><a href=\"https:\/\/twitter.com\/intent\/tweet?url=https%3A%2F%2Fwww.ventimigliablog.it%2Fblog%2Fche-puzza-viva-il-profumo-del-miele%2F&amp;text=Puzza+%26%238230%3B..+ed+essenza+di+gelsomino.+<+Ventimigliablog\" target=\"_blank\" title=\"Share on Twitter\"><span class=\"quickshare-twitter\">Twitter<\/span><\/a><\/li>\t\t\t\t\t\t<li><a href=\"https:\/\/plus.google.com\/share?url=https%3A%2F%2Fwww.ventimigliablog.it%2Fblog%2Fche-puzza-viva-il-profumo-del-miele%2F\" target=\"_blank\" title=\"Share on Google+\"><span class=\"quickshare-googleplus\">Google+<\/span><\/a><\/li>\t\t\t\t\t\t\t\t<li><a href=\"mailto:?subject=Ventimigliablog:+Puzza+%26%238230%3B..+ed+essenza+di+gelsomino.&amp;body=https%3A%2F%2Fwww.ventimigliablog.it%2Fblog%2Fche-puzza-viva-il-profumo-del-miele%2F\" target=\"_blank\" title=\"Share via Email\"><span class=\"quickshare-email\">Email<\/span><\/a><\/li>\t<\/ul>\r\n\t<\/div>\r\n","protected":false},"excerpt":{"rendered":"<p>Alcuni personaggi fanno finta di non comprendere. Eppure l&#8217;italiano utilizzato pare abbastanza comprensibile. Forse loro non gradiscono che si possa dire che l&#8217;esistenza della mafia in un territorio non comporti automaticamente che anche gli amministratori di quel territorio siano mafiosi &hellip; <a href=\"https:\/\/www.ventimigliablog.it\/blog\/che-puzza-viva-il-profumo-del-miele\/\">Continua a leggere<span class=\"meta-nav\">&rarr;<\/span><\/a><\/p>\n","protected":false},"author":10,"featured_media":0,"comment_status":"open","ping_status":"closed","sticky":false,"template":"","format":"standard","meta":{"ngg_post_thumbnail":0,"footnotes":""},"categories":[1,6],"tags":[],"_links":{"self":[{"href":"https:\/\/www.ventimigliablog.it\/blog\/wp-json\/wp\/v2\/posts\/1465"}],"collection":[{"href":"https:\/\/www.ventimigliablog.it\/blog\/wp-json\/wp\/v2\/posts"}],"about":[{"href":"https:\/\/www.ventimigliablog.it\/blog\/wp-json\/wp\/v2\/types\/post"}],"author":[{"embeddable":true,"href":"https:\/\/www.ventimigliablog.it\/blog\/wp-json\/wp\/v2\/users\/10"}],"replies":[{"embeddable":true,"href":"https:\/\/www.ventimigliablog.it\/blog\/wp-json\/wp\/v2\/comments?post=1465"}],"version-history":[{"count":0,"href":"https:\/\/www.ventimigliablog.it\/blog\/wp-json\/wp\/v2\/posts\/1465\/revisions"}],"wp:attachment":[{"href":"https:\/\/www.ventimigliablog.it\/blog\/wp-json\/wp\/v2\/media?parent=1465"}],"wp:term":[{"taxonomy":"category","embeddable":true,"href":"https:\/\/www.ventimigliablog.it\/blog\/wp-json\/wp\/v2\/categories?post=1465"},{"taxonomy":"post_tag","embeddable":true,"href":"https:\/\/www.ventimigliablog.it\/blog\/wp-json\/wp\/v2\/tags?post=1465"}],"curies":[{"name":"wp","href":"https:\/\/api.w.org\/{rel}","templated":true}]}}