{"id":1490,"date":"2013-06-24T19:05:00","date_gmt":"2013-06-24T17:05:00","guid":{"rendered":"http:\/\/www.ventimigliablog.it\/blog\/?p=1490"},"modified":"2013-07-11T14:12:52","modified_gmt":"2013-07-11T12:12:52","slug":"il-prossimo-sindaco","status":"publish","type":"post","link":"https:\/\/www.ventimigliablog.it\/blog\/il-prossimo-sindaco\/","title":{"rendered":"Il prossimo sindaco"},"content":{"rendered":"<p>Leggo i nomi dei prossimi candidati sindaci. Di destra, di sinistra. Alle nazionali, onestamente, non ha pi\u00f9 senso andare a votare: il mio ultimo voto l\u2019ho dato a Grillo e con questo credo di aver toccato il fondo. Mi scuso con me stesso ma mi era piaciuta particolarmente la poesia del Guerriero e avevo pensato che, in fondo,\u00a0 quest\u2019uomo non potesse essere cos\u00ec male. O cmq, non potesse essere peggio degli altri. Alla fine ci troviamo con un governo eletto democraticamente da persone che non sono il popolo italiano e questo significa che, in fondo, nessuno di noi cittadini ha sbagliato il proprio voto. Magrissima consolazione.<!--more--><\/p>\n<p>In ogni caso, visto che il tempo c\u2019\u00e8, propongo a tutti i Ventimigliesi di chiedere a Babbo Natale (e ai nostri politici locali) dei programmi di governo della citt\u00e0 piuttosto che dei sindaci. Dei sindaci non sappiamo cosa farcene. \u00a0Tano aveva dimostrato di avere le idee chiare su che cosa volesse fare della citt\u00e0 e, per questo motivo, era amato e\/o odiato. Io ritengo che, alla fin fine, \u00e8 meglio avere una persona che decide \u2013 magari sbagliando \u2013 piuttosto che un gruppo di persone che non decidono nulla e aspettano l\u2019inevitabile collasso di questa citt\u00e0 (e di questa Italia\u2026). Il Sindaco che io voter\u00f2 sar\u00e0 cos\u00ec: capace di decidere e di sbagliare.<\/p>\n<p>24 giugno 2013 &#8211; Albino Dicerto<\/p>\n<p>&nbsp;<\/p>\n\t<div class=\"quickshare-container\">\r\n\t<ul class=\"quickshare-text qs-genericons quickshare-small\">\r\n\t\t<li class=\"quickshare-share\">Condividi :<\/li> \r\n\t\t<li><a href=\"https:\/\/facebook.com\/sharer.php?u=https%3A%2F%2Fwww.ventimigliablog.it%2Fblog%2Fil-prossimo-sindaco%2F&amp;t=Il+prossimo+sindaco+<+Ventimigliablog\" target=\"_blank\" title=\"Share on Facebook\"><span class=\"quickshare-facebook\">Facebook<\/span><\/a><\/li>\t\t<li><a href=\"https:\/\/twitter.com\/intent\/tweet?url=https%3A%2F%2Fwww.ventimigliablog.it%2Fblog%2Fil-prossimo-sindaco%2F&amp;text=Il+prossimo+sindaco+<+Ventimigliablog\" target=\"_blank\" title=\"Share on Twitter\"><span class=\"quickshare-twitter\">Twitter<\/span><\/a><\/li>\t\t\t\t\t\t<li><a href=\"https:\/\/plus.google.com\/share?url=https%3A%2F%2Fwww.ventimigliablog.it%2Fblog%2Fil-prossimo-sindaco%2F\" target=\"_blank\" title=\"Share on Google+\"><span class=\"quickshare-googleplus\">Google+<\/span><\/a><\/li>\t\t\t\t\t\t\t\t<li><a href=\"mailto:?subject=Ventimigliablog:+Il+prossimo+sindaco&amp;body=https%3A%2F%2Fwww.ventimigliablog.it%2Fblog%2Fil-prossimo-sindaco%2F\" target=\"_blank\" title=\"Share via Email\"><span class=\"quickshare-email\">Email<\/span><\/a><\/li>\t<\/ul>\r\n\t<\/div>\r\n","protected":false},"excerpt":{"rendered":"<p>Leggo i nomi dei prossimi candidati sindaci. Di destra, di sinistra. Alle nazionali, onestamente, non ha pi\u00f9 senso andare a votare: il mio ultimo voto l\u2019ho dato a Grillo e con questo credo di aver toccato il fondo. Mi scuso &hellip; <a href=\"https:\/\/www.ventimigliablog.it\/blog\/il-prossimo-sindaco\/\">Continua a leggere<span class=\"meta-nav\">&rarr;<\/span><\/a><\/p>\n","protected":false},"author":12,"featured_media":0,"comment_status":"open","ping_status":"closed","sticky":false,"template":"","format":"standard","meta":{"ngg_post_thumbnail":0,"footnotes":""},"categories":[1],"tags":[],"_links":{"self":[{"href":"https:\/\/www.ventimigliablog.it\/blog\/wp-json\/wp\/v2\/posts\/1490"}],"collection":[{"href":"https:\/\/www.ventimigliablog.it\/blog\/wp-json\/wp\/v2\/posts"}],"about":[{"href":"https:\/\/www.ventimigliablog.it\/blog\/wp-json\/wp\/v2\/types\/post"}],"author":[{"embeddable":true,"href":"https:\/\/www.ventimigliablog.it\/blog\/wp-json\/wp\/v2\/users\/12"}],"replies":[{"embeddable":true,"href":"https:\/\/www.ventimigliablog.it\/blog\/wp-json\/wp\/v2\/comments?post=1490"}],"version-history":[{"count":0,"href":"https:\/\/www.ventimigliablog.it\/blog\/wp-json\/wp\/v2\/posts\/1490\/revisions"}],"wp:attachment":[{"href":"https:\/\/www.ventimigliablog.it\/blog\/wp-json\/wp\/v2\/media?parent=1490"}],"wp:term":[{"taxonomy":"category","embeddable":true,"href":"https:\/\/www.ventimigliablog.it\/blog\/wp-json\/wp\/v2\/categories?post=1490"},{"taxonomy":"post_tag","embeddable":true,"href":"https:\/\/www.ventimigliablog.it\/blog\/wp-json\/wp\/v2\/tags?post=1490"}],"curies":[{"name":"wp","href":"https:\/\/api.w.org\/{rel}","templated":true}]}}