{"id":1709,"date":"2013-07-09T18:47:19","date_gmt":"2013-07-09T16:47:19","guid":{"rendered":"http:\/\/www.ventimigliablog.it\/blog\/?p=1709"},"modified":"2013-07-11T14:25:07","modified_gmt":"2013-07-11T12:25:07","slug":"la-citta-del-domani-i-cittadini-cosa-vogliono","status":"publish","type":"post","link":"https:\/\/www.ventimigliablog.it\/blog\/la-citta-del-domani-i-cittadini-cosa-vogliono\/","title":{"rendered":"LA CITTA&#8217; DEL DOMANI: ecco cosa vogliono i cittadini."},"content":{"rendered":"<p><a href=\"http:\/\/www.ventimigliablog.it\/blog\/wp-content\/uploads\/2013\/07\/questio1.jpg\"><img loading=\"lazy\" decoding=\"async\" class=\"alignnone size-full wp-image-1718\" alt=\"questionario\" src=\"http:\/\/www.ventimigliablog.it\/blog\/wp-content\/uploads\/2013\/07\/questio1.jpg\" width=\"852\" height=\"424\" srcset=\"https:\/\/www.ventimigliablog.it\/blog\/wp-content\/uploads\/2013\/07\/questio1.jpg 852w, https:\/\/www.ventimigliablog.it\/blog\/wp-content\/uploads\/2013\/07\/questio1-300x149.jpg 300w, https:\/\/www.ventimigliablog.it\/blog\/wp-content\/uploads\/2013\/07\/questio1-500x248.jpg 500w\" sizes=\"(max-width: 852px) 100vw, 852px\" \/><\/a><\/p>\n<p>Ci \u00e8 giunta, da pi\u00f9 parti, la proposta di aprire una nuova rubrica chiamata:\u00a0<b>ecco cosa vogliono i cittadini. <\/b>La nuova rubrica dovrebbe servire\u00a0per coinvolgere tutti i cittadini di Ventimiglia, prescindendo dall&#8217;ideologia politica,\u00a0nell&#8217;esporre le lore esigenze, le loro idee per una Citt\u00e0 del domani migliore. Questa nuova rubrica dovrebbe raccogliere non solo le richieste di interventi o lamentele di quello che oggi non va, ma anche\u00a0proposte per costruire insieme LA CITTA&#8217; DEL DOMANI, continuando l&#8217;opera di cambiamento iniziata nel maggio 2007 e interrotta bruscamente, troppo bruscamente, nel\u00a0febbraio 2012.\u00a0<!--more-->Attraverso questa rubrica s&#8217;intende chiedere ai\u00a0<strong>cittadini che cosa vogliono. &#8230;., pi\u00f9 piste ciclabili, pi\u00f9 verde,<\/strong> <strong>pi\u00f9 parcheggi, una migliore viabilit\u00e0, pi\u00f9 ordine e pulizia, pi\u00f9 impianti sportivi, pi\u00f9 asili nido, spiagge pi\u00f9 belle e attrezzate, ecc.<\/strong><br \/>\nCome comunicheranno i cittadini con noi? Scrivendoci o magari attraverso un questionario da compilarsi messo a disposiizone su questo sito.\u00a0Oppure anche\u00a0offrendo la loro voglia di partecipare attivamente e perch\u00e9 no, anche concedendo la loro disponibilit\u00e0 a candidarsi alle prossime elezioni cittadine. Come parteciperete lo direte Voi, fateci sapere.<\/p>\n<p>Il risultato positivo dell\u2019esperimento ci far\u00e0 prossimamente adottare questa nuova rubrica, come\u00a0strumento di comunicazione in maniera sempre pi\u00f9\u00a0diretta e partecipata.<\/p>\n<p>Collabora con noi alla CITTA&#8217; DEL DOMANI. Registrati al nostro sito per poter commentare i nostri articoli oppure\u00a0manda un&#8217;email a <a href=\"mailto:staff@ventimigliablog.it\">staff@ventimigliablog.it<\/a>\u00a0 per aderire a questa iniziativa.<\/p>\n<p>Ci piacerebbe fare bene, il bene comune.<\/p>\n<p>09 LUGLIO 2013 &#8211; Gaetano Antonio Scullino<\/p>\n\t<div class=\"quickshare-container\">\r\n\t<ul class=\"quickshare-text qs-genericons quickshare-small\">\r\n\t\t<li class=\"quickshare-share\">Condividi :<\/li> \r\n\t\t<li><a href=\"https:\/\/facebook.com\/sharer.php?u=https%3A%2F%2Fwww.ventimigliablog.it%2Fblog%2Fla-citta-del-domani-i-cittadini-cosa-vogliono%2F&amp;t=LA+CITTA%26%238217%3B+DEL+DOMANI%3A+ecco+cosa+vogliono+i+cittadini.+<+Ventimigliablog\" target=\"_blank\" title=\"Share on Facebook\"><span class=\"quickshare-facebook\">Facebook<\/span><\/a><\/li>\t\t<li><a href=\"https:\/\/twitter.com\/intent\/tweet?url=https%3A%2F%2Fwww.ventimigliablog.it%2Fblog%2Fla-citta-del-domani-i-cittadini-cosa-vogliono%2F&amp;text=LA+CITTA%26%238217%3B+DEL+DOMANI%3A+ecco+cosa+vogliono+i+cittadini.+<+Ventimigliablog\" target=\"_blank\" title=\"Share on Twitter\"><span class=\"quickshare-twitter\">Twitter<\/span><\/a><\/li>\t\t\t\t\t\t<li><a href=\"https:\/\/plus.google.com\/share?url=https%3A%2F%2Fwww.ventimigliablog.it%2Fblog%2Fla-citta-del-domani-i-cittadini-cosa-vogliono%2F\" target=\"_blank\" title=\"Share on Google+\"><span class=\"quickshare-googleplus\">Google+<\/span><\/a><\/li>\t\t\t\t\t\t\t\t<li><a href=\"mailto:?subject=Ventimigliablog:+LA+CITTA%26%238217%3B+DEL+DOMANI%3A+ecco+cosa+vogliono+i+cittadini.&amp;body=https%3A%2F%2Fwww.ventimigliablog.it%2Fblog%2Fla-citta-del-domani-i-cittadini-cosa-vogliono%2F\" target=\"_blank\" title=\"Share via Email\"><span class=\"quickshare-email\">Email<\/span><\/a><\/li>\t<\/ul>\r\n\t<\/div>\r\n","protected":false},"excerpt":{"rendered":"<p>Ci \u00e8 giunta, da pi\u00f9 parti, la proposta di aprire una nuova rubrica chiamata:\u00a0ecco cosa vogliono i cittadini. La nuova rubrica dovrebbe servire\u00a0per coinvolgere tutti i cittadini di Ventimiglia, prescindendo dall&#8217;ideologia politica,\u00a0nell&#8217;esporre le lore esigenze, le loro idee per una &hellip; <a href=\"https:\/\/www.ventimigliablog.it\/blog\/la-citta-del-domani-i-cittadini-cosa-vogliono\/\">Continua a leggere<span class=\"meta-nav\">&rarr;<\/span><\/a><\/p>\n","protected":false},"author":10,"featured_media":0,"comment_status":"open","ping_status":"closed","sticky":false,"template":"","format":"standard","meta":{"ngg_post_thumbnail":0,"footnotes":""},"categories":[3,1,6],"tags":[],"_links":{"self":[{"href":"https:\/\/www.ventimigliablog.it\/blog\/wp-json\/wp\/v2\/posts\/1709"}],"collection":[{"href":"https:\/\/www.ventimigliablog.it\/blog\/wp-json\/wp\/v2\/posts"}],"about":[{"href":"https:\/\/www.ventimigliablog.it\/blog\/wp-json\/wp\/v2\/types\/post"}],"author":[{"embeddable":true,"href":"https:\/\/www.ventimigliablog.it\/blog\/wp-json\/wp\/v2\/users\/10"}],"replies":[{"embeddable":true,"href":"https:\/\/www.ventimigliablog.it\/blog\/wp-json\/wp\/v2\/comments?post=1709"}],"version-history":[{"count":0,"href":"https:\/\/www.ventimigliablog.it\/blog\/wp-json\/wp\/v2\/posts\/1709\/revisions"}],"wp:attachment":[{"href":"https:\/\/www.ventimigliablog.it\/blog\/wp-json\/wp\/v2\/media?parent=1709"}],"wp:term":[{"taxonomy":"category","embeddable":true,"href":"https:\/\/www.ventimigliablog.it\/blog\/wp-json\/wp\/v2\/categories?post=1709"},{"taxonomy":"post_tag","embeddable":true,"href":"https:\/\/www.ventimigliablog.it\/blog\/wp-json\/wp\/v2\/tags?post=1709"}],"curies":[{"name":"wp","href":"https:\/\/api.w.org\/{rel}","templated":true}]}}