{"id":1728,"date":"2013-07-10T14:14:55","date_gmt":"2013-07-10T12:14:55","guid":{"rendered":"http:\/\/www.ventimigliablog.it\/blog\/?p=1728"},"modified":"2013-07-11T14:26:31","modified_gmt":"2013-07-11T12:26:31","slug":"zona-franca-urbana-in-corso-di-pubblicazione-in-gazzetta-ufficiale-il-decreto","status":"publish","type":"post","link":"https:\/\/www.ventimigliablog.it\/blog\/zona-franca-urbana-in-corso-di-pubblicazione-in-gazzetta-ufficiale-il-decreto\/","title":{"rendered":"ZONA FRANCA URBANA, in corso di pubblicazione in Gazzetta Ufficiale il decreto."},"content":{"rendered":"<p><b>Se i Commissari continuano a non far nulla anche per la <a href=\"http:\/\/www.filbi.it\/Zone_franche_urbane.htm\" target=\"_blank\">Zona Franca Urbana<\/a>, i danni per Ventimiglia saranno enormi<\/b> .<\/p>\n<p><img loading=\"lazy\" decoding=\"async\" class=\"alignright\" id=\"il_fi\" alt=\"\" src=\"http:\/\/www.filbi.it\/Immagini\/ZFU.gif\" width=\"312\" height=\"114\" \/><\/p>\n<p>L\u2019articolo 37 del D.L. n. 179\/2012 dispone che la ridefinizione dei programmi cofinanziati dai Fondi strutturali 2007-2013, oggetto del Piano di azione e coesione, possa prevedere il finanziamento delle agevolazioni introdotte dalla Finanziaria 2007 in favore delle imprese di micro e piccola dimensione localizzate o che si localizzano nelle Zone Urbane individuate dalla delibera CIPE n. 14 dell\u20198 maggio 2009, (<span style=\"text-decoration: underline;\">tra cui rientrava Ventimiglia<\/span>) ricadenti nelle regioni ammissibili all\u2019obiettivo \u201cConvergenza\u201d ai sensi dell\u2019art. 5 del Reg. CE n. 1083\/2006.<!--more--><\/p>\n<p>E\u2019 in corso di pubblicazione in Gazzetta Ufficiale il decreto che fisser\u00e0 le condizioni e i termini di decorrenza delle agevolazioni fiscali e contributive per le micro e piccole imprese relative alle zone franche urbane, in attuazione <b>per\u00f2<\/b> di quanto previsto dall\u2019art. 37 del decreto crescita-bis, come risulta dall\u2019avviso pubblicato l\u20198 luglio da Palazzo Chigi.<\/p>\n<p>L\u2019individuazione di condizioni, limiti, modalit\u00e0 e termini di durata delle agevolazioni \u00e8 demandata alla competenza del Ministro dello sviluppo economico, di concerto con il Ministro dell&#8217;economia e delle finanze, nell\u2019ambito di un decreto anch\u2019esso in corso di pubblicazione in Gazzetta Ufficiale.<\/p>\n<p>Questa \u00e8 la volta buona? Ci siamo? No, perch\u00e9 la pratica \u00e8 stata abbandonata e non seguita. Noi avevamo in un\u00a0 precedente articolo avvisato. Erano seguiti alcuni annunci di viaggi a Roma da parte del Prefetto Bruno. Quali sono i risultati?<\/p>\n<p>Pessimi: le agevolazioni possono essere concesse in favore delle suddette tipologie di imprese localizzate <b>solo<\/b> all\u2019interno delle oltre trenta Zone franche urbane delle regioni Calabria, Campania e Sicilia riportate in allegato al decreto, nonch\u00e9, in via sperimentale, nel territorio dei comuni della provincia di Carbonia-Iglesias, nell\u2019ambito dei programmi di sviluppo e degli interventi compresi nell\u2019accordo di programma \u201cPiano Sulcis\u201d. Perch\u00e9 Ventimiglia non risulta? Cosa \u00e8 stato fatto? I Commissari sono troppo presi\u00a0 da liberare il Comune di Ventimiglia dalle presunte infiltrazioni mafiose, sino a febbraio 2012 inesistenti, per\u00f2 visto che sono cos\u00ec occupati pu\u00f2 darsi che adesso ci siano o che essendo state considerate presenti adesso si siano convinti che ci siano davvero, una lotta contro i fantasmi!!!<\/p>\n<p>La dotazione finanziaria stanziata nel Piano di Azione e Coesione in favore degli gli interventi da attuare nell\u2019ambito delle ZFU, ammonta a complessivi 303 milioni di euro, integrabile con risorse messe a disposizione dalle Regioni interessate.<\/p>\n<p>Ci auspichiamo l\u2019intervento anche della Regione Liguria, ma un intervento convinto e non di facciata, nei confronti del Governo.<\/p>\n<p>La Zona Franca Urbana adesso \u00e8 una realt\u00e0, ci sono i soldi e non possiamo perdere un\u2019opportunit\u00e0 unica ed irrepetibile solo perch\u00e9 \u2026\u2026\u2026\u2026\u2026\u2026\u2026\u2026\u2026..<\/p>\n<p>10\/07\/2013 \u2013 Marco Prestileo<\/p>\n\t<div class=\"quickshare-container\">\r\n\t<ul class=\"quickshare-text qs-genericons quickshare-small\">\r\n\t\t<li class=\"quickshare-share\">Condividi :<\/li> \r\n\t\t<li><a href=\"https:\/\/facebook.com\/sharer.php?u=https%3A%2F%2Fwww.ventimigliablog.it%2Fblog%2Fzona-franca-urbana-in-corso-di-pubblicazione-in-gazzetta-ufficiale-il-decreto%2F&amp;t=ZONA+FRANCA+URBANA%2C+in+corso+di+pubblicazione+in+Gazzetta+Ufficiale+il+decreto.+<+Ventimigliablog\" target=\"_blank\" title=\"Share on Facebook\"><span class=\"quickshare-facebook\">Facebook<\/span><\/a><\/li>\t\t<li><a href=\"https:\/\/twitter.com\/intent\/tweet?url=https%3A%2F%2Fwww.ventimigliablog.it%2Fblog%2Fzona-franca-urbana-in-corso-di-pubblicazione-in-gazzetta-ufficiale-il-decreto%2F&amp;text=ZONA+FRANCA+URBANA%2C+in+corso+di+pubblicazione+in+Gazzetta+Ufficiale+il+decreto.+<+Ventimigliablog\" target=\"_blank\" title=\"Share on Twitter\"><span class=\"quickshare-twitter\">Twitter<\/span><\/a><\/li>\t\t\t\t\t\t<li><a href=\"https:\/\/plus.google.com\/share?url=https%3A%2F%2Fwww.ventimigliablog.it%2Fblog%2Fzona-franca-urbana-in-corso-di-pubblicazione-in-gazzetta-ufficiale-il-decreto%2F\" target=\"_blank\" title=\"Share on Google+\"><span class=\"quickshare-googleplus\">Google+<\/span><\/a><\/li>\t\t\t\t\t\t\t\t<li><a href=\"mailto:?subject=Ventimigliablog:+ZONA+FRANCA+URBANA%2C+in+corso+di+pubblicazione+in+Gazzetta+Ufficiale+il+decreto.&amp;body=https%3A%2F%2Fwww.ventimigliablog.it%2Fblog%2Fzona-franca-urbana-in-corso-di-pubblicazione-in-gazzetta-ufficiale-il-decreto%2F\" target=\"_blank\" title=\"Share via Email\"><span class=\"quickshare-email\">Email<\/span><\/a><\/li>\t<\/ul>\r\n\t<\/div>\r\n","protected":false},"excerpt":{"rendered":"<p>Se i Commissari continuano a non far nulla anche per la Zona Franca Urbana, i danni per Ventimiglia saranno enormi . L\u2019articolo 37 del D.L. n. 179\/2012 dispone che la ridefinizione dei programmi cofinanziati dai Fondi strutturali 2007-2013, oggetto del &hellip; <a href=\"https:\/\/www.ventimigliablog.it\/blog\/zona-franca-urbana-in-corso-di-pubblicazione-in-gazzetta-ufficiale-il-decreto\/\">Continua a leggere<span class=\"meta-nav\">&rarr;<\/span><\/a><\/p>\n","protected":false},"author":3,"featured_media":0,"comment_status":"open","ping_status":"closed","sticky":false,"template":"","format":"standard","meta":{"ngg_post_thumbnail":0,"footnotes":""},"categories":[3,1,7,6],"tags":[],"_links":{"self":[{"href":"https:\/\/www.ventimigliablog.it\/blog\/wp-json\/wp\/v2\/posts\/1728"}],"collection":[{"href":"https:\/\/www.ventimigliablog.it\/blog\/wp-json\/wp\/v2\/posts"}],"about":[{"href":"https:\/\/www.ventimigliablog.it\/blog\/wp-json\/wp\/v2\/types\/post"}],"author":[{"embeddable":true,"href":"https:\/\/www.ventimigliablog.it\/blog\/wp-json\/wp\/v2\/users\/3"}],"replies":[{"embeddable":true,"href":"https:\/\/www.ventimigliablog.it\/blog\/wp-json\/wp\/v2\/comments?post=1728"}],"version-history":[{"count":0,"href":"https:\/\/www.ventimigliablog.it\/blog\/wp-json\/wp\/v2\/posts\/1728\/revisions"}],"wp:attachment":[{"href":"https:\/\/www.ventimigliablog.it\/blog\/wp-json\/wp\/v2\/media?parent=1728"}],"wp:term":[{"taxonomy":"category","embeddable":true,"href":"https:\/\/www.ventimigliablog.it\/blog\/wp-json\/wp\/v2\/categories?post=1728"},{"taxonomy":"post_tag","embeddable":true,"href":"https:\/\/www.ventimigliablog.it\/blog\/wp-json\/wp\/v2\/tags?post=1728"}],"curies":[{"name":"wp","href":"https:\/\/api.w.org\/{rel}","templated":true}]}}