{"id":193,"date":"2012-10-05T11:13:07","date_gmt":"2012-10-05T09:13:07","guid":{"rendered":"http:\/\/www.ventimigliablog.it\/blog\/?p=193"},"modified":"2012-11-05T14:22:53","modified_gmt":"2012-11-05T13:22:53","slug":"sulla-soppressione-del-tribunale-di-ventimiglia","status":"publish","type":"post","link":"https:\/\/www.ventimigliablog.it\/blog\/sulla-soppressione-del-tribunale-di-ventimiglia\/","title":{"rendered":"SULLA SOPPRESSIONE DEL TRIBUNALE DI VENTIMIGLIA"},"content":{"rendered":"<p>La Camera ed il Senato hanno approvato &#8211; ed il Presidente della Repubblica promulgato &#8211; la legge 14 settembre 2011, n. 148, di conversione con modifiche del decreto legge 13 agosto 2011, n. 138, recante ulteriori misure urgenti per la stabilizzazione finanziaria e lo sviluppo. Delega al Governo per la riorganizzazione della distribuzione sul territorio degli uffici giudiziari. Pubblicata in Gazzetta Ufficiale n. 216 del 16 settembre, in vigore dal 17 settembre 2011;<!--more--><\/p>\n<p>L&#8217;art. 1, comma 2, della legge di conversione dispone che: &#8220;<em>Il Governo, anche ai fini del perseguimento delle finalita&#8217; di cui all&#8217;articolo 9 del decreto-legge 6 luglio 2011, n. 98, convertito, con modificazioni, dalla legge 15 luglio 2011, n. 111, e&#8217; delegato ad adottare, entro dodici mesi dalla data di entrata in vigore della presente legge, uno o pi\u00f9 decreti legislativi per riorganizzare la distribuzione sul territorio degli uffici giudiziari, al fine di realizzare risparmi di spesa e incremento di efficienza, con l&#8217;osservanza dei seguenti principi e criteri direttivi:<\/em><\/p>\n<p><em>a) ridurre gli uffici giudiziari di primo grado, ferma la necessit\u00e0 di garantire la permanenza del tribunale ordinario nei circondari di comuni capoluogo di provincia alla data del 30 giugno 2011;<\/em><\/p>\n<p><em>b) ridefinire, anche mediante attribuzione di porzioni di territori a circondari limitrofi, l&#8217;assetto territoriale degli uffici giudiziari secondo criteri oggettivi e omogenei che tengano conto dell&#8217;estensione del territorio, del numero degli abitanti, dei carichi di lavoro e dell&#8217;indice delle sopravvenienze, della specificit\u00e0 territoriale del bacino di utenza, anche con riguardo alla situazione infrastrutturale, e del tasso d&#8217;impatto della criminalit\u00e0 organizzata, nonch\u00e9 della necessit\u00e0 di razionalizzare il servizio giustizia nelle grandi aree metropolitane;<\/em><\/p>\n<p><em>c) ridefinire l&#8217;assetto territoriale degli uffici requirenti non distrettuali, tenuto conto, ferma la permanenza di quelli aventi sedi presso il tribunale ordinario nei circondari di comuni capoluogo di provincia alla data del 30 giugno 2011, della possibilit\u00e0 di accorpare pi\u00f9 uffici di procura anche indipendentemente dall&#8217;eventuale accorpamento dei rispettivi tribunali, prevedendo, in tali casi, che l&#8217;ufficio di procura accorpante possa svolgere le funzioni requirenti in pi\u00f9 tribunali e che l&#8217;accorpamento sia finalizzato a esigenze di funzionalit\u00e0 ed efficienza che consentano una migliore organizzazione dei mezzi e delle risorse umane, anche per raggiungere economia di specializzazione ed una piu&#8217; agevole trattazione dei procedimenti;<\/em><\/p>\n<p><em>d) procedere alla soppressione ovvero alla riduzione delle sezioni distaccate di tribunale, anche mediante accorpamento ai tribunali limitrofi, nel rispetto dei criteri di cui alla lettera b);<\/em><\/p>\n<p><em>e) assumere come prioritaria linea di intervento, nell&#8217;attuazione di quanto previsto dalle lettere a), b), c) e d), il riequilibrio delle attuali competenze territoriali, demografiche e funzionali tra uffici limitrofi della stessa area provinciale caratterizzati da rilevante differenza di dimensioni;<\/em><\/p>\n<p><em>f) garantire che, all&#8217;esito degli interventi di riorganizzazione, ciascun distretto di corte d&#8217;appello, incluse le sue sezioni distaccate, comprenda non meno di tre degli attuali tribunali con relative procure della Repubblica;<\/em><\/p>\n<p><em>g) prevedere che i magistrati e il personale amministrativo entrino di diritto a far parte dell&#8217;organico, rispettivamente, dei tribunali e delle procure della Repubblica presso il tribunale cui sono trasferite le funzioni di sedi di tribunale, di sezioni distaccate e di procura presso cui prestavano servizio, anche in sovrannumero riassorbibile con le successive vacanze;<\/em><\/p>\n<p><em>h) prevedere che l&#8217;assegnazione dei magistrati e del personale prevista dalla lettera g) non costituisca assegnazione ad altro ufficio giudiziario o destinazione ad altra sede, ne&#8217; costituisca <\/em><em>trasferimento ad altri effetti;<\/em><\/p>\n<p><em>i) prevedere con successivi decreti del Ministro della giustizia le conseguenti modificazioni delle piante organiche del personale di magistratura e amministrativo;<\/em><\/p>\n<p><em>l) prevedere la riduzione degli uffici del giudice di pace dislocati in sede diversa da quella circondariale, da operare tenendo in specifico conto, in coerenza con i criteri di cui alla lettera b), dell&#8217;analisi dei costi rispetto ai carichi di lavoro;<\/em><\/p>\n<p><em>m) prevedere che il personale amministrativo in servizio presso gli uffici soppressi del giudice di pace venga riassegnato in misura non inferiore al 50 per cento presso la sede di tribunale o di procura limitrofa e la restante parte presso l&#8217;ufficio del giudice di pace presso cui sono trasferite le funzioni delle sedi soppresse;<\/em><\/p>\n<p><em>n) prevedere la pubblicazione nel bollettino ufficiale e nel sito internet del Ministero della giustizia degli elenchi degli uffici del giudice di pace da sopprimere o accorpare;<\/em><\/p>\n<p><em>o) prevedere che, entro sessanta giorni dalla pubblicazione di cui alla lettera n), gli enti locali interessati, anche consorziati tra loro, possano richiedere e ottenere il mantenimento degli uffici <\/em><em>del giudice di pace con competenza sui rispettivi territori, anche tramite eventuale accorpamento, facendosi integralmente carico delle spese di funzionamento e di erogazione del servizio giustizia nelle relative sedi, ivi incluso il fabbisogno di personale amministrativo che sar\u00e0 messo a disposizione dagli enti medesimi, restando a carico dell&#8217;amministrazione giudiziaria unicamente la determinazione dell&#8217;organico del personale di magistratura onoraria di tali sedi entro i limiti della dotazione nazionale complessiva nonch\u00e9 la formazione del personale amministrativo;<\/em><\/p>\n<p><em>p) prevedere che, entro dodici mesi dalla scadenza del termine di cui alla lettera o), su istanza degli enti locali interessati, anche consorziati tra loro, il Ministro della giustizia abbia facolt\u00e0 di mantenere o istituire con decreto ministeriale uffici del giudice di pace, nel rispetto delle condizioni di cui alla lettera o);<\/em><\/p>\n<p><em>q) dall&#8217;attuazione delle disposizioni di cui al presente comma non devono derivare nuovi o maggiori oneri a carico della finanza pubblica<\/em>&#8220;;<\/p>\n<p>L&#8217;art. 1, commi 4 e 5, della legge di conversione recitano, rispettivamente, che:<\/p>\n<p>&#8220;<em>Gli schemi dei decreti legislativi previsti dal comma 2 sono adottati su proposta del Ministro della giustizia e successivamente trasmessi al Consiglio superiore della magistratura e al Parlamento ai fini dell&#8217;espressione dei pareri da parte del Consiglio e delle Commissioni competenti per materia. I pareri, non vincolanti, sono resi entro il termine di trenta giorni dalla data di trasmissione, decorso il quale i decreti sono emanati anche in mancanza dei pareri stessi. Qualora detto termine venga a scadere nei trenta giorni antecedenti allo spirare del termine previsto dal comma 2, o successivamente, la scadenza di quest&#8217;ultimo e&#8217; prorogata di sessanta giorni<\/em>&#8221; (comma 4).<\/p>\n<p><em>&#8220;Il Governo, con la procedura indicata nel comma 4, entro due anni dalla data di entrata in vigore di ciascuno dei decreti legislativi emanati nell&#8217;esercizio della delega di cui al comma 2 e nel rispetto dei principi e criteri direttivi fissati, puo&#8217; adottare disposizioni integrative e correttive dei decreti legislativi medesimi&#8221; <\/em>(comma 5)<em>;<\/em><\/p>\n<p>L&#8217;art. 1, comma 1, del decreto legge convertito, rubricato &#8220;<em>Revisione integrale della spesa pubblica<\/em>&#8220;, statuisce che: &#8220;<em>Dato l&#8217;obiettivo di razionalizzazione della spesa e di superamento del criterio della spesa storica, il Ministro dell&#8217;economia e delle finanze, d&#8217;intesa con i Ministri interessati, presenta al Parlamento entro il 30 novembre 2011 un programma per la riorganizzazione della spesa pubblica. Il programma prevede in particolare, in coerenza con la legge 4 marzo 2009, n. 15, le linee-guida per l&#8217;integrazione operativa delle agenzie fiscali, la razionalizzazione di tutte le strutture periferiche dell&#8217;amministrazione dello Stato e la loro tendenziale concentrazione in un ufficio unitario a livello provinciale, il coordinamento delle attivit\u00e0 delle forze dell&#8217;ordine, ai sensi della legge 1\u00ba aprile 1981, n. 121, l&#8217;accorpamento degli enti della previdenza pubblica, la razionalizzazione dell&#8217;organizzazione giudiziaria civile, penale, amministrativa, militare e tributaria a rete, la riorganizzazione della rete consolare e diplomatica. Il programma, comunque, individua, anche attraverso la sistematica comparazione di costi e risultati a livello nazionale ed europeo, eventuali criticit\u00e0 nella produzione ed erogazione dei servizi pubblici, anche al fine di evitare possibili duplicazioni di strutture ed implementare le possibili strategie di miglioramento dei risultati ottenibili con le risorse stanziate<\/em>&#8220;.<\/p>\n<p>L&#8217;art. 1, comma 5, del decreto legge convertito soggiunge che: &#8220;<em>Restano esclusi dall&#8217;applicazione dei commi 3 e 4 il personale amministrativo operante presso gli uffici giudiziari, la Presidenza del Consiglio, le Autorita&#8217; di bacino di rilievo nazionale, il Corpo della polizia penitenziaria, i magistrati, l&#8217;Agenzia italiana del farmaco, nei limiti consentiti dalla normativa vigente, nonch\u00e9 le strutture del comparto sicurezza, delle Forze armate, del Corpo nazionale dei vigili del fuoco, e quelle del personale indicato nell&#8217;articolo 3, comma 1, del citato decreto legislativo n. 165 del 2001. Continua a trovare applicazione l&#8217;articolo 6, comma 21-sexies, primo periodo del decreto-legge 31 maggio 2010, n. 78, convertito dalla legge 30 luglio 2010, n. 122. Restano ferme le vigenti disposizioni in materia di limitazione delle assunzioni<\/em>&#8220;;<\/p>\n<p>L&#8217;art. 1, comma 29, del decreto legge convertito declama infine che: &#8220;<em>I dipendenti delle amministrazioni pubbliche di&#8217; cui all&#8217;articolo 1, comma 2, del decreto legislativo 30 marzo 2001, n. 165, esclusi i magistrati, su richiesta del datore di lavoro, sono tenuti ad effettuare la prestazione in luogo di lavoro e sede diversi sulla base di motivate esigenze, tecniche, organizzative e produttive con riferimento ai piani della performance o ai piani di razionalizzazione, secondo criteri ed ambiti regolati dalla contrattazione collettiva di comparto. Nelle more della disciplina contrattuale si fa riferimento ai criteri datoriali, oggetto di informativa preventiva, e il trasferimento e&#8217; consentito in ambito del territorio regionale di riferimento; per il personale del Ministero dell&#8217;interno il trasferimento puo&#8217; essere disposto anche al di fuori del territorio regionale di riferimento. Dall&#8217;attuazione del presente comma non devono derivare nuovi o maggiori oneri a carico della finanza pubblica<\/em>&#8220;;<\/p>\n<p>L&#8217;iter istruttorio del decreto legislativo \u00e8 giunto all&#8217;elaborazione, da parte del gruppo di studio ministeriale all&#8217;uopo costituito, di una relazione, gi\u00e0 rassegnata al Ministro della Giustizia, <em>dalla quale si evince la possibilit\u00e0 dell&#8217;accorpamento del Tribunale di Sanremo al Tribunale di Imperia e la conseguente soppressione della Sezione Distaccata di Ventimiglia.<\/em><\/p>\n<p>Lo schema di decreto legislativo recante \u00ab<em>Nuova organizzazione dei tribunali ordinari e degli uffici del pubblico ministero, in attuazione dell\u2019articolo 1, comma 2, della legge 14 settembre 2011, n. 148<\/em>\u00bb ha previsto l&#8217;accorpamento del Tribunale di Sanremo &#8211; e conseguentemente della relativa Sezione Distaccata di Ventimiglia &#8211; al Tribunale del Capoluogo (Imperia).<\/p>\n<p>Presentati gli schemi di pareri della seconda Commissione Permanente del Senato e della Commissione Giustizia della Camera (in merito allo schema di d. lgs. di riordino degli uffici giudiziari) il Parlamento ha definitivamente deciso la soppressione del Tribunale di Sanremo &#8211; e, conseguentemente, della relativa Sezione Distaccata di Ventimiglia &#8211; approvando il decreto legislativo 7 settembre 2012, n. 155 &#8220;<em>Nuova organizzazione dei tribunali ordinari e degli uffici del pubblico ministero, a norma dell&#8217;articolo 1, comma 2, della legge 14 settembre 2011, n. 148<\/em>&#8220;, pubblicato nella Gazzetta Ufficiale n. 213 del 12-9-2012 &#8211; Suppl. Ordinario n. 185, entrato in vigore il 13\/09\/2012.<\/p>\n<p>Contro la soppressione del Tribunale di Sanremo e della Sezione Distaccata di Ventimiglia si sono espressi, ai diversi livelli istituzionali, diversi esponenti politici, non soltanto locali; parimenti sono stati approvati ordini del giorno contro la soppressione, tanto a livello locale, quanto a livello provinciale e regionale.<\/p>\n<p>Trattasi di segnali che lasciano ben sperare sulla possibilit\u00e0 che <em>il Governo, in esecuzione di quanto previsto all&#8217;art. 1, comma 5, della legge 148\/2011, nel biennio che andr\u00e0 a scadere il 13 settembre 2014 riveda la propria posizione e corregga il decreto legislativo 155\/2012, eliminando dall&#8217;elenco dei tribunali soppressi quello di Sanremo e\/o, quantomeno, la Sezione Distaccata di Ventimiglia.<\/em><\/p>\n<p><em>Solo in tal modo, come vedremo meglio in appresso, si potranno davvero conseguire l&#8217;incremento di efficienza ed il risparmio di spesa che dovrebbero essere assicurati dall&#8217;attuazione della redistribuzione sul territorio degli uffici giudiziari prevista dalla legge delega.<\/em><\/p>\n<p>Limitandoci, in questa sede, a quanto pi\u00f9 interessa il territorio intemelio osserviamo infatti che la Sezione Distacca di Ventimiglia \u00e8 competente per le cause monocratiche, civili e penali, ricadenti nel territorio di <em>17 Comuni<\/em>: Airole, Apricale, Bordighera, Camporosso, Castelvittorio, Dolceacqua, Isolabona, Olivetta San Michele, Perinaldo, Pigna, Rocchetta Nervina, San Biagio della Cima, Seborga, Soldano, Vallebona, Vallecrosia e Ventimiglia;<\/p>\n<p>Due 2 di questi Comuni &#8211; precisamente il Comune di Bordighera ed il Comune di Ventimiglia &#8211; sono stati <em>sciolti per sospette, ancorch\u00e9 indimostrate, infiltrazioni mafiose<\/em>, ai sensi dell&#8217;art. 143 T.U.E.L., pertanto l&#8217;eliminazione della Sezione Distaccata di Ventimiglia verrebbe percepita, contrariamente a quanto dovrebbe avvenire, come <em>un arretramento dello Stato<\/em> rispetto all&#8217;attivit\u00e0 di contrasto alla criminalit\u00e0 organizzata, attivit\u00e0 che, semmai, imporrebbe una maggiore presenza delle istituzioni ed una valorizzazione degli Uffici Giudiziari presenti su un territorio che continua ad assumersi contaminato (anche se, un primo riscontro giudiziario, ha negato l&#8217;esistenza di una stabile organizzazione mafiosa: caso Pellegrino &#8211; Bordighera);<\/p>\n<p>La Sezione Distacca di Ventimiglia, inoltre, rappresenta un importante <em>presidio di confine<\/em>, con quanto ne consegue anche in merito alla trattazione delle <em>controversie internazionali<\/em> e dei <em>crimini di frontiera<\/em> (traffico di droga, armi, prodotti contraffatti, immigrazione etc.);<\/p>\n<p>Il Tribunale di Sanremo e la Sezione Distaccata di Ventimiglia sono <em>i secondi per carico di lavoro<\/em> ed <em>i primi per efficienza<\/em> tra gli Uffici Giudiziari della Liguria.<\/p>\n<p>Se non bastasse assumere &#8211; quale criterio utile al fine del mantenimento di un Ufficio Giudiziario &#8211; il dato delle &#8220;sopravvenienze&#8221; significa premiare gli <em>Uffici Giudiziari meno efficienti<\/em> (che non riescono a smaltire in tempi brevi il contenzioso arretrato).<\/p>\n<p>Ed ancora, la Sezione Distaccata di Ventimiglia \u00e8 stata <em>da poco ristrutturata interamente<\/em>, con una spesa a carico dello Stato di circa 1.500.000 di euro.<\/p>\n<p>V&#8217;\u00e8 da notare, poi, che il Tribunale di Sanremo, incluso il carico di lavoro della Sezione Distaccata di Ventimiglia, cura <em>il triplo del contenzioso<\/em> del Tribunale di Imperia<em>, dunque la decisione del Governo si traduce in un decentramento, anzich\u00e9 in un accentramento, del servizio, <\/em>non solo, peraltro, rispetto al numero delle liti (dunque alle reali necessit\u00e0 di utenti e destinatari del servizio giustizia), ma anche rispetto alla conformazione del territorio, dacch\u00e9 il Tribunale di Imperia risulta geograficamente collocato ai margini della Provincia, a confine con la Provincia di Savona.<em><\/em><\/p>\n<p>L\u2019enorme mole di lavoro compiuta quotidianamente dal Tribunale di Sanremo e dalla Sezione Distaccata di Ventimiglia rendono agevole ipotizzare che la fusione di queste realt\u00e0 con il Tribunale di Imperia determiner\u00e0 il rapido intasamento di quest\u2019ultimo<em>, <\/em>col conseguente<em> aumento della durata dei processi<\/em> e la probabile estinzione per prescrizione di molti di essi. Ci\u00f2 non potrebbe che tradursi in un\u2019ampia sequela di casi di denegata giustizia, a immediato nocumento dei cittadini.<\/p>\n<p>Il Ponente Ligure, com&#8217;\u00e8 noto, \u00e8 caratterizzato da un sistema viario carente, da una rete di trasporto pubblico inadeguata, dalla cronica mancanza di parcheggi e da un territorio morfologicamente impervio e complesso. Sopprimere la Sezione Distaccata di Ventimiglia ed accorpare il Tribunale di Sanremo a quello di Imperia comporter\u00e0, quindi, <em>notevoli disagi per la popolazione e le imprese<\/em>. Basti pensare che i tempi medi di percorrenza per giungere ad Imperia superano in ogni caso un ora e, in taluni casi, addirittura le due ore.<\/p>\n<p>Il cosiddetto &#8220;riordino&#8221;, se attuato nei termini descritti, finirebbe quindi per ostacolare migliaia di persone, soprattutto quelle residenti nei comprensori pi\u00f9 decentrati e mal serviti, nell\u2019esercizio di quel diritto al servizio di amministrazione della giustizia sancito dall\u2019art. 24 della Costituzione.<\/p>\n<p>E&#8217; appena il caso di ricordare che il Tribunale di Sanremo ed il suo Distaccamento Ventimigliese servono un bacino di utenza di 150.000 persone e ci\u00f2 dimostra, una volta di pi\u00f9, la loro indiscutibile quanto elevata utilit\u00e0 pubblica.<\/p>\n<p>L&#8217;accorpamento comporter\u00e0 <em>un incremento di costi<\/em>, anche per le pratiche pi\u00f9 semplici, quali quelle per cui non \u00e8 necessaria l&#8217;assistenza di un difensore, tipo un atto notorio, un&#8217;accettazione od una rinuncia di eredit\u00e0, un&#8217;autentica di firma, l&#8217;asseverazione di una perizia tecnica, una testimonianza ecc.<\/p>\n<p>I citati provvedimenti, pur finalizzati alla riduzione della spesa pubblica, non tengono conto dei <em>costi che lo Stato dovrebbe sostenere per definire e mantenere il Tribunale ad Imperia<\/em> (es. spese per il trasporto di fascicoli e attrezzature; maggiori oneri a carico dello Stato per la conduzione ad Imperia di tutti gli arrestati nell&#8217;area Sanremasca e Ventimigliese; maggiori oneri a carico dello Stato per l&#8217;impiego dei magistrati attualmente impiegati presso il Tribunale di Sanremo e la Sezione Distaccata di Ventimiglia etc.).<\/p>\n<p>Stranamente per il personale attualmente impiegato negli Uffici che verrebbero soppressi &#8211; a differenza di quanto accade per i magistrati &#8211; non sono previste maggiorazioni di stipendio per lo spostamento ad Imperia.<\/p>\n<p>La Sezione Distaccata di Ventimiglia ha un <em>costo di gestione<\/em> di soli 150.000 euro annui (di cui 60.000 a titolo di locazione al Comune di Ventimiglia ed i rimanenti per la manutenzione e le utenze), oltre alle spese di personale: 2 magistrati, uno Civile ed uno Penale (che esercita le proprie funzioni anche a Sanremo), oltre agli impiegati.<\/p>\n<p>Il Tribunale di Saremo ha un <em>costo di gestione<\/em> di 600.000 euro annui, cui si aggiungono i costi della Procura e le spese di personale: 13 magistrati (inclusi quelli di Ventimiglia), oltre agli impiegati di cancelleria, anche del GIP\/GUP e dell&#8217;ufficio notifiche esecuzioni e protesti.<\/p>\n<p>In buona sostanza il Tribunale di Sanremo e la Sezione Distaccata di Ventimiglia <em>non sono strutture inutili, pletoriche, inefficienti e costose per il bilancio dello Stato<\/em>, dunque non riflettono certo il modello negativo che ha ispirato il piano di riordino, trattandosi di realt\u00e0 gravate da un notevole carico di lavoro e dotate di una straordinaria capacit\u00e0 operativa.<\/p>\n<p>In detto contesto, fatti salvi eventuali e futuri approfondimenti nelle sedi opportune (TAR e Corte Costituzionale), \u00a0appare evidente che:<\/p>\n<p>1. la scelta di garantire necessariamente la permanenza del Tribunale di Imperia si pone in linea con &#8220;il criterio della spesa storica&#8221; che i citati provvedimenti si proponevano invece di superare e risulta dettata unicamente dalla circostanza, in s\u00e9 neutra e priva di significato pratico, che detto Tribunale ha sede nel Capoluogo di Provincia;<\/p>\n<p>2. tra le ipotesi astrattamente ipotizzabili per riorganizzare la distribuzione sul territorio degli uffici giudiziari l&#8217;accorpamento del Tribunale di Sanremo e la soppressione della Sezione Distaccata di Ventimiglia \u00e8 incontestabilmente quella che meno garantisce un risparmio di spesa ed un incremento di efficienza;<\/p>\n<p>3. la scelta adottata non tiene conto dell&#8217;estensione e delle peculiarit\u00e0 del territorio, n\u00e9 della specificit\u00e0 territoriale del bacino di utenza (che emerge dai carichi di lavoro), n\u00e9 della produttivit\u00e0 ed efficienza degli Uffici\u00a0 esistenti (tanto meno alta quanto pi\u00f9 sono alte le sopravvenienze), n\u00e9 della situazione infrastrutturale, n\u00e9 del tasso d&#8217;impatto della criminalit\u00e0 comune, n\u00e9 della pretesa &#8211; ed a tutt&#8217;oggi indimostrata &#8211; presenza della criminalit\u00e0 organizzata;<em><\/em><\/p>\n<p>4. non pare neppure esaminata la possibilit\u00e0 di limitarsi ad accorpare pi\u00f9 uffici di procura, indipendentemente dall&#8217;eventuale accorpamento dei rispettivi tribunali.<\/p>\n<p>Per questi ed altri motivi &#8211; che il limitato spazio a nostra disposizione non ci consente di illustrare dettagliatamente &#8211; <strong>e<\/strong><strong>sprimiamo la nostra assoluta e ferma contrariet\u00e0 all&#8217;accorpamento del Tribunale di Sanremo al Tribunale di Imperia e, comunque, alla soppressione della Sezione Distaccata di Ventimiglia<\/strong>.<\/p>\n<p>5 ottobre 2012 &#8211;<br \/>\nAvv. Marco Mazzola<\/p>\n\t<div class=\"quickshare-container\">\r\n\t<ul class=\"quickshare-text qs-genericons quickshare-small\">\r\n\t\t<li class=\"quickshare-share\">Condividi :<\/li> \r\n\t\t<li><a href=\"https:\/\/facebook.com\/sharer.php?u=https%3A%2F%2Fwww.ventimigliablog.it%2Fblog%2Fsulla-soppressione-del-tribunale-di-ventimiglia%2F&amp;t=SULLA+SOPPRESSIONE+DEL+TRIBUNALE+DI+VENTIMIGLIA+<+Ventimigliablog\" target=\"_blank\" title=\"Share on Facebook\"><span class=\"quickshare-facebook\">Facebook<\/span><\/a><\/li>\t\t<li><a href=\"https:\/\/twitter.com\/intent\/tweet?url=https%3A%2F%2Fwww.ventimigliablog.it%2Fblog%2Fsulla-soppressione-del-tribunale-di-ventimiglia%2F&amp;text=SULLA+SOPPRESSIONE+DEL+TRIBUNALE+DI+VENTIMIGLIA+<+Ventimigliablog\" target=\"_blank\" title=\"Share on Twitter\"><span class=\"quickshare-twitter\">Twitter<\/span><\/a><\/li>\t\t\t\t\t\t<li><a href=\"https:\/\/plus.google.com\/share?url=https%3A%2F%2Fwww.ventimigliablog.it%2Fblog%2Fsulla-soppressione-del-tribunale-di-ventimiglia%2F\" target=\"_blank\" title=\"Share on Google+\"><span class=\"quickshare-googleplus\">Google+<\/span><\/a><\/li>\t\t\t\t\t\t\t\t<li><a href=\"mailto:?subject=Ventimigliablog:+SULLA+SOPPRESSIONE+DEL+TRIBUNALE+DI+VENTIMIGLIA&amp;body=https%3A%2F%2Fwww.ventimigliablog.it%2Fblog%2Fsulla-soppressione-del-tribunale-di-ventimiglia%2F\" target=\"_blank\" title=\"Share via Email\"><span class=\"quickshare-email\">Email<\/span><\/a><\/li>\t<\/ul>\r\n\t<\/div>\r\n","protected":false},"excerpt":{"rendered":"<p>La Camera ed il Senato hanno approvato &#8211; ed il Presidente della Repubblica promulgato &#8211; la legge 14 settembre 2011, n. 148, di conversione con modifiche del decreto legge 13 agosto 2011, n. 138, recante ulteriori misure urgenti per la &hellip; <a href=\"https:\/\/www.ventimigliablog.it\/blog\/sulla-soppressione-del-tribunale-di-ventimiglia\/\">Continua a leggere<span class=\"meta-nav\">&rarr;<\/span><\/a><\/p>\n","protected":false},"author":10,"featured_media":0,"comment_status":"open","ping_status":"closed","sticky":false,"template":"","format":"standard","meta":{"ngg_post_thumbnail":0,"footnotes":""},"categories":[11],"tags":[18,20,14,19],"_links":{"self":[{"href":"https:\/\/www.ventimigliablog.it\/blog\/wp-json\/wp\/v2\/posts\/193"}],"collection":[{"href":"https:\/\/www.ventimigliablog.it\/blog\/wp-json\/wp\/v2\/posts"}],"about":[{"href":"https:\/\/www.ventimigliablog.it\/blog\/wp-json\/wp\/v2\/types\/post"}],"author":[{"embeddable":true,"href":"https:\/\/www.ventimigliablog.it\/blog\/wp-json\/wp\/v2\/users\/10"}],"replies":[{"embeddable":true,"href":"https:\/\/www.ventimigliablog.it\/blog\/wp-json\/wp\/v2\/comments?post=193"}],"version-history":[{"count":0,"href":"https:\/\/www.ventimigliablog.it\/blog\/wp-json\/wp\/v2\/posts\/193\/revisions"}],"wp:attachment":[{"href":"https:\/\/www.ventimigliablog.it\/blog\/wp-json\/wp\/v2\/media?parent=193"}],"wp:term":[{"taxonomy":"category","embeddable":true,"href":"https:\/\/www.ventimigliablog.it\/blog\/wp-json\/wp\/v2\/categories?post=193"},{"taxonomy":"post_tag","embeddable":true,"href":"https:\/\/www.ventimigliablog.it\/blog\/wp-json\/wp\/v2\/tags?post=193"}],"curies":[{"name":"wp","href":"https:\/\/api.w.org\/{rel}","templated":true}]}}