{"id":1955,"date":"2013-07-11T18:11:41","date_gmt":"2013-07-11T16:11:41","guid":{"rendered":"http:\/\/www.ventimigliablog.it\/blog\/?p=1955"},"modified":"2013-07-12T18:13:19","modified_gmt":"2013-07-12T16:13:19","slug":"ricordando-la-fiorente-ventimiglia","status":"publish","type":"post","link":"https:\/\/www.ventimigliablog.it\/blog\/ricordando-la-fiorente-ventimiglia\/","title":{"rendered":"Ricordando la fiorente Ventimiglia"},"content":{"rendered":"<div dir=\"ltr\"><img loading=\"lazy\" decoding=\"async\" class=\"alignleft\" id=\"il_fi\" alt=\"\" src=\"http:\/\/www.wikinoticia.com\/images\/esquizopedia\/www.esquizopedia.com.wp-content.uploads.2010.02.pascal01jpeg.jpg\" width=\"400\" height=\"213\" \/><\/div>\n<div dir=\"ltr\">L&#8217;articolo del Dott. Sottile, del 4 luglio: &#8220;<a href=\"http:\/\/www.ventimigliablog.it\/blog\/?p=1590\" target=\"_blank\"><i><b>Fiori e turismo, una coppia che doveva essere vincente per il nostro estremo Ponente<\/b><\/i><\/a>&#8220;,\u00a0ha fatto riaffiorare alla mia mente ricordi di giovent\u00f9&#8230;&#8230;.<\/p>\n<div>Ricordo quando negli anni 70-80, partendo da Torino (dove mi ero trasferito per lavoro), percorrendo la Statale 20 tornavo a Ventimiglia; come al solito arrivato\u00a0a Roverino, trovavo sempre una coda di automobili, non c&#8217;erano ancora i sovra passi, il doppio ponte e neanche la rotonda di Largo Torino.<!--more--><br \/>\nIn compenso c&#8217;erano ancora le dogane,\u00a0l&#8217;euro (fortunatamente o sfortunatamente decidetelo voi) non era ancora nato!!!<br \/>\nComunque ritornando a noi, la coda di automobili era provocata dal grande flusso di auto provenienti dalla Francia, si, \u00a0perch\u00e9 all&#8217;epoca i francesi non arrivavano solo di venerd\u00ec, il flusso iniziava al mattino verso le dieci, \u00a0per poi intensificarsi sin verso le tre del pomeriggio, intorno \u00a0alle cinque di sera il flusso di marcia si invertiva, da Ventimiglia le auto si avviavano verso la Francia; i francesi andavano via soddisfatti dei loro acquisti a Ventimiglia, ed i negozianti ventimigliesi erano ben contenti della giornata, faticosa e lunga, ma anche redditizia e proficua!<br \/>\nAlle otto di sera le strade della citt\u00e0 erano quasi tutte deserte, questo avveniva tutti i giorni feriali, mentre al venerd\u00ec la citt\u00e0 rimaneva completamente bloccata fino a tarda sera.<\/div>\n<div>Normalmente arrivavo il venerd\u00ec alle 18,00-18.30, mi precipitavo a fare la spesa, e cosa mi aspettava? Gli scaffali dei negozi del centro non erano completamente vuoti ma quasi, il mio adorato gorgonzola era praticamente introvabile, mi piaceva molto!<\/div>\n<div>Tutte le volte non vedendolo pi\u00f9 negli scaffali, provavo a chiederlo ai commessi, ma puntualmente mi sentivo rispondere &#8220;<b>oggi i francesi hanno fatto man bassa!<\/b>!<\/div>\n<div>Sui vetri delle porte dei negozi, i cartelli avvertivano &#8220;<b>Si accettano Franchi Francesi, (Cambio favorevole)&#8221;<\/b>.<br \/>\nPerch\u00e9&#8217; i negozianti, oltre a vendere le loro merci si improvvisavano anche banchieri o bancari in proprio. Il commercio era fiorente, il mercato dei fiori molto attivo, alle 19.00 partiva un treno merci pieno di fiori per l&#8217;Europa.<br \/>\nRicordo nei periodi pre-natalizi le code dei francesi fuori delle oreficerie, perch\u00e9 per questioni di sicurezza, gli orafi lasciavano entrare all&#8217;interno dei negozi due, tre clienti alla volta, per evitare sgradevoli sorprese!!! Nei negozi di calzature distribuivano i numeri per meglio gestire le code degli acquirenti&#8230;..\ufffd<br \/>\nErano trascorsi trent&#8217;anni dalla fine della seconda guerra mondiale, i segni delle mitragliate e delle cannonate rimanevano in bella mostra sulle facciate delle case; \u00a0il degrado della principale via della citt\u00e0, Via CAVOUR, aumentava di stagione in stagione.<br \/>\nGli immigrati calabresi, ben accetti, fornivano mano d&#8217;opera a basso costo per la coltivazione dei fiori.<br \/>\nI ventimigliesi erano spensierati, il lavoro in Francia movimentava 5-6000 frontalieri al giorno. Qualcuno di questi faceva il contrabbandiere in proprio. Oro &#8211; franchi &#8211; franchi svizzeri &#8211; lire finivano in banche monegasche o francesi.<br \/>\nLa ricchezza transitava e proseguiva per altri lidi, i negozi di vini aumentavano, le farmacie erano sempre quattro, una per ogni cinquemila abitanti, le code all&#8217;interno erano interminabili.<br \/>\nI costruttori costruivano bellissimi condomini in stile S.Siro Babilonese, ed in assenza di un piano regolatore, tutti i siti potevano andar bene, nessuno si accorgeva di nulla, tutto era regolare, nessuna anomalia,&#8230;&#8230;l&#8217;abusivismo edilizio era una prassi normale.<br \/>\nOggi e&#8217; cambiato tutto, per colpa di chi? Delle amministrazioni che non hanno incentivato lo sviluppo, i commercianti che non hanno saputo guardare oltre il proprio orticello&#8230;&#8230;? Ditemelo voi&#8230;.ci vediamo al mio prossimo ricordo&#8230;..<\/div>\n<div><\/div>\n<div>11 luglio 2013 \u00a0M.Proust<\/div>\n<\/div>\n\t<div class=\"quickshare-container\">\r\n\t<ul class=\"quickshare-text qs-genericons quickshare-small\">\r\n\t\t<li class=\"quickshare-share\">Condividi :<\/li> \r\n\t\t<li><a href=\"https:\/\/facebook.com\/sharer.php?u=https%3A%2F%2Fwww.ventimigliablog.it%2Fblog%2Fricordando-la-fiorente-ventimiglia%2F&amp;t=Ricordando+la+fiorente+Ventimiglia+<+Ventimigliablog\" target=\"_blank\" title=\"Share on Facebook\"><span class=\"quickshare-facebook\">Facebook<\/span><\/a><\/li>\t\t<li><a href=\"https:\/\/twitter.com\/intent\/tweet?url=https%3A%2F%2Fwww.ventimigliablog.it%2Fblog%2Fricordando-la-fiorente-ventimiglia%2F&amp;text=Ricordando+la+fiorente+Ventimiglia+<+Ventimigliablog\" target=\"_blank\" title=\"Share on Twitter\"><span class=\"quickshare-twitter\">Twitter<\/span><\/a><\/li>\t\t\t\t\t\t<li><a href=\"https:\/\/plus.google.com\/share?url=https%3A%2F%2Fwww.ventimigliablog.it%2Fblog%2Fricordando-la-fiorente-ventimiglia%2F\" target=\"_blank\" title=\"Share on Google+\"><span class=\"quickshare-googleplus\">Google+<\/span><\/a><\/li>\t\t\t\t\t\t\t\t<li><a href=\"mailto:?subject=Ventimigliablog:+Ricordando+la+fiorente+Ventimiglia&amp;body=https%3A%2F%2Fwww.ventimigliablog.it%2Fblog%2Fricordando-la-fiorente-ventimiglia%2F\" target=\"_blank\" title=\"Share via Email\"><span class=\"quickshare-email\">Email<\/span><\/a><\/li>\t<\/ul>\r\n\t<\/div>\r\n","protected":false},"excerpt":{"rendered":"<p>L&#8217;articolo del Dott. Sottile, del 4 luglio: &#8220;Fiori e turismo, una coppia che doveva essere vincente per il nostro estremo Ponente&#8220;,\u00a0ha fatto riaffiorare alla mia mente ricordi di giovent\u00f9&#8230;&#8230;. Ricordo quando negli anni 70-80, partendo da Torino (dove mi ero &hellip; <a href=\"https:\/\/www.ventimigliablog.it\/blog\/ricordando-la-fiorente-ventimiglia\/\">Continua a leggere<span class=\"meta-nav\">&rarr;<\/span><\/a><\/p>\n","protected":false},"author":10,"featured_media":0,"comment_status":"open","ping_status":"closed","sticky":false,"template":"","format":"standard","meta":{"ngg_post_thumbnail":0,"footnotes":""},"categories":[3,1,6],"tags":[],"_links":{"self":[{"href":"https:\/\/www.ventimigliablog.it\/blog\/wp-json\/wp\/v2\/posts\/1955"}],"collection":[{"href":"https:\/\/www.ventimigliablog.it\/blog\/wp-json\/wp\/v2\/posts"}],"about":[{"href":"https:\/\/www.ventimigliablog.it\/blog\/wp-json\/wp\/v2\/types\/post"}],"author":[{"embeddable":true,"href":"https:\/\/www.ventimigliablog.it\/blog\/wp-json\/wp\/v2\/users\/10"}],"replies":[{"embeddable":true,"href":"https:\/\/www.ventimigliablog.it\/blog\/wp-json\/wp\/v2\/comments?post=1955"}],"version-history":[{"count":0,"href":"https:\/\/www.ventimigliablog.it\/blog\/wp-json\/wp\/v2\/posts\/1955\/revisions"}],"wp:attachment":[{"href":"https:\/\/www.ventimigliablog.it\/blog\/wp-json\/wp\/v2\/media?parent=1955"}],"wp:term":[{"taxonomy":"category","embeddable":true,"href":"https:\/\/www.ventimigliablog.it\/blog\/wp-json\/wp\/v2\/categories?post=1955"},{"taxonomy":"post_tag","embeddable":true,"href":"https:\/\/www.ventimigliablog.it\/blog\/wp-json\/wp\/v2\/tags?post=1955"}],"curies":[{"name":"wp","href":"https:\/\/api.w.org\/{rel}","templated":true}]}}