{"id":1983,"date":"2013-07-13T08:42:16","date_gmt":"2013-07-13T06:42:16","guid":{"rendered":"http:\/\/www.ventimigliablog.it\/blog\/?p=1983"},"modified":"2013-07-14T12:37:56","modified_gmt":"2013-07-14T10:37:56","slug":"scullino-risponde-allattacco-del-pd-ventimigliese","status":"publish","type":"post","link":"https:\/\/www.ventimigliablog.it\/blog\/scullino-risponde-allattacco-del-pd-ventimigliese\/","title":{"rendered":"Scullino risponde all&#8217;attacco del PD ventimigliese"},"content":{"rendered":"<div>\n<p><img loading=\"lazy\" decoding=\"async\" class=\"alignleft\" id=\"rg_hi\" alt=\"\" src=\"data:image\/jpeg;base64,\/9j\/4AAQSkZJRgABAQAAAQABAAD\/2wCEAAkGBhQSEBQSEhIUFBQWFhQVFBUVFBQUFhQUFBUVFBQUFRQXHCYeFxkjGRQUHy8gJCcpLCwsFR4xNTAqNSYrLCkBCQoKDgwOFQ8PFCkcHBwpLCkpKSkpKSkpKSkpKSkpKSkpKSkpKSkpKSkpKSkpKSwsLCksKSkpKSksLCwpKSwsKf\/AABEIAMwA9AMBIgACEQEDEQH\/xAAcAAABBQEBAQAAAAAAAAAAAAACAAEDBAUGBwj\/xAA+EAABAwIDBQUFBQcFAQEAAAABAAIRAyEEEjEFQVFhcQYTIoGRobHB0fAUIzJCUgckM2JysuFTc4LC8ZIV\/8QAGQEAAwEBAQAAAAAAAAAAAAAAAAECAwQF\/8QAIxEBAQACAgIBBQEBAAAAAAAAAAECEQMxIUFRBBIiMmEUE\/\/aAAwDAQACEQMRAD8A4RrOKImE7kBcuN2mJUVY7k76iLB1YqNcdJ+imlvbG2YGQ4jxxrwmLBbCgo6+SsIiSCIFNCcBAOCjBQQiagHBTpQq2NxrabcxPQTclAWsyCri2NuXD1XK4\/aVSpvgfpafad6Gjh3EXHreRyT0bpW7UYXQDdcftDs\/mqVHtP4nZhY2BWlScDuiOp\/8UtXEllgPePenNzorpgUuzhiHeqrVezTgCcwMciOi6ajjIHiBuNxj4XU9Op4C6QRIDp1vpKr7qWo4LFbKewTqBv8AmqkL0bFYVrm2giPFpH1Zc5tXYckFgtvvF1Uz+UXD4c4nOinxGELDBVd61ZgCIIYRhAdJ2Hd+9jmx\/wD1Xoy887B05xJPBjvaQvQgsM+2mI2lGELQjChZimTlMkZoSTpIDz16gqOi6LvpJ9ihe2TfTeiRVM26lDUzER1TtEdNsWvmZzAAPktJcdR2wcOCQAZIsSurwtbOxroiQD6pFU4ThMEQQR0UIEYKAixOJDGyegHE8FmwXHORmdE7zl4DkFV2ji89cM3Nt8Xe5aVMWgCTqbWHRaYxFrNfRIlxAndb5JsOZPuEz6DgrVdtRxhgIHmrFDY9szhfhdGV1FceNyulOrhSBJIYDwBk+SZ2QtHiMjjA9slXa+BuBEW9eKr4rAGCItyusvvjpvBYoVWh0BstneOOqjr1CAQdYAJGhhP9iqAy0b9CIB8ygOBqSZab34+3zVzKMrw5fCxs2uMpbxt6KapSDdxgqvRwbm8B1HvUuKrGBITvnpGrO3Pbbw2\/hrIt6rnSuzrs7xpaQORElcfVpkEg6gkHyWnHWWcRpwknWiHR9hqsYoDixw9y9GC8t7L18mLpHiSPUEfJepwsc+2mHSRqJCxGs1hKaE5SCDNCdOkkHmjKVk+VSOCAo2sCJ5uEoT1BcICLFsli7PZ38Jn9LfcuSqCy67AD7pn9LfchOSwiCBECghwo61SApAqW16sUncYsmTHo4Uwapm5sTvPELX2Wx0ybA6ki5HJRbKrtqZKbrnLA4TIXYVdmNDBANunsVpnkqVNppWbCrVGiICtUW+GItw+ahqNBOkrLkrr4MfKGnhA6FdbswHVFRoxfRTNqcIWEjrtU6+yGjdPBQPwYiFo1HEblC66KqVg43ZtidVzldhDo9OK7fEPEQsB9FveiRYn2rXDLy5+fCWbjBq0MsgbwuJxLCHkO1kyvRtv4E03tIPhdJHUR81w23Y73nF+q6cfFebl5jOSCScLVCWhWyOa\/9Lmu9CCvYmvkAjff1uvGSLL1nYWIz4ak7iwewQs+ReLSpqSVEwqQrKtDJwmThIEnSSSN544Ks5WnKs8pNCCfeELXKQC6ZHqaLo9iVs1EciQuar1WgXIHmtjsxWzd4IMeEyQQCbgxOqIWTeThMnTSIFZO23+JjeJ+K1gsbtI8t7t7Rdrp9L\/BOFWp\/wDm06WR9MnN+a+\/oujp4zMwRqYEcOKxtnh1ZrXhmTNmMGItqfWVcoukgbvipuXnTbHiutrneQ0+ifDtuqwMkcIWnQZOixyu668J9uKKs4nojosyibdCdegUWLDgfC3TjosiviMT3oaXZWEi4YIy2kg3M3VYxNvhvsqB26POUnYcWO5ZWz8Q4TmM8Dp7Fc2jiPAIO9TfNXqxHj8LabesLnMVTgnlda1fFUXHK+rBO50Nk8LrL2nTyuGWTIi\/SyqRGWW4HtRU\/d6bt4cf7Z+AXlNeuXuLiZJuu67d7XhgYDZth\/M6wJ6D5rz6mV2Yz28vIadMnlWkTV6F2DxWbDFn6HkeTvEPeV54Cur7A4vLWewn8bRA5tn2wT6Kc+lY137UZQNKOVg1JOCmTwkDykllSQHnjnjiFVqVBKkhV6pkhGlmNYjQBbezNlNc0OeS4zpoPQLEoMJcOt\/JdTssfdjqU70m27SUNk0s2bu2zpMTaFohsaWUNH4qdIiRhAiBQBFYvaVxyZY1W0CsftIzwh3BOBvdj6mbDMzG4BbB3+J0+4J8a6H+EnXMPWD7ZVDsyZ+50vmF9WkE68ne9WD\/ABCLkDSeBvf1WOU1a9Hi84xpYJ319dFp4N6ysK0T6LWwohZzteSy6nvUdRzYiEReSo6pDRxO4K0SRQxFNrb6Khjaxc2wtdHi3y9xe7TToiY1pa7xCN3VOYtfSpW2Y2oGPGtjym2qojBkWzTlMN6u+Uq9s0k07XEn5qlt\/abaNI1MpIbqBx+o9E5d3Tnzmpa8+7Yv++yzYTbnvWKFJjMX3tV1T9RkjgTrCBds8R5duyTpk4TIgp8LiHMcHsMOaZB5j4KAImlAewbOxgq0mVG6OAPQ7x6q21cj+z\/HZqdSkdWEOb\/S+f8AsD6rrmrnsbQ6SSaFJnzJIUkHp5y99lWq6AqYJqjEKLCt8S6bZv8ADHUrmMLZy6jZv8MeaL0i9r1DTzKlCgpPAFyBc6oam0qTdajR5ygeVpEFk1e0tBv556AqnV7a0ho0n2IPV+HRhUts0g6k6eFlzdftw4ghlMDgdY8lk1du1qgh1U8rAeUBCpha6TYu0C2nma8Zw4Ng72HX2rewLy8ucdeVhp\/hedbFzmsM7olwAnSZ38l6LgLOI4xruOhB6GUuSOj6fLuNbBmTAWxRbZYuHOVy2cNUssY3z89JGPgSqVeXEmVJh6uoIKrCiHHxj4e5Uz9hfgeNz9W5rMxeGJZmm87requ4jZLQMzXkdSZ9Vm4jvQLPtwgKms8+1vZGJGTuyADJM8eK53t1T\/d6vQH2rbwTS4N0DgZMLH7bVf3er\/SQlj+0Zcl\/Cx5fSFkaYJ13PKJOmThAOkExSCA6XsLisuKynR7SPMXHxXpAXj+x8T3eIov4VGT0Jyn2FevlZZxeIiUyZOFk0KE6SdA28qrY4Axrz96RxRO4QsyvUAe4fzH3qZpMW3X8t6LuOjGY2LQrkb1Ido1IjOY4SVnd4U2cpaGp8Lb67jq4+9Bm4lQXUhvqAjSocwhkJgxFYbwgbO1yPupKjYQdFboi6vHC1nnyzHohT3Lvez2M+1U7XxFIfeN\/1Gf6jOJtBHGDvXDQpsDtCpQqNq0XZXtMtPPgRvB4f+rbLGWacuOdxu3pM2Dhor+CxMqfZlWltCh9owwAqi1eiP1cWjnrz6rLIyutb63rkyw+16HHyzONQGChe7gqT6zo1RYfHZbPHnu\/wojTwLEYgaEKjinjQ71YxWLaQRaTwVLH1QQANQAPRXo5ZoFCsGZiTrZcb212qMgpAy95l3Jo+ZhWO0HaRtKQ05nflG6eJ5Lg6mJdUeXPJJOpWvHh7rk5uWfrBpJJLpcR04Qp0A5TJymSBPNvr63L2bCVs9NruLWn1C8a3L1TspiM+Dong3KerbLPNeLYCcIQUqtUNGZxAA1JMBZNINJZLu1GHBjPPRrvikltX2ZfDz\/GbHa92YEgnXqqOHJa7K7cYPQrao1JCz9o04eHcRB6hPe40w8ZIjRgwdxUWf8AlWjjoJY4H8VNhdyeBlcPKAqD23cQLgfXuU4tM5roJeeQ9qYTvJ8go8IYJDtBrO5ShsCCfxG3mtNaYy2zYWkHS54En1UlKnOkR0Uv2PK78QdGhExfXVSGBqrmLLLP4HQA3x1SfWH5TKrOqymmNFoxvyuByLKq3eWU1N8hBNXs92gq4KuK1E30c0\/hqN\/S74HUE+R9swdPDbVo9\/QOSpo8b2u\/S9u\/qvAQVqdm+0lbA1hWongHsJhtRo\/K757krNnLcenpu0dgV6NnNlv6hdvzCyHte3QSOC9M7P8AaKljqDa1Ezuc06tdva4KHaGwKVS4Hdu4j4jRYZcXw6sOff7PKsViI1p36Qub2ztcN8I\/EdGgm\/MncF6RiOz0VstepTbTn9YBqcgvPv2n4Hu8W0tAb4BEbg0kCEYY32OTl9YuZazUm5OpO\/5BC\/BMO4dRZR0sX+r1VkHzXQ5dqj9ncD6qF2CcN09FpkogEBhkJLVxOFDvgeHVVaey6h3ADiTZFuhJvpUKQ1ha9LZLB+NxPIWHqrLKjGWa0DosryydN8eC3tlUdl1HflgcXW9mq6zYe1ThaHdWeczjNxGa8e9YzsYTogknUrK8lrWcMjtdm9qmVHBjxkcbA\/lJ4TuUfbKtDKbSYlxMTrAt1AXHhi08XhqmMosynNUoyC0kAua6IcDxGWFN\/KaOfhlMmW6EkZ7K4r\/SP\/0Pmkp\/5f10f6\/4VByDaAlk8CPkhwxvH1ZFiwQwjdZXOmGX7KjnHK3zHx+KgxVQiI4yel1Pn8Mc\/h\/hS0qgAdmEhzXDoTEFLHtry+Is7ZYHNpvaAHOpeLcXHNF+ke1VKNKGid28qTM5waDYNBAtxMlOKHGfVdOOPy8\/LP1Eb6lrDzVd0nVXDh7WTGiRzV6Z7VWtRhSd36pZUGhMi6KnUg8ipMqhfTP1uQS60pKvh6m6VMzVMOg7I9q6mAr96yXMMCrTmM7eU2DhuK9z2h2swzMD9tzg0soLdxc46MA\/VNoXziCrNHFB1J2HqOPdOOZupFKoJAqNG6xh3EcUAXaHGVcTUNao7M4kkDUNm4DRuA08k2O2gcThaLnkmpQc6i+ZJdTeA+i8km8ZHt6woaQfTcaVUZXt3TIg6OB3tOoVfFtLHeH8L4B9be0KF3rbNc2EVOrF\/Yp6jL6KLuk0rjHIwVFTIKkCohApjUMQDfdzCZJ7bTwU2b8Kxy1doQ4nepG0eKkyIgFyWaejMtha1GGoXOATd5wHwSFqSFobCxnd12mbHwnoVk1ZAufIWSoPloVdI78PUklWwVfPTY7i0Hzi6SpzvM8MbhWcb+B3RU2HTqFaxR8BlTOnRn+0Z40+ufzU1AcVA0214KzQkBXxTdL6nLWKwyEbmhVnITVK6Xn6WwE4aqgxDuCkDidZTCV1MIXU\/NEjCArupIIhW4QVKKR7Vn0AbtsVLSZa\/PRDcI81kEIiyGUJehlASYyu5wpzfuwWg7yzUNPHKZjgHQhrvztkOBi4jdFwnCPDubOVwAJ0dx5FTYvGqlW9xpu6cFG1TinlcWHqOm9V2mCgruJiwgw4QeBBB5api4jf6qfH451V+d2sAem9V4VJn9ToqYQN0UtNBonPO5CebkznwCN4\/wAqjgqpMydbrnuPbsxz8RdrVwwTHDqk7ETHB2nL6lQHDl4DRdzQT1HzspcO3Rp4Zh1U6kPdQioc5B0uI6aFTYJ1k9JrXNB0flcDzIgDzuo8AbeaWfS+OeXpnZp4dhmcsw9HFMq3ZOp+79Hu+B+KSGVjz0myepjSRCbLYhCzBOKUupWuU3ZoANvRaLWwFCNnECTZG6tay14vbH6m9CqOjWOgUZeShDJRwt3IQB4n1Rhh4lMCiBTB4dx9iBznjgfYpAU73\/WqAh+17iI6om4u8HT6lNmB\/KfRRnBg\/gd\/xQF1zQVXqMhNhyRLTqP8q0Wg2SCpmST1GQgCYSNKaoyQmaUQcgCqmWtdvbY9DqquJbDvYrLN7To4QoSMzAd+\/qNVMVQtKJRUjZSxdMktMWhEyyGiFobP2XUrlwptnK0ucdzW8ygMfEggSNSSfS6Gvh2tbLTq0GN4J\/8AF32G\/Z\/TbhftNau45mZ8rWhoa0iQJMz7FwmJEkOazK2MobMkRpJ3myyynw348vVDSxEPY4WIBnofopM8T2niP8FG2J8N7Ft+gM+9VcLVif5ZjodFnpv70Jvh7vmXA8pgKWi65tFm\/FPjcN9y2oN9QgemZR03SXRxaPelZ4VhfOne9kX\/AHDv9w\/2sSQdjx9w7\/cP9rElMZ3tybKkCQBzQ1MQ7jHRDTqwQdRwTYinlJH1B0WD0rhEeaTqjcYULfxA80b6UkhdnD1Xl\/VTWUL7QEQfKYBrQl3ztzVu5EgBRBRBzv0+1TMB4D1TAsqXdpXG9IIBNsiqMBvoeIQosiArEnMc2qttf9eiF9Kd0qNjiLICw5kqnVp5VbDveEntkGUgphyclNUp5SmaUAQQYaQ5zT\/U33FSITYh3A+zeg0LxD+qsa+xDjKfDjZNRdICA3uyHZ04yvkzZWNAdUcNQ02AHMkH0XrNDZNOjT7ukwNZBkDfb8x3lcF+ywkYivAt3TSf+LjH9zl1XbDtizC0+7Z4qroMcI9w0U045r9oG1G0MJSwFN0uyt7y8w1oH4uZO7hK4RmkHfqmxOKdUqPqvMue5znHm4zbkgzHSyeiLBEMrtL\/AMM3tu0lU2mC46CTAvJBNlexNElmqptpRqPVZWadON+4Wcus0GAZE7jESFOylAMwSTM6n1QsKkLlnbtrJp2fY\/8AgO\/3Hf2tST9kB+79Xu9wSSRe3BYOrLeY+grtcTTa7gcp9JHx9FmYf8ZW1gmTQxM7mU3Dkc8e4kLPOeXocWVuPn0oNR16kHyQMF0sQdFvwe3D9Z3ij7xEH80O9OuhwjD0bXHgma5SudvQDNaeCJrUPeFPmTCVoTgKEPRgpBKChqtm414JmORtPvQAMdP19cVK0+5RVWw6Ee\/64pgq1MFVAIKuNP15qLENSCCU8pncUggxsMgjhp0VZpyu5KUmIKHFt080BtbC7SuwnfGmPFUYGNcfyQZJ57ll4nFOqPL6hLnEySd6gaZhO8oBp1TU9Z16\/BNSOvVSvQBuqWuonPtdIiygxJuAlehKTqsGBf6sgZUcXCSp6tMWPJABr9b1zZXV09DDHeEyd\/2QH7q3m5\/vhJVOzDz9mZfe7+4pI0yvb\/\/Z\" width=\"244\" height=\"204\" data-height=\"204\" data-width=\"244\" \/><\/p>\n<p>Ho letto\u00a0 i commenti di alcuni responsabili del PD Ventimigliese, sulla ulteriore proroga di sei mesi concessa dal Ministero su proposta della Prefettura, e devo rilevare che le motivazioni\u00a0 in essa contenute sono\u00a0 assurde e irragionevoli. Sar\u00e0 il TAR a dire chi ha ragione. Naturalmente il PD non perde l\u2019occasione politica per denigrare e si diverte a girare il coltello nella piaga. Politicamente ci sta, non mi aspettavo diversamente, pazienza, sono convinto per\u00f2 che i cittadini comprendano perfettamente che si tratta di demagogia pura. Non auguro comunque a loro di subire l\u2019ingiustizia subita da me e dalla mia amministrazione.<!--more--><\/p>\n<p>Affermare che dopo 18 mesi di commissariamento non si \u00e8 ancora deciso il futuro della Civitas, mi pare davvero ridicolo. La Civitas ha fatto da antenna contro tutti i fulmini sparati da chi ha voluto lo scioglimento del consiglio comunale a tutti i costi. Bene che sia messa in liquidazione, il problema non \u00e8 questo. Quanto ci vuole, tre mesi, sei mesi, un anno? Quanto coster\u00e0? Chi pagher\u00e0? La Corte dei Conti arriva in ritardo ma arriva, vedremo. Prendo atto che non sono bastati neanche i 18 mesi gi\u00e0 trascorsi, a disposizione dei commissari. Dopo tutti i controlli nei minimi particolari dalle forze dell&#8217;ordine l\u2019unica colpa di Civitas \u00e8 stata aver affidato due marciapiedi per un totale di circa euro 160.000, nel lontano 2008, ad una cooperativa che secondo l\u2019accusa aveva dei soci occulti considerati in odore di mafia.\u00a0 Questa \u00e8 l\u2019accusa, da verificare, ma in ogni caso cosa ne possiamo noi? La Cooperativa operava con tutta la documentazione in regola, compresa quella camerale antimafia. Aspettiamo e poi vedremo come andr\u00e0 a finire. Desidero precisare che la societ\u00e0 ha ottenuto il voto favorevole in consiglio comunale. E che la commissione di controllo analogo era formata da tutte le forze presenti in amministrazione comprese le opposizioni. Inoltre il 95 percento delle nostre pratiche sono state votate all&#8217;unanimit\u00e0:\u00a0 questo dimostra la bont\u00e0 della nostra azione amministrativa. Civitas ha lavorato ottimamente, concretizzando centinaia di opere pubbliche con un enorme vantaggio nei costi e per i cittadini. Ha realizzato quasi diecimila interventi di manutenzione per la Citt\u00e0 che iniziava ad essere vivibile e ben mantenuta. Adesso invece basta girare in Citt\u00e0, parlare con i cittadini e si sente la mancanza della Civitas. Per il PD va bene cos\u00ec, basta sparare sull\u2019avversario, ma io non sono d\u2019accordo che sia il giusto modo di fare politica.<\/p>\n<p>Civitas ha acquistato propriet\u00e0, terreni e immobili che oggi rimangono acquisiti al patrimonio comunale, ha realizzato la palestra di Via Roma che \u00e8 stata a disposizione dei nostri giovani.<\/p>\n<p>Civitas operava contando sulle economie e risparmi sui lavori. Considero poi davvero assurda l\u2019affermazione sul patto di stabilit\u00e0, come altre, basta attendere e si valuter\u00e0 chi avr\u00e0 ragione, il TAR e semmai il Consiglio di Stato dovranno esprimersi. Vi ricordo come \u00e8 andata a finire a Bordighera: il ministro, la prefettura, ecc. si erano sbagliati, l\u2019amministrazione non doveva essere sciolta. Pu\u00f2 sbagliare anche la Prefettura, il Ministro e chi altro volete voi, non \u00e8 la prima e neanche l\u2019ultima volta che un tribunale amministrativo da torto a queste autorevoli istituzioni.<\/p>\n<p>Non mi risulta che i commissaria abbiano trovato buchi di bilancio o abbiano accertato l\u2019irregolarit\u00e0 del rispetto del patto di stabilit\u00e0, certificato dalla ragioneria comunale e, non dimentichiamolo, dalla Ragioneria di Stato. Anzi mi risulta che il rendiconto 2011, quello relativo alla mia amministrazione, sia stato chiuso e approvato dai commissari con un avanzo minimo, ma sempre avanzo.\u00a0 Il rendiconto 2012 \u00e8 stato chiuso con un enorme avanzo.\u00a0 Un\u2019amministrazione non burocratizzata non deve avere alla fine dell&#8217;anno in cassa enormi fondi non spesi, con tutto quello di cui Ventimiglia ha bisogno!!!<\/p>\n<p>Noi abbiamo investito a favore della\u00a0 citt\u00e0, circa 45 Milioni di Euro, oltre al porto che \u00e8 un\u2019opera privata che coster\u00e0\u00a0 circa 160 Milioni.\u00a0 Quindi nessuna elusione del patto, ma abbiamo invece investito\u00a0 bene i finanziamenti ottenuti e i soldi dei cittadini. I\u00a0 Ventimigliesi hanno apprezzato il nostro impegno e la nostra passione per fare bene, il bene comune.<\/p>\n<p>Non capisco l&#8217;attenzione particolare alle aree ferroviarie dismesse o dismittibili,\u00a0 mi riferisco al Parco Roja, mi sembra molto\u00a0 singolare. La nostra amministrazione ha firmato un accordo di programma nel 2009 evidenziando la grande importanza stratigica per la nostra economia,\u00a0 battendosi per richiedere benefici per la nostra citt\u00e0 (viabilit\u00e0 a monte, parcheggi e servizi.)\u00a0 ottenedo altresi la\u00a0 ZFU (zona franca urbana) grazie anche al Ministro dello Sviluppo Economico, On. Scajola &#8230;.. un grande risultato.\u00a0 Purtroppo ci viene segnalato che\u00a0 Ventimiglia in questi giorni, \u00e8 stata esclusa dall&#8217;elenco e sono rimaste solo citt\u00e0 del centro\/sud.\u00a0 Spero quindi\u00a0 in un immediato interessamente\u00a0 da parte dei commissari, e delle forze politiche di Governo, affinche sia rispettato il decreto del 2009 , l&#8217;esclusione\u00a0 sarebbe un duro colpo per la nostra citt\u00e0. Abbiamo amministrato bene rispettando e applicando sempre\u00a0 la legge!!! Chi oggi dice il contrario, seppure le ipotesi accusatorie arrivano da istituzioni di rilievo, lo fa su basi non provate. Sono solo accuse, molto pesanti ed ingiuste, che devono, in un paese di diritto come il nostro, essere provate e confermate dai giudici. Vedremo quale sar\u00e0 la verit\u00e0. Io non ho dubbi.<\/p>\n<p>Mi\u00a0 limito solo a questo&#8230; sono in corso delicate indagini,\u00a0 e noi faremo\u00a0 tutto il possibile per chiarire la nostra posizione agli inquirenti.\u00a0 Abbiamo presentato ricorsi e denuncie.<\/p>\n<p>Se poi fosse vero, e ripeto se, come emerge dagli atti della Corte dei Conti,\u00a0 che due alti funzionari della Prefettura e un ufficiale dei\u00a0 Carabinieri, avrebbero consigliato al nostro ex segretario comunale, Dott. Achille Maccapani, di fingere collaborazione con la nostra amministrazione, cos\u00ec ha dichiarato lui, preparando e firmando pareri, atti e delibere illegittime, con il risultato di danneggiarci personalmente e, di fatto, assieme ad altre bugie e sbagliate valutazioni di altri, causando lo scioglimento del Consiglio Comunale a 52 giorni dal suo rinnovo, capirete da soli la gravit\u00e0 e le conseguenze dell\u2019accaduto. Su questo argomento stranamente non ne parla nessuno, omert\u00e0 pura.<\/p>\n<p>Reputo tutto questo inaccettabile, incredibile e penso che i Ministeri competenti dovrebbero fare chiarezza&#8230;.. Questa \u00e8 la mia risposta agli esponenti del PD ventimigliese che politicamente agisce sempre\u00a0 con la teoria &#8220;del tanto peggio tanto meglio&#8221;. Voglio solo ricordare nuovamente a loro che l\u2019Amministrazione di Bordighera\u00a0 non doveva essere sciolta &#8230;. non c&#8217;erano le motivazioni, lo ha detto il Consiglio di Stato. E adesso, chi paga il danno di immagine e personale fatto agli amministratori?<\/p>\n<p>Consiglio la massima cautela anche nella critica politica, \u00e8 troppo facile cercare di distruggere, molto pi\u00f9 difficile \u00e8 costruire, che dimostri il PD di saper vincere le prossime elezioni correttamente e senza colpi bassi e che sappia governare bene, poi potr\u00e0 parlare con maggiore autorevolezza di quella che oggi \u00e8 loro riconosciuta.<\/p>\n<p>Cordialmente<\/p>\n<p>12 luglio 2013 &#8211; Gaetano Scullino<\/p>\n<\/div>\n\t<div class=\"quickshare-container\">\r\n\t<ul class=\"quickshare-text qs-genericons quickshare-small\">\r\n\t\t<li class=\"quickshare-share\">Condividi :<\/li> \r\n\t\t<li><a href=\"https:\/\/facebook.com\/sharer.php?u=https%3A%2F%2Fwww.ventimigliablog.it%2Fblog%2Fscullino-risponde-allattacco-del-pd-ventimigliese%2F&amp;t=Scullino+risponde+all%26%238217%3Battacco+del+PD+ventimigliese+<+Ventimigliablog\" target=\"_blank\" title=\"Share on Facebook\"><span class=\"quickshare-facebook\">Facebook<\/span><\/a><\/li>\t\t<li><a href=\"https:\/\/twitter.com\/intent\/tweet?url=https%3A%2F%2Fwww.ventimigliablog.it%2Fblog%2Fscullino-risponde-allattacco-del-pd-ventimigliese%2F&amp;text=Scullino+risponde+all%26%238217%3Battacco+del+PD+ventimigliese+<+Ventimigliablog\" target=\"_blank\" title=\"Share on Twitter\"><span class=\"quickshare-twitter\">Twitter<\/span><\/a><\/li>\t\t\t\t\t\t<li><a href=\"https:\/\/plus.google.com\/share?url=https%3A%2F%2Fwww.ventimigliablog.it%2Fblog%2Fscullino-risponde-allattacco-del-pd-ventimigliese%2F\" target=\"_blank\" title=\"Share on Google+\"><span class=\"quickshare-googleplus\">Google+<\/span><\/a><\/li>\t\t\t\t\t\t\t\t<li><a href=\"mailto:?subject=Ventimigliablog:+Scullino+risponde+all%26%238217%3Battacco+del+PD+ventimigliese&amp;body=https%3A%2F%2Fwww.ventimigliablog.it%2Fblog%2Fscullino-risponde-allattacco-del-pd-ventimigliese%2F\" target=\"_blank\" title=\"Share via Email\"><span class=\"quickshare-email\">Email<\/span><\/a><\/li>\t<\/ul>\r\n\t<\/div>\r\n","protected":false},"excerpt":{"rendered":"<p>Ho letto\u00a0 i commenti di alcuni responsabili del PD Ventimigliese, sulla ulteriore proroga di sei mesi concessa dal Ministero su proposta della Prefettura, e devo rilevare che le motivazioni\u00a0 in essa contenute sono\u00a0 assurde e irragionevoli. Sar\u00e0 il TAR a &hellip; <a href=\"https:\/\/www.ventimigliablog.it\/blog\/scullino-risponde-allattacco-del-pd-ventimigliese\/\">Continua a leggere<span class=\"meta-nav\">&rarr;<\/span><\/a><\/p>\n","protected":false},"author":10,"featured_media":0,"comment_status":"open","ping_status":"closed","sticky":false,"template":"","format":"standard","meta":{"ngg_post_thumbnail":0,"footnotes":""},"categories":[3,1,6,10],"tags":[],"_links":{"self":[{"href":"https:\/\/www.ventimigliablog.it\/blog\/wp-json\/wp\/v2\/posts\/1983"}],"collection":[{"href":"https:\/\/www.ventimigliablog.it\/blog\/wp-json\/wp\/v2\/posts"}],"about":[{"href":"https:\/\/www.ventimigliablog.it\/blog\/wp-json\/wp\/v2\/types\/post"}],"author":[{"embeddable":true,"href":"https:\/\/www.ventimigliablog.it\/blog\/wp-json\/wp\/v2\/users\/10"}],"replies":[{"embeddable":true,"href":"https:\/\/www.ventimigliablog.it\/blog\/wp-json\/wp\/v2\/comments?post=1983"}],"version-history":[{"count":0,"href":"https:\/\/www.ventimigliablog.it\/blog\/wp-json\/wp\/v2\/posts\/1983\/revisions"}],"wp:attachment":[{"href":"https:\/\/www.ventimigliablog.it\/blog\/wp-json\/wp\/v2\/media?parent=1983"}],"wp:term":[{"taxonomy":"category","embeddable":true,"href":"https:\/\/www.ventimigliablog.it\/blog\/wp-json\/wp\/v2\/categories?post=1983"},{"taxonomy":"post_tag","embeddable":true,"href":"https:\/\/www.ventimigliablog.it\/blog\/wp-json\/wp\/v2\/tags?post=1983"}],"curies":[{"name":"wp","href":"https:\/\/api.w.org\/{rel}","templated":true}]}}