{"id":1991,"date":"2013-07-13T17:42:31","date_gmt":"2013-07-13T15:42:31","guid":{"rendered":"http:\/\/www.ventimigliablog.it\/blog\/?p=1991"},"modified":"2013-07-15T17:21:27","modified_gmt":"2013-07-15T15:21:27","slug":"la-corte-dei-conti-riconosce-la-validita-delle-societa-in-house-e-quindi-autorizza-la-civitas-a-proseguire-il-suo-cammino","status":"publish","type":"post","link":"https:\/\/www.ventimigliablog.it\/blog\/la-corte-dei-conti-riconosce-la-validita-delle-societa-in-house-e-quindi-autorizza-la-civitas-a-proseguire-il-suo-cammino\/","title":{"rendered":"La Corte dei Conti riconosce la validit\u00e0 delle societ\u00e0 in house e quindi autorizza la Civitas a proseguire il suo cammino"},"content":{"rendered":"<p><span style=\"font-family: 'Helvetica Neue', Helvetica, Arial, 'Nimbus Sans L', sans-serif;\">La Corte dei Conti chiarisce l&#8217;interpretazione normativa e nell&#8217;affermare che le societ\u00e0 in house, come la Civitas, non devono essere messe in liquidazione per legge, rafforza il loro ruolo. Il caso esaminato dai Giudici contabili torner\u00e0 molto probabilmente d&#8217;attualit\u00e0 quando la terna dei Commissari lascer\u00e0 Ventimiglia e si potr\u00e0 finalmente vedere se sono stati creati danni, eseguendo spese notarili, amministrative e gestionali non dovute, non necessarie ma realizzate solo per giustificare a posteriori atti e accuse non fondate, dallo scioglimento del Consiglio Comunale in avanti.<\/span><\/p>\n<p><!--more--> Non si possono spendere soldi dei cittadini solo perch\u00e8 qualcuno non \u00e8 riuscito a capire che cosa sia la Civitas, questi burocrati non attenti e impreparati\u00a0 (anche comprensibilmente) sulle complesse problematiche normative delle societ\u00e0 in house, non godono di immunit\u00e0 assoluta e la Corte dei Conti potrebbe intervenire. E in questo caso non mi riferisco in particolare ai commissari ventimigliesi ma a chi da loro indicazioni in tal senso.<\/p>\n<p>Non \u00e8 corretto e giusto continuare a fare danni per aggiustare i danni fatti in precedenza.<\/p>\n<p>13 luglio 2013 &#8211; Marco Prestileo<\/p>\n<p>Segue il parere, molto tecnico ma chiarissimo, della Corte dei Conti.<\/p>\n<p><span style=\"font-family: 'Helvetica Neue', Helvetica, Arial, 'Nimbus Sans L', sans-serif;\">Deliberazione 17\/06\/2013, n. 53 &#8211; Corte dei Conti &#8211; Sez. controllo Liguria<\/span><\/p>\n<p><span style=\"font-family: 'Helvetica Neue', Helvetica, Arial, 'Nimbus Sans L', sans-serif;\">Parere in ordine alla corretta interpretazione dei commi 1 e 8 dell&#8217;art. 4 del decreto-legge 6 luglio 2012, n. 95, convertito nella legge 7 agosto 2012, n. 135<\/span><\/p>\n<p><span style=\"font-family: 'Helvetica Neue', Helvetica, Arial, 'Nimbus Sans L', sans-serif;\">\u00a0<\/span><span style=\"font-family: 'Helvetica Neue', Helvetica, Arial, 'Nimbus Sans L', sans-serif;\">Corte dei Conti &#8211; Sezione Regionale di Controllo per la Liguria, deliberazione 17 giugno 2013, n. 53<\/span><\/p>\n<p><span style=\"font-family: 'Helvetica Neue', Helvetica, Arial, 'Nimbus Sans L', sans-serif;\">\u00a0<\/span><span style=\"font-family: 'Helvetica Neue', Helvetica, Arial, 'Nimbus Sans L', sans-serif;\">PREMESSO<\/span><\/p>\n<p><span style=\"font-family: 'Helvetica Neue', Helvetica, Arial, 'Nimbus Sans L', sans-serif;\">\u00a0<\/span><span style=\"font-family: 'Helvetica Neue', Helvetica, Arial, 'Nimbus Sans L', sans-serif;\">Con istanza in data 29 aprile 2013, prot. 60\/Gab trasmessa dal Presidente del Consiglio delle Autonomie Locali della Liguria con nota n. 33 del 29 aprile 2013 &#8211; assunta al protocollo della Segreteria della Sezione regionale di controllo della Corte dei conti per la Liguria il 30 aprile 2013 con il n.\u00a0<\/span><a href=\"tel:00001988-%2030\">00001988- 30<\/a><span style=\"font-family: 'Helvetica Neue', Helvetica, Arial, 'Nimbus Sans L', sans-serif;\">\/04\/2013-SC_LIG-T85-A &#8211; il Commissario Straordinario della Provincia di Genova ha formulato una richiesta di parere in ordine alla corretta interpretazione dei commi 1 e 8 dell&#8217;art. 4 del decreto-legge 6 luglio 2012, n. 95, convertito nella legge 7 agosto 2012, n. 135, chiedendo in particolare se alle societ\u00e0 strumentali in house debba applicarsi il comma 8 dell&#8217;art. 4 del d.l. n. 95 del 2012, che consente l&#8217;affidamento diretto di servizi a favore di societ\u00e0 a capitale interamente pubblico nel rispetto dei requisiti richiesti dalla normativa e dalla giurisprudenza comunitaria per la gestione in house, ovvero il comma 1 del medesimo articolo, che impone all&#8217;ente locale alternativamente la vendita a gara (entro il 30 giugno 2013) o la messa in liquidazione (entro il 31 dicembre 2013) delle societ\u00e0 controllate direttamente o indirettamente dalle pubbliche amministrazioni che abbiano conseguito nell&#8217;anno 2011 un fatturato da prestazione di servizi a favore di pubbliche amministrazioni superiore al 90 per cento.<\/span><\/p>\n<p><span style=\"font-family: 'Helvetica Neue', Helvetica, Arial, 'Nimbus Sans L', sans-serif;\">La Provincia, nel formulare la richiesta di parere, precisa che il quesito muove da una fattispecie nella quale la societ\u00e0 affidataria del servizio \u00e8 una societ\u00e0 strumentale dell&#8217;ente locale (con compiti connessi alla formazione professionale) e presenta le caratteristiche della societ\u00e0 in house in quanto societ\u00e0 a capitale interamente pubblico e soggetta al controllo analogo.<\/span><\/p>\n<p><span style=\"font-family: 'Helvetica Neue', Helvetica, Arial, 'Nimbus Sans L', sans-serif;\">Secondo la prospettazione della Provincia, le societ\u00e0 in house ricadrebbero nella disciplina di cui al comma 8, giacch\u00e9 l&#8217;apparente contrasto tra il comma 1 ed il comma 8 dell&#8217;art. 4 del d.l. n. 95 del 2012 troverebbe soluzione nel criterio ermeneutico del rapporto di genere a specie che collega le due norme, intendendosi il comma 8 come disciplina speciale e alternativa rispetto al comma 1.<\/span><\/p>\n<p><span style=\"font-family: 'Helvetica Neue', Helvetica, Arial, 'Nimbus Sans L', sans-serif;\">A sostegno della tesi prospettata, la Provincia richiama sia la natura della societ\u00e0 in house, che nella sostanza costituisce un&#8217;articolazione dell&#8217;ente pubblico, sia la ratio del citato comma 1 dell&#8217;art. 4 del d.l. n. 95 del 2012, che, nel prevedere lo scioglimento delle societ\u00e0 strumentali controllate con un fatturato a favore del pubblico superiore al 90%, ha come fine la tutela della concorrenza, eliminando quelle societ\u00e0 controllate che pur svolgendo, di fatto, le proprie attivit\u00e0 in via esclusiva per il socio pubblico non rispondono a tutti i requisiti richiesti dalla normativa e dalla giurisprudenza comunitaria per la gestione in house.<\/span><\/p>\n<p><span style=\"font-family: 'Helvetica Neue', Helvetica, Arial, 'Nimbus Sans L', sans-serif;\">\u00a0<\/span><span style=\"font-family: 'Helvetica Neue', Helvetica, Arial, 'Nimbus Sans L', sans-serif;\">CONSIDERATO IN DIRITTO<\/span><\/p>\n<p><span style=\"font-family: 'Helvetica Neue', Helvetica, Arial, 'Nimbus Sans L', sans-serif;\">\u00a01<\/span><span style=\"font-family: 'Helvetica Neue', Helvetica, Arial, 'Nimbus Sans L', sans-serif;\">. La richiesta di parere all&#8217;odierno esame tende sostanzialmente ad ottenere una valutazione, in relazione alle societ\u00e0 strumentali in house, sulla corretta interpretazione dei commi 1 e 8 dell&#8217;art. 4 del d.l. n. 95 del 2012, che impone, da una parte, all&#8217;ente locale alternativamente la vendita a gara (entro il 30 giugno 2013) o la messa in liquidazione (entro il 31 dicembre 2013) delle societ\u00e0 controllate direttamente o indirettamente dalle pubbliche amministrazioni che abbiano conseguito nell&#8217;anno 2011 un fatturato da prestazione di servizi a favore di pubbliche amministrazioni superiore al 90 per cento (comma 1) e consente, dall&#8217;altra, l&#8217;affidamento diretto di servizi a favore di societ\u00e0 a capitale interamente pubblico nel rispetto dei requisiti richiesti dalla normativa e dalla giurisprudenza comunitaria per la gestione in house (comma 8).<\/span><\/p>\n<p><span style=\"font-family: 'Helvetica Neue', Helvetica, Arial, 'Nimbus Sans L', sans-serif;\">2. In via preliminare, osserva il Collegio che la richiesta di parere \u00e8 da considerarsi ammissibile sotto il profilo soggettivo e procedurale, in quanto \u00e8 stata sottoscritta dall&#8217;organo legittimato a rappresentare l&#8217;Amministrazione ed \u00e8 stata trasmessa tramite il Consiglio delle Autonomie Locali della Liguria, nel rispetto, cio\u00e8, delle formalit\u00e0 previste dall&#8217;art. 7, comma 8, della legge 5 giugno 2003, n. 131.<\/span><\/p>\n<p><span style=\"font-family: 'Helvetica Neue', Helvetica, Arial, 'Nimbus Sans L', sans-serif;\">La stessa pu\u00f2 ritenersi parimenti ammissibile sotto il profilo oggettivo della attinenza del quesito alla &#8220;materia della contabilit\u00e0 pubblica&#8221;, giacch\u00e9 il quesito \u00e8 formulato in relazione all&#8217;applicazione di norme che pongono precisi obiettivi di finanza pubblica.<\/span><\/p>\n<p><span style=\"font-family: 'Helvetica Neue', Helvetica, Arial, 'Nimbus Sans L', sans-serif;\">3.1. Nel merito, occorre richiamare i commi 1 e 8 dell&#8217;art. 4 del decreto-legge 6 luglio 2012, n. 95, convertito nella legge 7 agosto 2012, n. 135.<\/span><\/p>\n<p><span style=\"font-family: 'Helvetica Neue', Helvetica, Arial, 'Nimbus Sans L', sans-serif;\">Il comma 1 prevede che &#8220;nei confronti delle societ\u00e0 controllate direttamente o indirettamente dalle pubbliche amministrazioni di cui all&#8217;articolo 1, comma 2, del decreto legislativo n. 165 del 2001, che abbiano conseguito nell&#8217;anno 2011 un fatturato da prestazione di servizi a favore di pubbliche amministrazioni superiore al 90 per cento dell&#8217;intero fatturato, si procede, alternativamente \u2026 allo scioglimento della societ\u00e0 entro il 31 dicembre 2013 \u2026 ovvero all&#8217;alienazione, con procedure di evidenza pubblica, delle partecipazioni detenute alla data di entrata in vigore del presente decreto entro il 30 giugno 2013 ed alla contestuale assegnazione del servizio per cinque anni, non rinnovabili, a decorrere dal 1\u00b0 gennaio 2014&#8221;.<\/span><\/p>\n<p><span style=\"font-family: 'Helvetica Neue', Helvetica, Arial, 'Nimbus Sans L', sans-serif;\">Il comma 8 del medesimo articolo prevede che &#8220;a decorrere dal 1\u00b0 gennaio 2014 l&#8217;affidamento diretto pu\u00f2 avvenire solo a favore di societ\u00e0 a capitale interamente pubblico, nel rispetto dei requisiti richiesti dalla normativa e dalla giurisprudenza comunitaria per la gestione in house&#8221;.<\/span><\/p>\n<p><span style=\"font-family: 'Helvetica Neue', Helvetica, Arial, 'Nimbus Sans L', sans-serif;\">3.2. Della portata applicativa dei commi 1 e 8 dell&#8217;art. 4 del d.l. n. 95 del 2012, ed in particolare dell&#8217;ipotizzato contrasto tra le disposizioni citate, \u00e8 stata investita con analoga richiesta di parere la Sezione regionale di controllo per la Puglia, la quale, con la deliberazione n. 94 del 2013, ha ritenuto di sospendere il proprio giudizio nelle more della decisione della Corte costituzionale sui ricorsi presentati, in via principale, dalle Regioni Lazio, Veneto, Campania, Friuli Venezia Giulia, Sardegna e Puglia, che hanno denunciato l&#8217;illegittimit\u00e0 costituzionale dell&#8217;intero articolo 4 del d.l. n. 95 del 2012 in relazione agli artt. 119, 123 e 117 della Costituzione sul presupposto che la normativa statale sarebbe lesiva dell&#8217;autonomia organizzativa e finanziaria riconosciuta dalla Carta costituzionale alle Regioni e agli enti locali nonch\u00e9 della competenza legislativa residuale delle Regioni.<\/span><\/p>\n<p><span style=\"font-family: 'Helvetica Neue', Helvetica, Arial, 'Nimbus Sans L', sans-serif;\">3.3. Prescindendo dalle questioni di legittimit\u00e0 costituzionale sollevate dinanzi alla Corte costituzionale, le quali esulano dall&#8217;ambito di cognizione della Corte dei conti e non interferiscono con lo specifico quesito posto dalla Provincia, ritiene il Collegio che il quesito prospettato possa trovare soluzione alla luce del criterio ermeneutico secondo cui la norma speciale deroga alla norma generale.<\/span><\/p>\n<p><span style=\"font-family: 'Helvetica Neue', Helvetica, Arial, 'Nimbus Sans L', sans-serif;\">Come prospettato dalla Provincia, le societ\u00e0 in house ricadrebbero nella disciplina di cui al comma 8, intendendosi il comma 8 come disciplina speciale e alternativa rispetto al comma 1.<\/span><\/p>\n<p><span style=\"font-family: 'Helvetica Neue', Helvetica, Arial, 'Nimbus Sans L', sans-serif;\">Ci\u00f2 risponde sia alla natura della societ\u00e0 in house, che nella sostanza costituisce un&#8217;articolazione dell&#8217;ente pubblico, sia alla ratio del citato comma 1, che ha come fine la tutela della concorrenza, eliminando quelle societ\u00e0 controllate che pur svolgendo, di fatto, le proprie attivit\u00e0 in via esclusiva per il socio pubblico non rispondono a tutti i requisiti richiesti dalla normativa e dalla giurisprudenza comunitaria per la gestione in house.<\/span><\/p>\n<p><span style=\"font-family: 'Helvetica Neue', Helvetica, Arial, 'Nimbus Sans L', sans-serif;\">La ricostruzione prospettata dalla Provincia troverebbe conferma anche nella pi\u00f9 recente giurisprudenza amministrativa in cui si afferma che la disposizione in commento &#8220;restringe l&#8217;obbligo di dismissione entro limiti precisi, lasciando per il resto alle societ\u00e0 che svolgono anche servizi strumentali la possibilit\u00e0 di proseguire&#8221; (TAR Lombardia, Brescia, Sez. II sent. 21.02.2013, n.196).<\/span><\/p>\n<p><span style=\"font-family: 'Helvetica Neue', Helvetica, Arial, 'Nimbus Sans L', sans-serif;\">Una diversa interpretazione delle norme condurrebbe, d&#8217;altronde, ad una soluzione illogica sul piano ordinamentale, rendendo non solo inutile la disposizione di cui al comma 8 ma rendendo di fatto anche operativa la soppressione nell&#8217;ordinamento nazionale di un istituto quale la societ\u00e0 in house che \u00e8 di derivazione comunitaria.<\/span><\/p>\n<p><span style=\"font-family: 'Helvetica Neue', Helvetica, Arial, 'Nimbus Sans L', sans-serif;\">3.4. Ritiene, pertanto, il Collegio che alle societ\u00e0 strumentali in house debba applicarsi il comma 8 dell&#8217;art. 4 del d.l. n. 95 del 2012,\u00a0che consente l&#8217;affidamento diretto di servizi a favore di societ\u00e0 a capitale interamente pubblico nel rispetto dei requisiti richiesti dalla normativa e dalla giurisprudenza comunitaria per la gestione in house,\u00a0anzich\u00e9 il comma 1 del medesimo articolo,\u00a0che impone all&#8217;ente locale alternativamente la vendita a gara (entro il 30 giugno 2013) o la messa in liquidazione (entro il 31 dicembre 2013) delle societ\u00e0 controllate direttamente o indirettamente dalle pubbliche amministrazioni che abbiano conseguito nell&#8217;anno 2011 un fatturato da prestazione di servizi a favore di pubbliche amministrazioni superiore al 90 per cento, trattandosi per il comma 8 di disciplina speciale rispetto alla disciplina generale del comma 1.<\/span><\/p>\n<p><span style=\"font-family: 'Helvetica Neue', Helvetica, Arial, 'Nimbus Sans L', sans-serif;\">\u00a0<\/span><span style=\"font-family: 'Helvetica Neue', Helvetica, Arial, 'Nimbus Sans L', sans-serif;\">P.Q.M.<\/span><\/p>\n<p><span style=\"font-family: 'Helvetica Neue', Helvetica, Arial, 'Nimbus Sans L', sans-serif;\">\u00a0<\/span><span style=\"font-family: 'Helvetica Neue', Helvetica, Arial, 'Nimbus Sans L', sans-serif;\">nelle esposte considerazioni \u00e8 il parere della Sezione regionale di controllo della Corte dei conti per la Liguria sulla richiesta avanzata dalla Provincia di Genova. Copia della presente deliberazione sar\u00e0 trasmessa, a cura del Funzionario Preposto all&#8217;attivit\u00e0 di supporto della Sezione, al Commissario straordinario della Provincia. Cos\u00ec deliberato in Genova nell&#8217;adunanza del 17 giugno 2013.<\/span><\/p>\n\t<div class=\"quickshare-container\">\r\n\t<ul class=\"quickshare-text qs-genericons quickshare-small\">\r\n\t\t<li class=\"quickshare-share\">Condividi :<\/li> \r\n\t\t<li><a href=\"https:\/\/facebook.com\/sharer.php?u=https%3A%2F%2Fwww.ventimigliablog.it%2Fblog%2Fla-corte-dei-conti-riconosce-la-validita-delle-societa-in-house-e-quindi-autorizza-la-civitas-a-proseguire-il-suo-cammino%2F&amp;t=La+Corte+dei+Conti+riconosce+la+validit%C3%A0+delle+societ%C3%A0+in+house+e+quindi+autorizza+la+Civitas+a+proseguire+il+suo+cammino+<+Ventimigliablog\" target=\"_blank\" title=\"Share on Facebook\"><span class=\"quickshare-facebook\">Facebook<\/span><\/a><\/li>\t\t<li><a href=\"https:\/\/twitter.com\/intent\/tweet?url=https%3A%2F%2Fwww.ventimigliablog.it%2Fblog%2Fla-corte-dei-conti-riconosce-la-validita-delle-societa-in-house-e-quindi-autorizza-la-civitas-a-proseguire-il-suo-cammino%2F&amp;text=La+Corte+dei+Conti+riconosce+la+validit%C3%A0+delle+societ%C3%A0+in+house+e+quindi+autorizza+la+Civitas+a+proseguire+il+suo+cammino+<+Ventimigliablog\" target=\"_blank\" title=\"Share on Twitter\"><span class=\"quickshare-twitter\">Twitter<\/span><\/a><\/li>\t\t\t\t\t\t<li><a href=\"https:\/\/plus.google.com\/share?url=https%3A%2F%2Fwww.ventimigliablog.it%2Fblog%2Fla-corte-dei-conti-riconosce-la-validita-delle-societa-in-house-e-quindi-autorizza-la-civitas-a-proseguire-il-suo-cammino%2F\" target=\"_blank\" title=\"Share on Google+\"><span class=\"quickshare-googleplus\">Google+<\/span><\/a><\/li>\t\t\t\t\t\t\t\t<li><a href=\"mailto:?subject=Ventimigliablog:+La+Corte+dei+Conti+riconosce+la+validit%C3%A0+delle+societ%C3%A0+in+house+e+quindi+autorizza+la+Civitas+a+proseguire+il+suo+cammino&amp;body=https%3A%2F%2Fwww.ventimigliablog.it%2Fblog%2Fla-corte-dei-conti-riconosce-la-validita-delle-societa-in-house-e-quindi-autorizza-la-civitas-a-proseguire-il-suo-cammino%2F\" target=\"_blank\" title=\"Share via Email\"><span class=\"quickshare-email\">Email<\/span><\/a><\/li>\t<\/ul>\r\n\t<\/div>\r\n","protected":false},"excerpt":{"rendered":"<p>La Corte dei Conti chiarisce l&#8217;interpretazione normativa e nell&#8217;affermare che le societ\u00e0 in house, come la Civitas, non devono essere messe in liquidazione per legge, rafforza il loro ruolo. Il caso esaminato dai Giudici contabili torner\u00e0 molto probabilmente d&#8217;attualit\u00e0 quando &hellip; <a href=\"https:\/\/www.ventimigliablog.it\/blog\/la-corte-dei-conti-riconosce-la-validita-delle-societa-in-house-e-quindi-autorizza-la-civitas-a-proseguire-il-suo-cammino\/\">Continua a leggere<span class=\"meta-nav\">&rarr;<\/span><\/a><\/p>\n","protected":false},"author":10,"featured_media":0,"comment_status":"open","ping_status":"closed","sticky":false,"template":"","format":"standard","meta":{"ngg_post_thumbnail":0,"footnotes":""},"categories":[3,1,7,6,10],"tags":[],"_links":{"self":[{"href":"https:\/\/www.ventimigliablog.it\/blog\/wp-json\/wp\/v2\/posts\/1991"}],"collection":[{"href":"https:\/\/www.ventimigliablog.it\/blog\/wp-json\/wp\/v2\/posts"}],"about":[{"href":"https:\/\/www.ventimigliablog.it\/blog\/wp-json\/wp\/v2\/types\/post"}],"author":[{"embeddable":true,"href":"https:\/\/www.ventimigliablog.it\/blog\/wp-json\/wp\/v2\/users\/10"}],"replies":[{"embeddable":true,"href":"https:\/\/www.ventimigliablog.it\/blog\/wp-json\/wp\/v2\/comments?post=1991"}],"version-history":[{"count":0,"href":"https:\/\/www.ventimigliablog.it\/blog\/wp-json\/wp\/v2\/posts\/1991\/revisions"}],"wp:attachment":[{"href":"https:\/\/www.ventimigliablog.it\/blog\/wp-json\/wp\/v2\/media?parent=1991"}],"wp:term":[{"taxonomy":"category","embeddable":true,"href":"https:\/\/www.ventimigliablog.it\/blog\/wp-json\/wp\/v2\/categories?post=1991"},{"taxonomy":"post_tag","embeddable":true,"href":"https:\/\/www.ventimigliablog.it\/blog\/wp-json\/wp\/v2\/tags?post=1991"}],"curies":[{"name":"wp","href":"https:\/\/api.w.org\/{rel}","templated":true}]}}