{"id":2032,"date":"2013-07-17T01:47:33","date_gmt":"2013-07-16T23:47:33","guid":{"rendered":"http:\/\/www.ventimigliablog.it\/blog\/?p=2032"},"modified":"2013-07-17T01:54:34","modified_gmt":"2013-07-16T23:54:34","slug":"illustrissima-sua-eccellenza-reverendissima-ma-cosa-mi-combina","status":"publish","type":"post","link":"https:\/\/www.ventimigliablog.it\/blog\/illustrissima-sua-eccellenza-reverendissima-ma-cosa-mi-combina\/","title":{"rendered":"Illustrissima Sua Eccellenza Reverendissima, ma cosa mi combina?"},"content":{"rendered":"<p>Strano ma vero, le Loro Eccellenze leggono il nostro blog, ma quanta grazia. Siamo per\u00f2 dispiaciuti e sorpresi di come abbiano interpretato un articolo assolutamente ironico, espresso con quella fine satira, assolutamente evidente a tutti i lettori che rende burlesca l&#8217;interpretazione data da chi probabilmente era distratto o troppo stanco da durissimo lavoro svolto tutti i giorni per salvare Ventimiglia (per evitare ulteriori equivoci, precisiamo che anche in questo caso si tratta di ironia, satira, critica espressa a fin di bene).<!--more--><\/p>\n<p>Solo una persona non normale (un&#8217;Eccellenza) poteva mal interpretare. Ci dispiace soprattutto che sia stato tirato in ballo l&#8217;Ufficio tecnico. Sapete bene quanto vi apprezziamo. Abbiamo lavorato molto insieme. Vi conosciamo e conosciamo il vostro modo di lavorare.<\/p>\n<p>Il nostro barbuto motociclista filosofo \u00e9 poi una persona umile, mite, di un&#8217;intelligenza unica, molto preparato e pluridecorato (di titoli accademici e quant&#8217;altro) che non offenderebbe nessuno neanche se obbligato. Certo non gradisce di essere comandato, umiliato o offeso dalla cieca ignoranza di chi vuole a lui imporsi con prepotenza. \u00c8 una persona cos\u00ec colta che se uno tirando un pugno sul tavolo, le urla &#8220;non sa chi sono io, lei deve fare cos\u00ec e basta&#8221;, lui pacatamente risponde &#8220;la legge non dice cos\u00ec, mi pare, se vuole leggiamo insieme la norma e poi lei mi dir\u00e0 se ritiene ancora valida la sua teoria che mi pare, onestamente, errata&#8221;. Insomma Albino \u00e9 uno con due p&#8230;e grandi come&#8230;. come una grande testa Eccellente.<\/p>\n<p>Sappiate che tutti i nostri legali interpellati, hanno ritenuta &#8220;ridicola&#8221; l&#8217;accusa che un articolista dalla notizia facile e un po&#8217; distratto ha tanto enfatizzato, esponendola peraltro in modo tale che potesse essere volutamente mal letta, e aspettano di vedere se la Procura cestiner\u00e0 subito la velleitaria querela o la archivier\u00e0 successivamente dopo i chiarimenti ritenuti necessari.<\/p>\n<p>E adesso per sdrammatizzare un po&#8217; vi diciamo, c&#8217;era una volta un modo di dire, vediamo se indovinate qual \u00e9 da questa definizione: &#8220;<span style=\"font-family: 'Helvetica Neue', Helvetica, Arial, 'Nimbus Sans L', sans-serif;\">Il modo di dire \u00e8 certamente antichissimo e se ne trova la prima traccia scritta nell&#8217;ottava novella dell&#8217;ottavo giorno del\u00a0<a title=\"Decamerone\" href=\"http:\/\/it.wikipedia.org\/wiki\/Decamerone\">Decamerone<\/a>, laddove il\u00a0<a title=\"Giovanni Boccaccio\" href=\"http:\/\/it.wikipedia.org\/wiki\/Giovanni_Boccaccio\">Boccaccio<\/a>\u00a0fa dire, dalla moglie di Zeppa alla moglie di Spinelloccio &#8211; \u00abMadonna, voi m&#8217; avete renduto pan per focaccia\u00bb (Nov. 78^ &#8211; Dec. 13^); episodio anche riportato nel film\u00a0<i><a title=\"Decameron No. 2 - Le altre novelle del Boccaccio\" href=\"http:\/\/it.wikipedia.org\/wiki\/Decameron_No._2_-_Le_altre_novelle_del_Boccaccio\">Decameron No. 2 &#8211; Le altre novelle del Boccaccio<\/a><\/i>, del\u00a0<a title=\"1972\" href=\"http:\/\/it.wikipedia.org\/wiki\/1972\">1972<\/a>.&#8221;<\/span><\/p>\n<p>Concludo con l&#8217;auspicio che si lavori seriamente e chi vuole fare cause legali, si faccia avanti.<\/p>\n<p>17 luglio 2013 &#8211; Marco Prestileo<\/p>\n<p>p.s. Non si gradiscono ritorsioni, se potete. O Voi tutti potenti di questo mondo, evitatemele. Grazie<\/p>\n<p>&nbsp;<\/p>\n<p>&nbsp;<\/p>\n<p>&nbsp;<\/p>\n\t<div class=\"quickshare-container\">\r\n\t<ul class=\"quickshare-text qs-genericons quickshare-small\">\r\n\t\t<li class=\"quickshare-share\">Condividi :<\/li> \r\n\t\t<li><a href=\"https:\/\/facebook.com\/sharer.php?u=https%3A%2F%2Fwww.ventimigliablog.it%2Fblog%2Fillustrissima-sua-eccellenza-reverendissima-ma-cosa-mi-combina%2F&amp;t=Illustrissima+Sua+Eccellenza+Reverendissima%2C+ma+cosa+mi+combina%3F+<+Ventimigliablog\" target=\"_blank\" title=\"Share on Facebook\"><span class=\"quickshare-facebook\">Facebook<\/span><\/a><\/li>\t\t<li><a href=\"https:\/\/twitter.com\/intent\/tweet?url=https%3A%2F%2Fwww.ventimigliablog.it%2Fblog%2Fillustrissima-sua-eccellenza-reverendissima-ma-cosa-mi-combina%2F&amp;text=Illustrissima+Sua+Eccellenza+Reverendissima%2C+ma+cosa+mi+combina%3F+<+Ventimigliablog\" target=\"_blank\" title=\"Share on Twitter\"><span class=\"quickshare-twitter\">Twitter<\/span><\/a><\/li>\t\t\t\t\t\t<li><a href=\"https:\/\/plus.google.com\/share?url=https%3A%2F%2Fwww.ventimigliablog.it%2Fblog%2Fillustrissima-sua-eccellenza-reverendissima-ma-cosa-mi-combina%2F\" target=\"_blank\" title=\"Share on Google+\"><span class=\"quickshare-googleplus\">Google+<\/span><\/a><\/li>\t\t\t\t\t\t\t\t<li><a href=\"mailto:?subject=Ventimigliablog:+Illustrissima+Sua+Eccellenza+Reverendissima%2C+ma+cosa+mi+combina%3F&amp;body=https%3A%2F%2Fwww.ventimigliablog.it%2Fblog%2Fillustrissima-sua-eccellenza-reverendissima-ma-cosa-mi-combina%2F\" target=\"_blank\" title=\"Share via Email\"><span class=\"quickshare-email\">Email<\/span><\/a><\/li>\t<\/ul>\r\n\t<\/div>\r\n","protected":false},"excerpt":{"rendered":"<p>Strano ma vero, le Loro Eccellenze leggono il nostro blog, ma quanta grazia. Siamo per\u00f2 dispiaciuti e sorpresi di come abbiano interpretato un articolo assolutamente ironico, espresso con quella fine satira, assolutamente evidente a tutti i lettori che rende burlesca &hellip; <a href=\"https:\/\/www.ventimigliablog.it\/blog\/illustrissima-sua-eccellenza-reverendissima-ma-cosa-mi-combina\/\">Continua a leggere<span class=\"meta-nav\">&rarr;<\/span><\/a><\/p>\n","protected":false},"author":10,"featured_media":0,"comment_status":"open","ping_status":"closed","sticky":false,"template":"","format":"standard","meta":{"ngg_post_thumbnail":0,"footnotes":""},"categories":[3,1,6],"tags":[],"_links":{"self":[{"href":"https:\/\/www.ventimigliablog.it\/blog\/wp-json\/wp\/v2\/posts\/2032"}],"collection":[{"href":"https:\/\/www.ventimigliablog.it\/blog\/wp-json\/wp\/v2\/posts"}],"about":[{"href":"https:\/\/www.ventimigliablog.it\/blog\/wp-json\/wp\/v2\/types\/post"}],"author":[{"embeddable":true,"href":"https:\/\/www.ventimigliablog.it\/blog\/wp-json\/wp\/v2\/users\/10"}],"replies":[{"embeddable":true,"href":"https:\/\/www.ventimigliablog.it\/blog\/wp-json\/wp\/v2\/comments?post=2032"}],"version-history":[{"count":0,"href":"https:\/\/www.ventimigliablog.it\/blog\/wp-json\/wp\/v2\/posts\/2032\/revisions"}],"wp:attachment":[{"href":"https:\/\/www.ventimigliablog.it\/blog\/wp-json\/wp\/v2\/media?parent=2032"}],"wp:term":[{"taxonomy":"category","embeddable":true,"href":"https:\/\/www.ventimigliablog.it\/blog\/wp-json\/wp\/v2\/categories?post=2032"},{"taxonomy":"post_tag","embeddable":true,"href":"https:\/\/www.ventimigliablog.it\/blog\/wp-json\/wp\/v2\/tags?post=2032"}],"curies":[{"name":"wp","href":"https:\/\/api.w.org\/{rel}","templated":true}]}}