{"id":2056,"date":"2013-07-18T23:06:14","date_gmt":"2013-07-18T21:06:14","guid":{"rendered":"http:\/\/www.ventimigliablog.it\/blog\/?p=2056"},"modified":"2013-07-19T07:08:57","modified_gmt":"2013-07-19T05:08:57","slug":"la-confusione-dei-ruoli-i-commissari-si-comportano-come-se-fossero-dei-politici-eletti-dai-cittadini","status":"publish","type":"post","link":"https:\/\/www.ventimigliablog.it\/blog\/la-confusione-dei-ruoli-i-commissari-si-comportano-come-se-fossero-dei-politici-eletti-dai-cittadini\/","title":{"rendered":"La confusione dei ruoli. I Commissari si comportano come se fossero dei politici eletti dai cittadini."},"content":{"rendered":"<p><img loading=\"lazy\" decoding=\"async\" class=\"alignleft\" id=\"rg_hi\" alt=\"\" src=\"https:\/\/encrypted-tbn0.gstatic.com\/images?q=tbn:ANd9GcQp_FWLjh-xc7kE3ji24L3GaflVOPWNnQyQKWNbVbjgVfUQj-P3\" width=\"200\" height=\"228\" data-height=\"228\" data-width=\"200\" \/><\/p>\n<p>Un commento scritto ad <a href=\"http:\/\/www.ventimigliablog.it\/blog\/?p=2032#comments\" target=\"_blank\">un mio post precedente<\/a>, mi ha confermato quanto la gente, numerosissima, dice sul ruolo di recente assunto dai Commissari. E non me ne vogliano se le esterno pubblicamente, d&#8217;altronde se loro si comportano come politici non possono aspettarsi un diverso atteggiamento. In realt\u00e0 loro, per il tramite del loro capo, escono con proclami sui giornali, girano per i bar, incontrano con molta cordialit\u00e0 la gente sui margiapiedi, annunciano la realizzazione di super opere pubbliche che non riusciranno neanche ad abbozzare.\u00a0Bacchettano pubblicamente i dipendenti pubblici\u00a0 e lo stesso giorno dicono, anche se immaginiamo che le vere motivazioni siano altre,\u00a0di volerli difendere querelando quello che potrebbe essere da loro considerato un\u00a0antagonista della loro &#8220;politica&#8221;. Non sanno accettare di essere criticati. Si \u00e8 cos\u00ec, spesso (e soprattuto quando siamo chiamati a gestire \u00a0il &#8220;potere&#8221;)\u00a0non sappiamo accettare le critiche. Non riteniamo possibile che altri possano valutarci negativamente o solo suggerire miglioramenti alla nostra azione amministrativa. Purtroppo credo che possa essere successo anche a me, quando ricoprivo il ruolo di direttore generale del Comune.\u00a0Non ho mai avuto l&#8217;intenzione di farlo, credo che anche loro possano essere in buona fede, io comunque colgo l&#8217;occasione e chiedo scusa pubblicamente e voi Signori Commissari?<!--more--><\/p>\n<p>Se uno \u00e8 convinto delle sue idee \u00e8 giusto che &#8220;combatta&#8221; per esse, ma deve essere pronto a confrontarsi, anche duramente, con gli altri e accettare i giudizi che derivano dalle sue decisioni. Credo che i Commissari stiano davvero fraintendendo il loro ruolo, non hanno forse\u00a0capito che non ci saranno pi\u00f9 proroghe &#8220;farsa&#8221;, come l&#8217;ultima. Dovranno tornare ai loro uffici di provenienza\u00a0e cosa rimarr\u00e0 della loro presenza? Hanno idea di quale sia il giudizio dei cittadini su di loro? Sono riusciti nell&#8217;impossibile, hanno rallentato o, persino, bloccato tutte le opere gi\u00e0 progettate e finanziate, la Citt\u00e0 non ha pi\u00f9 la manutenzione a cui ci eravamo ben abituati, grazie alla Civitas (circa 10.000 interventi di manutenzione ordinaria). E&#8217; un dato di fatto, non \u00e8 solo una critica, si devono rassegnare, sono riusciti a distruggere\u00a0un sistema ormai collaudato e ottimamente funzionante. Le nuove opere sono ferme, nonostante gli annunci sui quotidiani (Parco Roja, Zona Franca, passerella sul Roja, parcheggi in piazza della Libert\u00e0 e in piazza costituente, l&#8217;allargamento della Bevera Calvo, ecc.) e nonostante fosse tutto pronto.<\/p>\n<p>E la passerella di collegamento della passeggiata mare di Ventimiglia con quella di Camporosso? I marciapiedi sono pieni di erba, le strade di buchi, nella stazione ferroviaria la sera tardi non si pu\u00f2 circolare senza imbattersi \u00a0in persone che dormono per terra. La Citt\u00e0 sembra abbandonata a se stessa, per fortuna che vi \u00e8 stata la nota di colore dell&#8217;annuncio della querela fatta al nostro sito. E&#8217; riuscita a dare nuovo vigore.<\/p>\n<p>Auguro ai commissari un buon lavoro,\u00a0spero di sbagliarmi e che loro facciano solo i &#8220;Prefetti&#8221;, siano giusti con chiunque,\u00a0senza personalismi, senza dimostrare arroganza\u00a0 &#8230;&#8230; non\u00a0arrogatevi il ruolo di eletti dal popolo, non lo siete.<\/p>\n<p>18 febbraio 2013 &#8211; Marco Prestileo<\/p>\n<p><strong>Quanto sopra riportato \u00e8 solo un&#8217;opinione dell&#8217;autore che anche se\u00a0dovesse apparire ai diretti interessati come una critica eccessivamente dura o persino offensiva, sin da ora, si dichiara, come indicato nel regolamento di questo blog, la piena disponibilit\u00e0 a cancellare le parti dell&#8217;articolo non gradite o l&#8217;intero articolo, con il semplice inoltro alla redazione di una\u00a0richiesta, anche a mezzo\u00a0\u00a0mail o utilizzando la sezione &#8220;contatti&#8221;. Scriviamo\u00a0sempre\u00a0in buona fede, non per offendere ma sostenendo le nostre idee e opinioni\u00a0a\u00a0fin di bene. Anche ogni Vostra replica sar\u00e0 immediatamente pubblicata.\u00a0Le querele non ci spaventano, siamo stati abituati &#8211; purtroppo &#8211; a ritorsioni peggiori. Non vogliamo per\u00f2 offendere nessuno, in generale ci scusiamo se l&#8217;abbiamo involontariamente fatto. Ci scuseremo nello specifico se ci accorgeremo che sia successo. Grazie.\u00a0\u00a0\u00a0\u00a0<\/strong><\/p>\n<p>&nbsp;<\/p>\n\t<div class=\"quickshare-container\">\r\n\t<ul class=\"quickshare-text qs-genericons quickshare-small\">\r\n\t\t<li class=\"quickshare-share\">Condividi :<\/li> \r\n\t\t<li><a href=\"https:\/\/facebook.com\/sharer.php?u=https%3A%2F%2Fwww.ventimigliablog.it%2Fblog%2Fla-confusione-dei-ruoli-i-commissari-si-comportano-come-se-fossero-dei-politici-eletti-dai-cittadini%2F&amp;t=La+confusione+dei+ruoli.+I+Commissari+si+comportano+come+se+fossero+dei+politici+eletti+dai+cittadini.+<+Ventimigliablog\" target=\"_blank\" title=\"Share on Facebook\"><span class=\"quickshare-facebook\">Facebook<\/span><\/a><\/li>\t\t<li><a href=\"https:\/\/twitter.com\/intent\/tweet?url=https%3A%2F%2Fwww.ventimigliablog.it%2Fblog%2Fla-confusione-dei-ruoli-i-commissari-si-comportano-come-se-fossero-dei-politici-eletti-dai-cittadini%2F&amp;text=La+confusione+dei+ruoli.+I+Commissari+si+comportano+come+se+fossero+dei+politici+eletti+dai+cittadini.+<+Ventimigliablog\" target=\"_blank\" title=\"Share on Twitter\"><span class=\"quickshare-twitter\">Twitter<\/span><\/a><\/li>\t\t\t\t\t\t<li><a href=\"https:\/\/plus.google.com\/share?url=https%3A%2F%2Fwww.ventimigliablog.it%2Fblog%2Fla-confusione-dei-ruoli-i-commissari-si-comportano-come-se-fossero-dei-politici-eletti-dai-cittadini%2F\" target=\"_blank\" title=\"Share on Google+\"><span class=\"quickshare-googleplus\">Google+<\/span><\/a><\/li>\t\t\t\t\t\t\t\t<li><a href=\"mailto:?subject=Ventimigliablog:+La+confusione+dei+ruoli.+I+Commissari+si+comportano+come+se+fossero+dei+politici+eletti+dai+cittadini.&amp;body=https%3A%2F%2Fwww.ventimigliablog.it%2Fblog%2Fla-confusione-dei-ruoli-i-commissari-si-comportano-come-se-fossero-dei-politici-eletti-dai-cittadini%2F\" target=\"_blank\" title=\"Share via Email\"><span class=\"quickshare-email\">Email<\/span><\/a><\/li>\t<\/ul>\r\n\t<\/div>\r\n","protected":false},"excerpt":{"rendered":"<p>Un commento scritto ad un mio post precedente, mi ha confermato quanto la gente, numerosissima, dice sul ruolo di recente assunto dai Commissari. E non me ne vogliano se le esterno pubblicamente, d&#8217;altronde se loro si comportano come politici non &hellip; <a href=\"https:\/\/www.ventimigliablog.it\/blog\/la-confusione-dei-ruoli-i-commissari-si-comportano-come-se-fossero-dei-politici-eletti-dai-cittadini\/\">Continua a leggere<span class=\"meta-nav\">&rarr;<\/span><\/a><\/p>\n","protected":false},"author":10,"featured_media":0,"comment_status":"open","ping_status":"closed","sticky":false,"template":"","format":"standard","meta":{"ngg_post_thumbnail":0,"footnotes":""},"categories":[3,1,6],"tags":[],"_links":{"self":[{"href":"https:\/\/www.ventimigliablog.it\/blog\/wp-json\/wp\/v2\/posts\/2056"}],"collection":[{"href":"https:\/\/www.ventimigliablog.it\/blog\/wp-json\/wp\/v2\/posts"}],"about":[{"href":"https:\/\/www.ventimigliablog.it\/blog\/wp-json\/wp\/v2\/types\/post"}],"author":[{"embeddable":true,"href":"https:\/\/www.ventimigliablog.it\/blog\/wp-json\/wp\/v2\/users\/10"}],"replies":[{"embeddable":true,"href":"https:\/\/www.ventimigliablog.it\/blog\/wp-json\/wp\/v2\/comments?post=2056"}],"version-history":[{"count":0,"href":"https:\/\/www.ventimigliablog.it\/blog\/wp-json\/wp\/v2\/posts\/2056\/revisions"}],"wp:attachment":[{"href":"https:\/\/www.ventimigliablog.it\/blog\/wp-json\/wp\/v2\/media?parent=2056"}],"wp:term":[{"taxonomy":"category","embeddable":true,"href":"https:\/\/www.ventimigliablog.it\/blog\/wp-json\/wp\/v2\/categories?post=2056"},{"taxonomy":"post_tag","embeddable":true,"href":"https:\/\/www.ventimigliablog.it\/blog\/wp-json\/wp\/v2\/tags?post=2056"}],"curies":[{"name":"wp","href":"https:\/\/api.w.org\/{rel}","templated":true}]}}