{"id":2098,"date":"2013-07-20T13:04:06","date_gmt":"2013-07-20T11:04:06","guid":{"rendered":"http:\/\/www.ventimigliablog.it\/blog\/?p=2098"},"modified":"2013-07-20T13:17:50","modified_gmt":"2013-07-20T11:17:50","slug":"caso-kazakistan-e-caso-ventimiglia-nascono-dei-sospetti","status":"publish","type":"post","link":"https:\/\/www.ventimigliablog.it\/blog\/caso-kazakistan-e-caso-ventimiglia-nascono-dei-sospetti\/","title":{"rendered":"Caso Kazakistan e caso Ventimiglia, nascono dei sospetti."},"content":{"rendered":"<p>Il governo non sapeva perch\u00e9\u00a0il Ministro dell&#8217;Interno Alfano non sapeva, ma \u00e8 successo lo stesso. E&#8217; successo all&#8217;insaputa di Alfano. E allora mi chiedo se \u00e8 possibile che il Ministro Alfano\u00a0(che \u00e8\u00a0anche Segretario nazionale PDL e Vicepresidente del Consiglio dei ministri), persona certamente molto impegnata,\u00a0non sapesse nulla di una vicenda cos\u00ec delicata, importante, di interesse internazionale che ha portato discredito a tutto il nostro Paese, \u00e8 possibile che non sapesse neanche come stessero veramente le cose quando ha firmato la proroga di sei mesi per Ventimiglia? Scusate, non sono certo imparziale, ma credo proprio di si, hanno sottoposto\u00a0alla sua firma una pratica e lui ha firmato non sapendo, si \u00e8 fidato di qualcuno, ma \u00e8 inevitabile.<!--more--><\/p>\n<p>Chi ha sottoposto a lui la pratica?\u00a0Forse lo stesso suo Capo di gabinetto appena cacciato? E dai, Alfano, manda un Ispettore ministeriale a Ventimiglia a verificare perch\u00e9 prorogare di sei mesi il commissariamento, solo perch\u00e9 deve essere ancora (forse) sciolta la Civitas e perch\u00e8 \u00e8 necessario supervisionare la definizione della pratica delle aree ferroviarie la cui compentenza urbanistica principale \u00e8 della Regione e della Provincia (credo che in Comune lo abbiano\u00a0confermato ai commissari) e la gara \u00e8 di\u00a0esclusiva competenza delle Ferrovie dello Stato. Cosa si supervisionano, lo sanno solo loro! Continuo a credere che la proroga sia stata data solo per evitare le elezioni a novembre 2013 e farle coincidere con le europee del 2014.<\/p>\n<div>&#8220;Il governo vuole fare chiarezza, abbiamo manifestato alle autorit\u00e0 del Kazakistan che la signora Shalabayeba torni nel nostro paese. Il caso \u00e8 per noi motivo di imbarazzo e di discredito, ma abbiamo scelto la strada della totale trasparenza&#8221;, ha esordito il Premier Letta, come appare su tutti i quotidiani, che ha difeso Alfano su tutta linea, sottolineando che le indagini avviate da Palazzo Chigi hanno dimostrato che le operazioni di espulsione non sono state comunicate al governo e al ministro dell&#8217;Interno.<\/div>\n<p>Renzi sul Ministro Alfano e la nota importante questione ha detto &#8220;&#8230;..\u00a0se non sapeva \u00e8 anche peggio. Se si \u00e8 sbagliato qualcuno si assuma la responsabilit\u00e0&#8221;. Questa affermazione vale anche per Ventimiglia, se ha firmato fidandosi di qualcuno\u00a0e se\u00a0ha sbagliato, qualcuno si assuma la responsabilit\u00e0 ad ogni livello.<\/p>\n<p>20 luglio 2013 &#8211; Gaetano Antonio Scullino<\/p>\n<p>&nbsp;<\/p>\n\t<div class=\"quickshare-container\">\r\n\t<ul class=\"quickshare-text qs-genericons quickshare-small\">\r\n\t\t<li class=\"quickshare-share\">Condividi :<\/li> \r\n\t\t<li><a href=\"https:\/\/facebook.com\/sharer.php?u=https%3A%2F%2Fwww.ventimigliablog.it%2Fblog%2Fcaso-kazakistan-e-caso-ventimiglia-nascono-dei-sospetti%2F&amp;t=Caso+Kazakistan+e+caso+Ventimiglia%2C+nascono+dei+sospetti.+<+Ventimigliablog\" target=\"_blank\" title=\"Share on Facebook\"><span class=\"quickshare-facebook\">Facebook<\/span><\/a><\/li>\t\t<li><a href=\"https:\/\/twitter.com\/intent\/tweet?url=https%3A%2F%2Fwww.ventimigliablog.it%2Fblog%2Fcaso-kazakistan-e-caso-ventimiglia-nascono-dei-sospetti%2F&amp;text=Caso+Kazakistan+e+caso+Ventimiglia%2C+nascono+dei+sospetti.+<+Ventimigliablog\" target=\"_blank\" title=\"Share on Twitter\"><span class=\"quickshare-twitter\">Twitter<\/span><\/a><\/li>\t\t\t\t\t\t<li><a href=\"https:\/\/plus.google.com\/share?url=https%3A%2F%2Fwww.ventimigliablog.it%2Fblog%2Fcaso-kazakistan-e-caso-ventimiglia-nascono-dei-sospetti%2F\" target=\"_blank\" title=\"Share on Google+\"><span class=\"quickshare-googleplus\">Google+<\/span><\/a><\/li>\t\t\t\t\t\t\t\t<li><a href=\"mailto:?subject=Ventimigliablog:+Caso+Kazakistan+e+caso+Ventimiglia%2C+nascono+dei+sospetti.&amp;body=https%3A%2F%2Fwww.ventimigliablog.it%2Fblog%2Fcaso-kazakistan-e-caso-ventimiglia-nascono-dei-sospetti%2F\" target=\"_blank\" title=\"Share via Email\"><span class=\"quickshare-email\">Email<\/span><\/a><\/li>\t<\/ul>\r\n\t<\/div>\r\n","protected":false},"excerpt":{"rendered":"<p>Il governo non sapeva perch\u00e9\u00a0il Ministro dell&#8217;Interno Alfano non sapeva, ma \u00e8 successo lo stesso. E&#8217; successo all&#8217;insaputa di Alfano. E allora mi chiedo se \u00e8 possibile che il Ministro Alfano\u00a0(che \u00e8\u00a0anche Segretario nazionale PDL e Vicepresidente del Consiglio dei &hellip; <a href=\"https:\/\/www.ventimigliablog.it\/blog\/caso-kazakistan-e-caso-ventimiglia-nascono-dei-sospetti\/\">Continua a leggere<span class=\"meta-nav\">&rarr;<\/span><\/a><\/p>\n","protected":false},"author":10,"featured_media":0,"comment_status":"open","ping_status":"closed","sticky":false,"template":"","format":"standard","meta":{"ngg_post_thumbnail":0,"footnotes":""},"categories":[3,1,6],"tags":[],"_links":{"self":[{"href":"https:\/\/www.ventimigliablog.it\/blog\/wp-json\/wp\/v2\/posts\/2098"}],"collection":[{"href":"https:\/\/www.ventimigliablog.it\/blog\/wp-json\/wp\/v2\/posts"}],"about":[{"href":"https:\/\/www.ventimigliablog.it\/blog\/wp-json\/wp\/v2\/types\/post"}],"author":[{"embeddable":true,"href":"https:\/\/www.ventimigliablog.it\/blog\/wp-json\/wp\/v2\/users\/10"}],"replies":[{"embeddable":true,"href":"https:\/\/www.ventimigliablog.it\/blog\/wp-json\/wp\/v2\/comments?post=2098"}],"version-history":[{"count":0,"href":"https:\/\/www.ventimigliablog.it\/blog\/wp-json\/wp\/v2\/posts\/2098\/revisions"}],"wp:attachment":[{"href":"https:\/\/www.ventimigliablog.it\/blog\/wp-json\/wp\/v2\/media?parent=2098"}],"wp:term":[{"taxonomy":"category","embeddable":true,"href":"https:\/\/www.ventimigliablog.it\/blog\/wp-json\/wp\/v2\/categories?post=2098"},{"taxonomy":"post_tag","embeddable":true,"href":"https:\/\/www.ventimigliablog.it\/blog\/wp-json\/wp\/v2\/tags?post=2098"}],"curies":[{"name":"wp","href":"https:\/\/api.w.org\/{rel}","templated":true}]}}