{"id":2106,"date":"2013-07-21T20:54:04","date_gmt":"2013-07-21T18:54:04","guid":{"rendered":"http:\/\/www.ventimigliablog.it\/blog\/?p=2106"},"modified":"2013-07-21T20:54:04","modified_gmt":"2013-07-21T18:54:04","slug":"non-e-mai-tardi-per-ravvedersi-bravo-scibilia-adesso-vediamo-se-il-dott-bruno-si-dimettera-dal-suo-incarico-di-commissario-o-dimostrera-di-saper-correggere-i-suoi-errori","status":"publish","type":"post","link":"https:\/\/www.ventimigliablog.it\/blog\/non-e-mai-tardi-per-ravvedersi-bravo-scibilia-adesso-vediamo-se-il-dott-bruno-si-dimettera-dal-suo-incarico-di-commissario-o-dimostrera-di-saper-correggere-i-suoi-errori\/","title":{"rendered":"Non \u00e8 mai tardi per ravvedersi: vediamo come reagir\u00e0 il Dott. Bruno alle dichiarazioni di Sergio Scibilia"},"content":{"rendered":"<p><span style=\"font-family: 'Helvetica Neue', Helvetica, Arial, 'Nimbus Sans L', sans-serif;\">Il nuovo ponte sul Nervia? \u00ab<strong>Cos\u00ec com\u2019\u00e8 stato progettato \u00e8 soltanto uno spreco di soldi pubblici,<\/strong> ma \u00e8 fondamentale condurre in porto invece\u00a0<b>il percorso ciclopedonale gi\u00e0 finanziato e che collega<\/b>\u00a0<b>Ventimiglia, Camporosso e Bordighera<\/b>. Progetto che rientra nello stesso contesto\u00bb, dice Sergio Scibilia sulle pagine de<a href=\"http:\/\/www.ilsecoloxix.it\/p\/imperia\/2013\/07\/19\/AP1bBC1F-oggetto_misterioso_nervia.shtml\" target=\"_blank\"> &#8220;Il Secolo XIX &#8220;del 19 luglio 2013.\u00a0<\/a><\/span><\/p>\n<p><img loading=\"lazy\" decoding=\"async\" id=\"il_fi\" alt=\"\" src=\"http:\/\/www.ilsecoloxix.it\/rf\/Image-lowres_Multimedia\/IlSecoloXIXWEB\/imperia\/foto\/2012\/10\/07\/progetto_passerella_nervia_2-H110926165007-318--U170509349188ApF-290x208.jpg\" width=\"492\" height=\"354\" \/><\/p>\n<p>&nbsp;<\/p>\n<p>Il Dott. Bruno, nell&#8217;ottobre 2012 aveva inauditamente<a href=\"http:\/\/www.ilsecoloxix.it\/p\/imperia\/2012\/10\/07\/APAvHodD-\" target=\"_blank\"> bocciato il progetto <\/a>sostenuto dall&#8217;Amministrazione Scullino\u00a0che aveva invece avuto il via libera dalla Regione e da alcuni esperti del settore faunistico (uno dei suoi atti di <a href=\"http:\/\/www.ventimigliablog.it\/blog\/?p=2056\" target=\"_blank\">arroganza politica<\/a>?).<!--more-->\u00a0<\/p>\n<p>Sull&#8217;argomento si scrisse molto, anche in questo blog, in cui evidenziammo il rischio che <a href=\"http:\/\/www.ventimigliablog.it\/blog\/?p=293\" target=\"_blank\">LA PASSERELLA CICLO PEDONALE DI COLLEGAMENTO DELLE PASSEGGIATE MARE DI CAMPOROSSO E VENTIMIGLIA RISCHIASSE DI NON ESSERE MAI PIU\u2019 REALIZZATA.<\/a><\/p>\n<p>Un\u00a0errore, un comportamento manicheo del Dott. Bruno, si disse,\u00a0che venne da tutti sottovalutato, sperando nella terziet\u00e0.\u00a0 Vana illusione. Ricordo <a href=\"http:\/\/www.ventimigliablog.it\/blog\/?p=1123\" target=\"_blank\">l&#8217;articolo di\u00a0un nostro autore<\/a> che\u00a0concludeva cos\u00ec: &#8220;Allora forza! Siamo fiduciosi e speriamo che gli organi preposti riescano a realizzare questo desiderio, riuscire a collegare quei pochi metri che dividono Vallecrosia da Ventimiglia, rispettando il nostro amico pi\u00f9 grande l\u2019AMBIENTE&#8221; .<\/p>\n<p>&#8220;Purtroppo, la bellissima e incantevole\u00a0passeggiata sul mare di\u00a07,3 km, che dal nuovo Porto di Ventimiglia potrebbe\u00a0arrivare a S. Ampelio di Bordighera\u00a0\u00a0&#8211; disse l&#8217;ex sindaco Scullino <a href=\"http:\/\/www.ventimigliablog.it\/blog\/?p=1201\" target=\"_blank\">in un suo articolo<\/a> &#8211; deve attendere, chiss\u00e0 quando la percorreremo!!! Peccato.!!! Comunque non disperiamoci, forza e coraggio, voglio considerare la partenza dei lavori\u00a0solo rimandata&#8221;.<\/p>\n<p><span style=\"font-family: 'Helvetica Neue', Helvetica, Arial, 'Nimbus Sans L', sans-serif;\">L\u2019intera opera, secondo l\u2019accordo di programma sottoscritto dai due Comuni di Camporosso e di Ventimiglia che ne era comune capofila, dalla Provincia e dalla Regione,<b>\u00a0si sarebbe dovuta concludere entro il 31 dicembre 2012<\/b>.\u00a0Si \u00e8 perso tanto, troppo\u00a0tempo e l\u2019opera appare ancora ben lontana dal realizzarsi. I costi previsti inizialmente saranno lievitati? Rischiamo di perdere il finanziamento a fondo perduto gi\u00e0 ottenuto di 4 milioni di euro? <\/span><\/p>\n<p><span style=\"font-family: 'Helvetica Neue', Helvetica, Arial, 'Nimbus Sans L', sans-serif;\">Concordiamo con Scibilia (strano ma vero) che dice, sempre sulle pagine del noto quotidiano genovese: \u00abL\u2019accordo non si \u00e8 concluso e i tempi si sono allungati con il rinvio dell\u2019inizio delle opere. Voglio chiarimenti sulla fase di realizzazione del progetto, sulla dovuta copertura economica dei due Comuni, sulle modifiche in corso d\u2019opera dei tracciati previsti inizialmente e sui costi aggiuntivi che esse comportano\u00bb.<\/span><\/p>\n<p><span style=\"font-family: 'Helvetica Neue', Helvetica, Arial, 'Nimbus Sans L', sans-serif;\"><b>Non siamo nelle condizioni di mettere a repentaglio la realizzazione di opere strategiche come questa<\/b>, gi\u00e0 deliberate dai Consigli comunali, che sono state\u00a0fermate e modificate\u00a0dalla decisione di un uomo\u00a0non eletto dai cittadini e non perch\u00e9 si voleva modificare la procedure di gara ritenuta, a torto o a ragione, poco trasparente, ma solo perch\u00e9 a lui il progetto esistente non piaceva, forse assomigliava poco alla passerella sul Tibet!<\/span><\/p>\n<p><span style=\"font-family: 'Helvetica Neue', Helvetica, Arial, 'Nimbus Sans L', sans-serif;\">Se fosse un vero politico\u00a0andrebbero chieste le dimissioni, ma in questo caso &#8230;\u00a0non\u00a0si possono chiedere perch\u00e9 non \u00e8 un vero politico, \u00e9 un Commissario.<\/span><\/p>\n<p>Per cortesia, Signor Commissario, verifichi nuovamente, le Sue decisioni segneranno il futuro della Citt\u00e0 di Ventimiglia.<\/p>\n<p><span style=\"font-family: 'Helvetica Neue', Helvetica, Arial, 'Nimbus Sans L', sans-serif;\">21 luglio 2013 &#8211;\u00a0Marco Prestileo<\/span><\/p>\n<p><strong>Quanto sopra riportato \u00e8 solo un&#8217;opinione dell&#8217;autore che anche se\u00a0dovesse apparire ai diretti interessati come una critica eccessivamente dura o persino offensiva, sin da ora, si dichiara, come indicato nel regolamento di questo blog, la piena disponibilit\u00e0 a cancellare le parti dell&#8217;articolo non gradite o l&#8217;intero articolo, con il semplice inoltro alla redazione di una\u00a0richiesta, anche a mezzo\u00a0\u00a0mail o utilizzando la sezione &#8220;contatti&#8221;. Scriviamo\u00a0sempre\u00a0in buona fede, non per offendere ma sostenendo le nostre idee e opinioni\u00a0a\u00a0fin di bene. Anche ogni Vostra replica sar\u00e0 immediatamente pubblicata.\u00a0Le querele non ci spaventano, siamo stati abituati &#8211; purtroppo &#8211; a ritorsioni peggiori. Non vogliamo per\u00f2 offendere nessuno, in generale ci scusiamo se l&#8217;abbiamo involontariamente fatto. Ci scuseremo nello specifico se ci accorgeremo che sia successo. Grazie.\u00a0\u00a0\u00a0\u00a0<\/strong><\/p>\n<p>&nbsp;<\/p>\n<p><span style=\"font-family: 'Helvetica Neue', Helvetica, Arial, 'Nimbus Sans L', sans-serif;\">\u00a0\u00a0\u00a0\u00a0\u00a0<\/span><\/p>\n\t<div class=\"quickshare-container\">\r\n\t<ul class=\"quickshare-text qs-genericons quickshare-small\">\r\n\t\t<li class=\"quickshare-share\">Condividi :<\/li> \r\n\t\t<li><a href=\"https:\/\/facebook.com\/sharer.php?u=https%3A%2F%2Fwww.ventimigliablog.it%2Fblog%2Fnon-e-mai-tardi-per-ravvedersi-bravo-scibilia-adesso-vediamo-se-il-dott-bruno-si-dimettera-dal-suo-incarico-di-commissario-o-dimostrera-di-saper-correggere-i-suoi-errori%2F&amp;t=Non+%C3%A8+mai+tardi+per+ravvedersi%3A+vediamo+come+reagir%C3%A0+il+Dott.+Bruno+alle+dichiarazioni+di+Sergio+Scibilia+<+Ventimigliablog\" target=\"_blank\" title=\"Share on Facebook\"><span class=\"quickshare-facebook\">Facebook<\/span><\/a><\/li>\t\t<li><a href=\"https:\/\/twitter.com\/intent\/tweet?url=https%3A%2F%2Fwww.ventimigliablog.it%2Fblog%2Fnon-e-mai-tardi-per-ravvedersi-bravo-scibilia-adesso-vediamo-se-il-dott-bruno-si-dimettera-dal-suo-incarico-di-commissario-o-dimostrera-di-saper-correggere-i-suoi-errori%2F&amp;text=Non+%C3%A8+mai+tardi+per+ravvedersi%3A+vediamo+come+reagir%C3%A0+il+Dott.+Bruno+alle+dichiarazioni+di+Sergio+Scibilia+<+Ventimigliablog\" target=\"_blank\" title=\"Share on Twitter\"><span class=\"quickshare-twitter\">Twitter<\/span><\/a><\/li>\t\t\t\t\t\t<li><a href=\"https:\/\/plus.google.com\/share?url=https%3A%2F%2Fwww.ventimigliablog.it%2Fblog%2Fnon-e-mai-tardi-per-ravvedersi-bravo-scibilia-adesso-vediamo-se-il-dott-bruno-si-dimettera-dal-suo-incarico-di-commissario-o-dimostrera-di-saper-correggere-i-suoi-errori%2F\" target=\"_blank\" title=\"Share on Google+\"><span class=\"quickshare-googleplus\">Google+<\/span><\/a><\/li>\t\t\t\t\t\t\t\t<li><a href=\"mailto:?subject=Ventimigliablog:+Non+%C3%A8+mai+tardi+per+ravvedersi%3A+vediamo+come+reagir%C3%A0+il+Dott.+Bruno+alle+dichiarazioni+di+Sergio+Scibilia&amp;body=https%3A%2F%2Fwww.ventimigliablog.it%2Fblog%2Fnon-e-mai-tardi-per-ravvedersi-bravo-scibilia-adesso-vediamo-se-il-dott-bruno-si-dimettera-dal-suo-incarico-di-commissario-o-dimostrera-di-saper-correggere-i-suoi-errori%2F\" target=\"_blank\" title=\"Share via Email\"><span class=\"quickshare-email\">Email<\/span><\/a><\/li>\t<\/ul>\r\n\t<\/div>\r\n","protected":false},"excerpt":{"rendered":"<p>Il nuovo ponte sul Nervia? \u00abCos\u00ec com\u2019\u00e8 stato progettato \u00e8 soltanto uno spreco di soldi pubblici, ma \u00e8 fondamentale condurre in porto invece\u00a0il percorso ciclopedonale gi\u00e0 finanziato e che collega\u00a0Ventimiglia, Camporosso e Bordighera. Progetto che rientra nello stesso contesto\u00bb, dice &hellip; <a href=\"https:\/\/www.ventimigliablog.it\/blog\/non-e-mai-tardi-per-ravvedersi-bravo-scibilia-adesso-vediamo-se-il-dott-bruno-si-dimettera-dal-suo-incarico-di-commissario-o-dimostrera-di-saper-correggere-i-suoi-errori\/\">Continua a leggere<span class=\"meta-nav\">&rarr;<\/span><\/a><\/p>\n","protected":false},"author":10,"featured_media":0,"comment_status":"open","ping_status":"closed","sticky":false,"template":"","format":"standard","meta":{"ngg_post_thumbnail":0,"footnotes":""},"categories":[3,1,6],"tags":[],"_links":{"self":[{"href":"https:\/\/www.ventimigliablog.it\/blog\/wp-json\/wp\/v2\/posts\/2106"}],"collection":[{"href":"https:\/\/www.ventimigliablog.it\/blog\/wp-json\/wp\/v2\/posts"}],"about":[{"href":"https:\/\/www.ventimigliablog.it\/blog\/wp-json\/wp\/v2\/types\/post"}],"author":[{"embeddable":true,"href":"https:\/\/www.ventimigliablog.it\/blog\/wp-json\/wp\/v2\/users\/10"}],"replies":[{"embeddable":true,"href":"https:\/\/www.ventimigliablog.it\/blog\/wp-json\/wp\/v2\/comments?post=2106"}],"version-history":[{"count":0,"href":"https:\/\/www.ventimigliablog.it\/blog\/wp-json\/wp\/v2\/posts\/2106\/revisions"}],"wp:attachment":[{"href":"https:\/\/www.ventimigliablog.it\/blog\/wp-json\/wp\/v2\/media?parent=2106"}],"wp:term":[{"taxonomy":"category","embeddable":true,"href":"https:\/\/www.ventimigliablog.it\/blog\/wp-json\/wp\/v2\/categories?post=2106"},{"taxonomy":"post_tag","embeddable":true,"href":"https:\/\/www.ventimigliablog.it\/blog\/wp-json\/wp\/v2\/tags?post=2106"}],"curies":[{"name":"wp","href":"https:\/\/api.w.org\/{rel}","templated":true}]}}