{"id":2117,"date":"2013-07-21T21:48:55","date_gmt":"2013-07-21T19:48:55","guid":{"rendered":"http:\/\/www.ventimigliablog.it\/blog\/?p=2117"},"modified":"2013-07-21T21:48:55","modified_gmt":"2013-07-21T19:48:55","slug":"per-rilanciare-la-citta-non-dimentichiamoci-della-cultura","status":"publish","type":"post","link":"https:\/\/www.ventimigliablog.it\/blog\/per-rilanciare-la-citta-non-dimentichiamoci-della-cultura\/","title":{"rendered":"Per rilanciare la Citt\u00e0 non dimentichiamoci della Cultura"},"content":{"rendered":"<p>Vogliamo dare risalto al\u00a0commento di una nostra lettrice in merito al sondaggio su come rilanciare la nostra Citt\u00e0:\u00a0la cultura.\u00a0Concordiamo completamente con lei: <em>Mi piacerebbe che tra le varie opzioni del sondaggio fosse contemplata anche una voce riguardante le manifestazioni culturali. Occorrerebbe dar spazio a mostre d&#8217;arte, convegni, rassegne di danza o musica per svariati motivi: l&#8217;arte\u00a0 migliora il tono dell&#8217;umore, le capacit\u00e0 cognitive , le relazioni sociali e favorisce un certo tipo di turismo. Il Forte dell&#8217;Annunziata sarebbe un sito ad hoc.<\/em> <!--more--><br \/>\n<em>Bisogna prendere esempio dalla vicina Costa Azzurra. A Mentone il Museo Cocteau vede inseriti nella struttura spazi espositivi e interattivi. Il bar e il book shop completano l&#8217;offerta. A Saint Paul de Vence\u00a0 il borgo medioevale offre molte opportunit\u00e0 in campo artistico e la vicina fondazione Maegh permette di vedere le opere di molti artisti che hanno frequentato il borgo. In sintesi voglio dire che occorrerebbe prendere qualche spunto dai nostri vicini di casa per poi elaborarli secondo la nostra sensibilit\u00e0. Ventimiglia deve rinnovare la sua brand image al fine di evidenziare una personalit\u00e0 che la renda unica: e per far questo l&#8217;arte \u00e8 indispensabile<\/em><\/p>\n<p>21 luglio 2013 &#8211; marialuisa_14<\/p>\n\t<div class=\"quickshare-container\">\r\n\t<ul class=\"quickshare-text qs-genericons quickshare-small\">\r\n\t\t<li class=\"quickshare-share\">Condividi :<\/li> \r\n\t\t<li><a href=\"https:\/\/facebook.com\/sharer.php?u=https%3A%2F%2Fwww.ventimigliablog.it%2Fblog%2Fper-rilanciare-la-citta-non-dimentichiamoci-della-cultura%2F&amp;t=Per+rilanciare+la+Citt%C3%A0+non+dimentichiamoci+della+Cultura+<+Ventimigliablog\" target=\"_blank\" title=\"Share on Facebook\"><span class=\"quickshare-facebook\">Facebook<\/span><\/a><\/li>\t\t<li><a href=\"https:\/\/twitter.com\/intent\/tweet?url=https%3A%2F%2Fwww.ventimigliablog.it%2Fblog%2Fper-rilanciare-la-citta-non-dimentichiamoci-della-cultura%2F&amp;text=Per+rilanciare+la+Citt%C3%A0+non+dimentichiamoci+della+Cultura+<+Ventimigliablog\" target=\"_blank\" title=\"Share on Twitter\"><span class=\"quickshare-twitter\">Twitter<\/span><\/a><\/li>\t\t\t\t\t\t<li><a href=\"https:\/\/plus.google.com\/share?url=https%3A%2F%2Fwww.ventimigliablog.it%2Fblog%2Fper-rilanciare-la-citta-non-dimentichiamoci-della-cultura%2F\" target=\"_blank\" title=\"Share on Google+\"><span class=\"quickshare-googleplus\">Google+<\/span><\/a><\/li>\t\t\t\t\t\t\t\t<li><a href=\"mailto:?subject=Ventimigliablog:+Per+rilanciare+la+Citt%C3%A0+non+dimentichiamoci+della+Cultura&amp;body=https%3A%2F%2Fwww.ventimigliablog.it%2Fblog%2Fper-rilanciare-la-citta-non-dimentichiamoci-della-cultura%2F\" target=\"_blank\" title=\"Share via Email\"><span class=\"quickshare-email\">Email<\/span><\/a><\/li>\t<\/ul>\r\n\t<\/div>\r\n","protected":false},"excerpt":{"rendered":"<p>Vogliamo dare risalto al\u00a0commento di una nostra lettrice in merito al sondaggio su come rilanciare la nostra Citt\u00e0:\u00a0la cultura.\u00a0Concordiamo completamente con lei: Mi piacerebbe che tra le varie opzioni del sondaggio fosse contemplata anche una voce riguardante le manifestazioni culturali. &hellip; <a href=\"https:\/\/www.ventimigliablog.it\/blog\/per-rilanciare-la-citta-non-dimentichiamoci-della-cultura\/\">Continua a leggere<span class=\"meta-nav\">&rarr;<\/span><\/a><\/p>\n","protected":false},"author":10,"featured_media":0,"comment_status":"open","ping_status":"closed","sticky":false,"template":"","format":"standard","meta":{"ngg_post_thumbnail":0,"footnotes":""},"categories":[1],"tags":[],"_links":{"self":[{"href":"https:\/\/www.ventimigliablog.it\/blog\/wp-json\/wp\/v2\/posts\/2117"}],"collection":[{"href":"https:\/\/www.ventimigliablog.it\/blog\/wp-json\/wp\/v2\/posts"}],"about":[{"href":"https:\/\/www.ventimigliablog.it\/blog\/wp-json\/wp\/v2\/types\/post"}],"author":[{"embeddable":true,"href":"https:\/\/www.ventimigliablog.it\/blog\/wp-json\/wp\/v2\/users\/10"}],"replies":[{"embeddable":true,"href":"https:\/\/www.ventimigliablog.it\/blog\/wp-json\/wp\/v2\/comments?post=2117"}],"version-history":[{"count":0,"href":"https:\/\/www.ventimigliablog.it\/blog\/wp-json\/wp\/v2\/posts\/2117\/revisions"}],"wp:attachment":[{"href":"https:\/\/www.ventimigliablog.it\/blog\/wp-json\/wp\/v2\/media?parent=2117"}],"wp:term":[{"taxonomy":"category","embeddable":true,"href":"https:\/\/www.ventimigliablog.it\/blog\/wp-json\/wp\/v2\/categories?post=2117"},{"taxonomy":"post_tag","embeddable":true,"href":"https:\/\/www.ventimigliablog.it\/blog\/wp-json\/wp\/v2\/tags?post=2117"}],"curies":[{"name":"wp","href":"https:\/\/api.w.org\/{rel}","templated":true}]}}