{"id":212,"date":"2012-10-07T11:59:40","date_gmt":"2012-10-07T09:59:40","guid":{"rendered":"http:\/\/www.ventimigliablog.it\/blog\/?p=212"},"modified":"2012-11-05T14:20:22","modified_gmt":"2012-11-05T13:20:22","slug":"parco-roja-attenzione-a-non-distrarsi","status":"publish","type":"post","link":"https:\/\/www.ventimigliablog.it\/blog\/parco-roja-attenzione-a-non-distrarsi\/","title":{"rendered":"PARCO ROJA &#8230;.. ATTENZIONE A NON DISTRARSI"},"content":{"rendered":"<p>Deng Xiaoping diceva: \u00abNon \u00e8 importante che il gatto sia nero o bianco, fondamentale \u00e8 che prenda il topo\u00bb. E l\u2019Amministrazione Scullino \u00e8 stata l\u2019unica che ha catturato \u201cil topo\u201d, cio\u00e8 \u00e8 riuscita a chiudere, con la Regione Liguria e la Provincia di Imperia, alla presenza dell\u2019allora Ministro dello Sviluppo Economico, On.Le Claudio Scajola, l\u2019accordo quadro che sanciva la riqualificazione delle aree ferroviarie e lo sviluppo economico ed occupazionale di Ventimiglia. Il prefetto Dott. Bruno, uno degli attuali tre Commissari di Ventimiglia, ha indubbiamo fatto un eccellente lavoro ma nonostante la Sua statura ed autorevolezza non avrebbe potuto in pochi mesi arrivare al traguardo a cui \u00e8 giunto se non avesse trovato il lavoro fatto e quasi concluso. Credo che Lui stesso non avr\u00e0 difficolt\u00e0 ad ammetterlo, se qualcuno glielo dovesse chiedere, a dimostrazione della Sua indiscussa seriet\u00e0 e correttezza.<!--more--><\/p>\n<p>Per quanto riguarda \u201cl\u2019idea\u201d di affittare le aree (concederle in concessione o meglio in sub concessione) per un congruo tempo, che potrebbe essere appunto 50 anni, \u00e8 un\u2019idea dei tecnici della mia Amministrazione, concordata con i tecnici della Regione Liguria e delle Ferrovie dello Stato, di cui si era gi\u00e0 parlato nell\u2019ultimo incontro da me fatto con\u00a0 l\u2019Ing. De Vito, braccio destro dell\u2019Amministratore delegato delle FF.SS, a Genova nel 2011. L\u2019ipotesi dell\u2019affitto delle aree ferroviarie, anzich\u00e9 la loro vendita, era sorto per superare il problema che le Ferrovie non erano proprietarie di tutte le aree in questione del Parco Roja, in quanto una buona parte di esse le Ferrovie le avevano in concessione dal Demanio. Sono davvero contento che il nostro lavoro, basata come sempre su un\u2019eccellente programmazione, stia per concludersi positivamente. Poi se il segretario del PD di Ventimiglia vuole fare demagogia, la faccia pure, peraltro cosa dovrebbe dire: bravo Scullino, sei riuscito a risolvere uno dei problemi principali di Ventimiglia? Per quanto riguarda la trasparenza dell\u2019operazione, cio\u00e8 quella di fare una gara, non \u00e8 mai stato pensato o detto diversamente, mai e poi mai si \u00e8 pensato di poter procedere diversamente. Abbiamo anche sempre precisato che l\u2019interlocutore unico di questa gara erano le Ferrovie. Quello su cui non concordo invece, se fosse come detto da alcuni giornali, \u00e8 quello di svendere l\u2019operazione di riqualificazione delle aree del Parco Roja in cambio dei normali oneri di urbanizzazione. Si \u00e8 parlato di circa 15 milioni di euro. Vorrebbe dire regalare alle Ferrovie, a danno dei cittadini di Ventimiglia, l\u2019unica opportunit\u00e0 di realizzare la tangenziale Nord o aurelia bis, da noi progettata con la Regione Liguria. Mi permetto di dire a tutti, anche al PD, non importa se il gatto sia di destra o sinistra, l\u2019importante \u00e8 non perdere la viabilit\u00e0 alternativa ed i parcheggi fondamentali per Ventimiglia, opere queste previste nell\u2019accordo quadro da me sottoscritto con le Ferrovie.\u00a0<\/p>\n<p>&nbsp;<\/p>\n<p>5 ottobre 2012 \u2013 Gaetano Antonio Scullino<\/p>\n\t<div class=\"quickshare-container\">\r\n\t<ul class=\"quickshare-text qs-genericons quickshare-small\">\r\n\t\t<li class=\"quickshare-share\">Condividi :<\/li> \r\n\t\t<li><a href=\"https:\/\/facebook.com\/sharer.php?u=https%3A%2F%2Fwww.ventimigliablog.it%2Fblog%2Fparco-roja-attenzione-a-non-distrarsi%2F&amp;t=PARCO+ROJA+%26%238230%3B..+ATTENZIONE+A+NON+DISTRARSI+<+Ventimigliablog\" target=\"_blank\" title=\"Share on Facebook\"><span class=\"quickshare-facebook\">Facebook<\/span><\/a><\/li>\t\t<li><a href=\"https:\/\/twitter.com\/intent\/tweet?url=https%3A%2F%2Fwww.ventimigliablog.it%2Fblog%2Fparco-roja-attenzione-a-non-distrarsi%2F&amp;text=PARCO+ROJA+%26%238230%3B..+ATTENZIONE+A+NON+DISTRARSI+<+Ventimigliablog\" target=\"_blank\" title=\"Share on Twitter\"><span class=\"quickshare-twitter\">Twitter<\/span><\/a><\/li>\t\t\t\t\t\t<li><a href=\"https:\/\/plus.google.com\/share?url=https%3A%2F%2Fwww.ventimigliablog.it%2Fblog%2Fparco-roja-attenzione-a-non-distrarsi%2F\" target=\"_blank\" title=\"Share on Google+\"><span class=\"quickshare-googleplus\">Google+<\/span><\/a><\/li>\t\t\t\t\t\t\t\t<li><a href=\"mailto:?subject=Ventimigliablog:+PARCO+ROJA+%26%238230%3B..+ATTENZIONE+A+NON+DISTRARSI&amp;body=https%3A%2F%2Fwww.ventimigliablog.it%2Fblog%2Fparco-roja-attenzione-a-non-distrarsi%2F\" target=\"_blank\" title=\"Share via Email\"><span class=\"quickshare-email\">Email<\/span><\/a><\/li>\t<\/ul>\r\n\t<\/div>\r\n","protected":false},"excerpt":{"rendered":"<p>Deng Xiaoping diceva: \u00abNon \u00e8 importante che il gatto sia nero o bianco, fondamentale \u00e8 che prenda il topo\u00bb. E l\u2019Amministrazione Scullino \u00e8 stata l\u2019unica che ha catturato \u201cil topo\u201d, cio\u00e8 \u00e8 riuscita a chiudere, con la Regione Liguria e &hellip; <a href=\"https:\/\/www.ventimigliablog.it\/blog\/parco-roja-attenzione-a-non-distrarsi\/\">Continua a leggere<span class=\"meta-nav\">&rarr;<\/span><\/a><\/p>\n","protected":false},"author":10,"featured_media":0,"comment_status":"open","ping_status":"closed","sticky":false,"template":"","format":"standard","meta":{"ngg_post_thumbnail":0,"footnotes":""},"categories":[1],"tags":[25,15,14,19],"_links":{"self":[{"href":"https:\/\/www.ventimigliablog.it\/blog\/wp-json\/wp\/v2\/posts\/212"}],"collection":[{"href":"https:\/\/www.ventimigliablog.it\/blog\/wp-json\/wp\/v2\/posts"}],"about":[{"href":"https:\/\/www.ventimigliablog.it\/blog\/wp-json\/wp\/v2\/types\/post"}],"author":[{"embeddable":true,"href":"https:\/\/www.ventimigliablog.it\/blog\/wp-json\/wp\/v2\/users\/10"}],"replies":[{"embeddable":true,"href":"https:\/\/www.ventimigliablog.it\/blog\/wp-json\/wp\/v2\/comments?post=212"}],"version-history":[{"count":0,"href":"https:\/\/www.ventimigliablog.it\/blog\/wp-json\/wp\/v2\/posts\/212\/revisions"}],"wp:attachment":[{"href":"https:\/\/www.ventimigliablog.it\/blog\/wp-json\/wp\/v2\/media?parent=212"}],"wp:term":[{"taxonomy":"category","embeddable":true,"href":"https:\/\/www.ventimigliablog.it\/blog\/wp-json\/wp\/v2\/categories?post=212"},{"taxonomy":"post_tag","embeddable":true,"href":"https:\/\/www.ventimigliablog.it\/blog\/wp-json\/wp\/v2\/tags?post=212"}],"curies":[{"name":"wp","href":"https:\/\/api.w.org\/{rel}","templated":true}]}}