{"id":2284,"date":"2013-08-07T18:28:14","date_gmt":"2013-08-07T16:28:14","guid":{"rendered":"http:\/\/www.ventimigliablog.it\/blog\/?p=2284"},"modified":"2013-08-07T18:44:28","modified_gmt":"2013-08-07T16:44:28","slug":"confuso","status":"publish","type":"post","link":"https:\/\/www.ventimigliablog.it\/blog\/confuso\/","title":{"rendered":"Confuso"},"content":{"rendered":"<p>Ho due occhiaie &#8220;cos\u00ec&#8221; ma sto giro me la sono cercata. Non ho pi\u00f9 20 anni e nemmeno 25. Nemmeno 40 a dire il vero. Sono in quella fase in cui non sono ne\u2019 carne ne\u2019 pesce. Forse Camut, nonostante la panza che avanza.\u00a0 Che anche se avanza mi dicono che non si pu\u00f2 mettere in frigo e allora non so che farmene. Se almeno fosse un avanzo di galera potrebbe candidarsi alle politiche.<!--more--> Io, personalmente, preferirei se si candidassero solo politiche al posto dei politici, possibilmente di et\u00e0 non superiore ai 30 anni e adeguatamente selezionate (da me) con standard adeguati alle specifiche richieste del mercato. Un mercato in evoluzione, sempre al passo con i tempi, lungo la ciclabile che da Ventimiglia porta a San Lorenzo. Che non esiste. Come il parco Roja che non so perch\u00e9 si chiama parco se poi in realt\u00e0 \u00e8 un fiume. \u00a0Ma vabb\u00e8. Sono confuso.<\/p>\n<p>7 Dicerto 2013 &#8211; Agosto Dicerto<\/p>\n<p>&nbsp;<\/p>\n\t<div class=\"quickshare-container\">\r\n\t<ul class=\"quickshare-text qs-genericons quickshare-small\">\r\n\t\t<li class=\"quickshare-share\">Condividi :<\/li> \r\n\t\t<li><a href=\"https:\/\/facebook.com\/sharer.php?u=https%3A%2F%2Fwww.ventimigliablog.it%2Fblog%2Fconfuso%2F&amp;t=Confuso+<+Ventimigliablog\" target=\"_blank\" title=\"Share on Facebook\"><span class=\"quickshare-facebook\">Facebook<\/span><\/a><\/li>\t\t<li><a href=\"https:\/\/twitter.com\/intent\/tweet?url=https%3A%2F%2Fwww.ventimigliablog.it%2Fblog%2Fconfuso%2F&amp;text=Confuso+<+Ventimigliablog\" target=\"_blank\" title=\"Share on Twitter\"><span class=\"quickshare-twitter\">Twitter<\/span><\/a><\/li>\t\t\t\t\t\t<li><a href=\"https:\/\/plus.google.com\/share?url=https%3A%2F%2Fwww.ventimigliablog.it%2Fblog%2Fconfuso%2F\" target=\"_blank\" title=\"Share on Google+\"><span class=\"quickshare-googleplus\">Google+<\/span><\/a><\/li>\t\t\t\t\t\t\t\t<li><a href=\"mailto:?subject=Ventimigliablog:+Confuso&amp;body=https%3A%2F%2Fwww.ventimigliablog.it%2Fblog%2Fconfuso%2F\" target=\"_blank\" title=\"Share via Email\"><span class=\"quickshare-email\">Email<\/span><\/a><\/li>\t<\/ul>\r\n\t<\/div>\r\n","protected":false},"excerpt":{"rendered":"<p>Ho due occhiaie &#8220;cos\u00ec&#8221; ma sto giro me la sono cercata. Non ho pi\u00f9 20 anni e nemmeno 25. Nemmeno 40 a dire il vero. Sono in quella fase in cui non sono ne\u2019 carne ne\u2019 pesce. Forse Camut, nonostante &hellip; <a href=\"https:\/\/www.ventimigliablog.it\/blog\/confuso\/\">Continua a leggere<span class=\"meta-nav\">&rarr;<\/span><\/a><\/p>\n","protected":false},"author":12,"featured_media":0,"comment_status":"open","ping_status":"closed","sticky":false,"template":"","format":"standard","meta":{"ngg_post_thumbnail":0,"footnotes":""},"categories":[1],"tags":[],"_links":{"self":[{"href":"https:\/\/www.ventimigliablog.it\/blog\/wp-json\/wp\/v2\/posts\/2284"}],"collection":[{"href":"https:\/\/www.ventimigliablog.it\/blog\/wp-json\/wp\/v2\/posts"}],"about":[{"href":"https:\/\/www.ventimigliablog.it\/blog\/wp-json\/wp\/v2\/types\/post"}],"author":[{"embeddable":true,"href":"https:\/\/www.ventimigliablog.it\/blog\/wp-json\/wp\/v2\/users\/12"}],"replies":[{"embeddable":true,"href":"https:\/\/www.ventimigliablog.it\/blog\/wp-json\/wp\/v2\/comments?post=2284"}],"version-history":[{"count":0,"href":"https:\/\/www.ventimigliablog.it\/blog\/wp-json\/wp\/v2\/posts\/2284\/revisions"}],"wp:attachment":[{"href":"https:\/\/www.ventimigliablog.it\/blog\/wp-json\/wp\/v2\/media?parent=2284"}],"wp:term":[{"taxonomy":"category","embeddable":true,"href":"https:\/\/www.ventimigliablog.it\/blog\/wp-json\/wp\/v2\/categories?post=2284"},{"taxonomy":"post_tag","embeddable":true,"href":"https:\/\/www.ventimigliablog.it\/blog\/wp-json\/wp\/v2\/tags?post=2284"}],"curies":[{"name":"wp","href":"https:\/\/api.w.org\/{rel}","templated":true}]}}