{"id":2293,"date":"2013-08-09T00:40:40","date_gmt":"2013-08-08T22:40:40","guid":{"rendered":"http:\/\/www.ventimigliablog.it\/blog\/?p=2293"},"modified":"2013-08-09T00:40:40","modified_gmt":"2013-08-08T22:40:40","slug":"giovanni-ballestra-ci-riprova-e-si-candida-a-sindaco-di-ventimiglia","status":"publish","type":"post","link":"https:\/\/www.ventimigliablog.it\/blog\/giovanni-ballestra-ci-riprova-e-si-candida-a-sindaco-di-ventimiglia\/","title":{"rendered":"Giovanni Ballestra, ci riprova, e si candida a sindaco di Ventimiglia"},"content":{"rendered":"<p><img loading=\"lazy\" decoding=\"async\" class=\"alignright\" id=\"il_fi\" alt=\"\" src=\"http:\/\/www.cacciapassione.com\/images\/stories\/politici-noti\/giovanni%20ballestra.jpg\" width=\"399\" height=\"326\" \/><\/p>\n<p>Oggi, 2013, la notizia \u00e8 apparsa sui vari quotidiani online e cartacei, vedi tra tutti <a href=\"http:\/\/www.riviera24.it\/articoli\/2013\/08\/08\/160392\/giovanni-ballestra-consigliere-provinciale-allambiente-si-candida-sindaco-a-ventimiglia\" target=\"_blank\">Riviera24:\u00a0Giovanni Ballestra, consigliere provinciale all\u2019Ambiente, si candida sindaco a Ventimiglia<\/a><\/p>\n<p>E&#8217; stato ufficializzato oggi, ma \u00e8 da tempo che si sapeva che Giovanni Ballestra ambiva, a pieno titolo, alla carica di candidato sindaco di Ventimiglia. In modo ufficiale era gi\u00e0 emerso, per non andare troppo indietro nel tempo, nel 2007, quando a contendersi la carica di candidato sindaco del Centro destra vi erano Gaetano Scullino e, appunto, Giovanni Ballestra. Alla fine si decise per il primo, dopo alcuni sondaggi preliminari tra i cittadini,\u00a0che davano per preferito Scullino a Ballestra, molteplici incontri politici e tra le diverse segreterie dei partiti,\u00a0confronti serrati tra Forza Italia e Alleanza Nazionale, accordi preliminari, punti fermi sul programma elettorale, ecc.. <!--more--><\/p>\n<p>Dopo la scelta a favore di Scullino,\u00a0alcuni dicono a denti stretti, Ballestra accett\u00f2 a fare un passo indietro e si candid\u00f2 a consigliere comunale, nella lista di Alleanza Nazionale, a sostegno di Scullino. Alcuni voci, maligne e non fondate, dissero che Ballestra chiedeva ai suoi elettori il voto disgiunto\u00a0o comunque lasciava libert\u00e0 di scelta del candidato sindaco. In politica, spesso, molto \u00e8 concesso, quindi tutto bene. Scullino vinse alla grande e Ballestra divent\u00f2 &#8220;suo&#8221; consigliere comunale.<\/p>\n<p>Giovanni Ballestra, politico di razza, mente lucida, grande stratega delle manovre politiche e di palazzo,\u00a0non sempre simpatico a tutti ma schietto e determinato, non ha mai amato avere\u00a0sopra di lui qualcuno\u00a0che le desse degli ordini. Fu ecclatante, a dimostrazione di tutto ci\u00f2, la sfiducia ricevuta dalla sua maggioranza, sotto il sindaco Valfr\u00e9, quando lui era vicesindaco di Ventimiglia. Lui si arrabbio tantissimo e prima ancora di capire\u00a0la validit\u00e0\u00a0giuridica di quella sfiducia (non vi erano molti casi esistenti\u00a0in Italia in cui la maggioranza sfiduciava uno dei suoi componenti), se ne and\u00f2, sbattendo la porta. La stessa cosa accadde nel 2011, quando si dimise da consigliere comunale chiudendo la porta\u00a0dietro Scullino.\u00a0Seguirono un paio di articoli critici\u00a0sull&#8217;amministrazione Scullino, qualche retro marcia ed alcuni dicono una lettera a Scullino in cui si sosteneva la totale sua ammirazione per il modo in cui Scullino aveva amministrato la Citt\u00e0. Veri controsensi, leggende metropolitane, mezze verit\u00e0? Non importa, in questi casi la verit\u00e0 non va neanche cercata, perch\u00e9 qualunque sia l&#8217;esito non \u00e8 mai cos\u00ec importante; la politica fa comunque il suo corso e le ambizioni elettorali fanno il loro.<\/p>\n<p>Come\u00a0in allora (2007 = 2013), il Presidente della Confcommercio\u00a0cittadino sostiene il candidato Giovanni Ballestra (i presidenti sono cambiati ma il referente politico no). Legittimo, si, opportuno, perch\u00e9 no. Semmai diventano meno credibili alcune affermazioni fatte dal presidente di turno, in precedenza e magari programmate, contro quelli che oggi\u00a0rischiano di diventare gli avversari politici, ma il Presidente di un&#8217;importante associazione di categoria resta tale perch\u00e9 sono i commercianti di quella associazione che lo hanno eletto e il fatto che si sfrutti, in parte, detta carica per la carriera politica \u00e8\u00a0ormai un&#8217;abitudine, quindi nulla da dire.<\/p>\n<p>Sugli altri sostenitori di Giovanni Ballestra, quelli che appaiono nell&#8217;articolo sopra citato, dando per scontata la loro accettazione, sono tutte persone perbene, capaci e note nel mondo politico e cittadino, ora attendiamo i nuovi nomi. Si vociferavano gi\u00e0 altri nomi, anch&#8217;essi noti nella politica &#8220;datata&#8221;, che per\u00f2 non sono apparsi\u00a0&#8230;.. vedremo a liste chiuse.<\/p>\n<p>Un grande augurio a Giovanni Ballestra, certamente uomo serio e capace, \u00a0vedremo chi lo sosterr\u00e0 e vedremo chi saranno\u00a0gli altri candidati sindaco.<\/p>\n<p>Il Secolo XIX oggi diceva, mi dicono perch\u00e8 personalmente non ho avuto modo di leggerlo, che\u00a0il combattente Gaetano Antonio Scullino\u00a0lo si da sempre come\u00a0ben presente sul ring della politica ventimigliese. Candidato, come in molti ritengono\u00a0probabile, o no, \u00e8 \u00a0sempre\u00a0considerato come persona\u00a0influente sulle elezioni comunali e molto corteggiato; non solo per il suo bagaglio di voti personali, ma per il grande seguito ancora oggi riconosciuto, dopo lo scioglimento,\u00a0dai cittadini per il suo modo concreto, efficiente ed efficace di amministrare\u00a0la Citt\u00e0.<\/p>\n<p>Altro candidato sindaco possibile, molto quotato e apprezzato,\u00a0gi\u00e0 consigliere e assessore\u00a0ventimigliese, tecnico capace, persona molto vicina al mondo cattolico, del volontariato e dello sport, considerato serio, credibile e con buona diplomazia, \u00e8 il Dott. Guglielmo\u00a0Guglielmi. Una sua discesa in campo creerebbe un bel antagonismo in casa del centro destra.<\/p>\n<p>Vedremo cosa succeder\u00e0,\u00a0l&#8217;estate deve passare, nonostante Giovanni Ballestra abbia provato a giocare d&#8217;anticipo,\u00a0sembra\u00a0per\u00f2 che nessuno abbia la voglia di\u00a0correle dietro. I giochi si inizieranno a sviluppare\u00a0tra ottobre e dicembre 2013.<\/p>\n<p>Cosa far\u00e0 il PD? Per adesso osserva, dicono che Giovanni Ballestra abbia provato a ripetere il caso Imperia e che gli abbiano risposto: si pu\u00f2 fare ma tu devi fare un passo indietro. Solo voci, queste, certamente da approfondire ma interessanti. L&#8217;importante \u00e8 che Ventimiglia abbia un Sindaco che pensi alla Citt\u00e0.<\/p>\n<p>9 agosto 2013 &#8211; dottor sottile<\/p>\n<p>&nbsp;<\/p>\n<p>&nbsp;<\/p>\n\t<div class=\"quickshare-container\">\r\n\t<ul class=\"quickshare-text qs-genericons quickshare-small\">\r\n\t\t<li class=\"quickshare-share\">Condividi :<\/li> \r\n\t\t<li><a href=\"https:\/\/facebook.com\/sharer.php?u=https%3A%2F%2Fwww.ventimigliablog.it%2Fblog%2Fgiovanni-ballestra-ci-riprova-e-si-candida-a-sindaco-di-ventimiglia%2F&amp;t=Giovanni+Ballestra%2C+ci+riprova%2C+e+si+candida+a+sindaco+di+Ventimiglia+<+Ventimigliablog\" target=\"_blank\" title=\"Share on Facebook\"><span class=\"quickshare-facebook\">Facebook<\/span><\/a><\/li>\t\t<li><a href=\"https:\/\/twitter.com\/intent\/tweet?url=https%3A%2F%2Fwww.ventimigliablog.it%2Fblog%2Fgiovanni-ballestra-ci-riprova-e-si-candida-a-sindaco-di-ventimiglia%2F&amp;text=Giovanni+Ballestra%2C+ci+riprova%2C+e+si+candida+a+sindaco+di+Ventimiglia+<+Ventimigliablog\" target=\"_blank\" title=\"Share on Twitter\"><span class=\"quickshare-twitter\">Twitter<\/span><\/a><\/li>\t\t\t\t\t\t<li><a href=\"https:\/\/plus.google.com\/share?url=https%3A%2F%2Fwww.ventimigliablog.it%2Fblog%2Fgiovanni-ballestra-ci-riprova-e-si-candida-a-sindaco-di-ventimiglia%2F\" target=\"_blank\" title=\"Share on Google+\"><span class=\"quickshare-googleplus\">Google+<\/span><\/a><\/li>\t\t\t\t\t\t\t\t<li><a href=\"mailto:?subject=Ventimigliablog:+Giovanni+Ballestra%2C+ci+riprova%2C+e+si+candida+a+sindaco+di+Ventimiglia&amp;body=https%3A%2F%2Fwww.ventimigliablog.it%2Fblog%2Fgiovanni-ballestra-ci-riprova-e-si-candida-a-sindaco-di-ventimiglia%2F\" target=\"_blank\" title=\"Share via Email\"><span class=\"quickshare-email\">Email<\/span><\/a><\/li>\t<\/ul>\r\n\t<\/div>\r\n","protected":false},"excerpt":{"rendered":"<p>Oggi, 2013, la notizia \u00e8 apparsa sui vari quotidiani online e cartacei, vedi tra tutti Riviera24:\u00a0Giovanni Ballestra, consigliere provinciale all\u2019Ambiente, si candida sindaco a Ventimiglia E&#8217; stato ufficializzato oggi, ma \u00e8 da tempo che si sapeva che Giovanni Ballestra ambiva, &hellip; <a href=\"https:\/\/www.ventimigliablog.it\/blog\/giovanni-ballestra-ci-riprova-e-si-candida-a-sindaco-di-ventimiglia\/\">Continua a leggere<span class=\"meta-nav\">&rarr;<\/span><\/a><\/p>\n","protected":false},"author":10,"featured_media":0,"comment_status":"open","ping_status":"closed","sticky":false,"template":"","format":"standard","meta":{"ngg_post_thumbnail":0,"footnotes":""},"categories":[3,1,6],"tags":[],"_links":{"self":[{"href":"https:\/\/www.ventimigliablog.it\/blog\/wp-json\/wp\/v2\/posts\/2293"}],"collection":[{"href":"https:\/\/www.ventimigliablog.it\/blog\/wp-json\/wp\/v2\/posts"}],"about":[{"href":"https:\/\/www.ventimigliablog.it\/blog\/wp-json\/wp\/v2\/types\/post"}],"author":[{"embeddable":true,"href":"https:\/\/www.ventimigliablog.it\/blog\/wp-json\/wp\/v2\/users\/10"}],"replies":[{"embeddable":true,"href":"https:\/\/www.ventimigliablog.it\/blog\/wp-json\/wp\/v2\/comments?post=2293"}],"version-history":[{"count":0,"href":"https:\/\/www.ventimigliablog.it\/blog\/wp-json\/wp\/v2\/posts\/2293\/revisions"}],"wp:attachment":[{"href":"https:\/\/www.ventimigliablog.it\/blog\/wp-json\/wp\/v2\/media?parent=2293"}],"wp:term":[{"taxonomy":"category","embeddable":true,"href":"https:\/\/www.ventimigliablog.it\/blog\/wp-json\/wp\/v2\/categories?post=2293"},{"taxonomy":"post_tag","embeddable":true,"href":"https:\/\/www.ventimigliablog.it\/blog\/wp-json\/wp\/v2\/tags?post=2293"}],"curies":[{"name":"wp","href":"https:\/\/api.w.org\/{rel}","templated":true}]}}