{"id":2494,"date":"2013-08-30T10:38:55","date_gmt":"2013-08-30T08:38:55","guid":{"rendered":"http:\/\/www.ventimigliablog.it\/blog\/?p=2494"},"modified":"2013-09-03T11:01:57","modified_gmt":"2013-09-03T09:01:57","slug":"nuovo-decreto-legge-del-28082013-le-novita-sullimu-altre-modifiche","status":"publish","type":"post","link":"https:\/\/www.ventimigliablog.it\/blog\/nuovo-decreto-legge-del-28082013-le-novita-sullimu-altre-modifiche\/","title":{"rendered":"Nuovo decreto legge del 28\/08\/2013: le novit\u00e0 sull&#8217;IMU e altre modifiche."},"content":{"rendered":"<div><a href=\"http:\/\/www.ventimigliablog.it\/blog\/wp-content\/uploads\/2013\/08\/imu.bmp\"><img decoding=\"async\" class=\"size-medium wp-image-2496 alignright\" alt=\"imu\" src=\"http:\/\/www.ventimigliablog.it\/blog\/wp-content\/uploads\/2013\/08\/imu.bmp\" \/><\/a><\/div>\n<div style=\"text-align: justify;\">Nel decreto legge approvato dal Consiglio dei Ministri, la novit\u00e0 di maggior rilievo \u00e8 la definitiva abolizione, per il 2013, dell\u2019IMU sulle abitazioni principali, sulle abitazioni rurali e sui terreni agricoli ed il lancio, a partire dal 2014, della nuova service tax. Nello specifico, il decreto stabilisce l&#8217;eliminazione della rata IMU di giugno (sospesa ad opera del D.L. n. 54\/2013) per abitazioni principali, fabbricati rurali e terreni agricoli, rinviando &#8211; per la rata di dicembre &#8211; ad un ulteriore provvedimento che verr\u00e0 presentato contestualmente alla legge di Stabilit\u00e0 dell\u2019ottobre prossimo.<\/div>\n<div>\n<p style=\"text-align: justify;\">Nella seduta del 28 agosto 2013, il Consiglio dei Ministri ha approvato un decreto legge che si occupa di\u00a0<b>IMU<\/b>,\u00a0<b>abitazioni<\/b>\u00a0e\u00a0<b>cassa integrazione guadagni<\/b>.<!--more--><\/p>\n<p style=\"text-align: justify;\">In particolare, la novit\u00e0 di maggior rilievo \u00e8 la\u00a0<b>definitiva eliminazione<\/b>, per il 2013, dell\u2019<b>IMU sulle abitazioni principali<\/b>, sulle\u00a0<b>abitazioni rurali<\/b>\u00a0e sui\u00a0<b>terreni agricoli<\/b>\u00a0e l\u2019avvio, a partire\u00a0<b>dal 2014<\/b>, di una nuova imposta, la c.d.\u00a0<b>service tax<\/b>\u00a0che inglober\u00e0 sia l\u2019attuale IMU che la TARES, che, quindi, sono destinate entrambe a sparire.<\/p>\n<p style=\"text-align: justify;\">Il percorso scelto, per\u00f2, non \u00e8 del tutto immediato, ma seguir\u00e0 alcuni step dettati anche dalla necessit\u00e0 di trovare una completa copertura all\u2019intera operazione.<\/p>\n<p style=\"text-align: justify;\">Infatti, se nel decreto \u00e8 stabilita l\u2019<b>eliminazione della rata di giugno<\/b>\u00a0su abitazioni principali, fabbricati rurali e terreni agricoli (sospesa, come noto, ad opera del D.L. n. 54\/2013), per quella di<b>dicembre<\/b>\u00a0si rimanda ad un\u00a0<b>ulteriore provvedimento<\/b>\u00a0(<b>in attesa di trovare la copertura<\/b>).<\/p>\n<p style=\"text-align: justify;\">Stesso discorso vale per la service tax, che per ora viene solo annunciata (anche se sono stati forniti gi\u00e0 alcuni particolari su di essa): molto probabilmente, trover\u00e0 spazio nella legge di Stabilit\u00e0 che sar\u00e0 approvata in autunno.<\/p>\n<p style=\"text-align: justify;\">Il decreto non si occupa, per\u00f2, solo di tassazione immobiliare: in esso trovano spazio anche importanti disposizioni sulla cassa integrazioni guadagni, sugli esodati e sul piano casa a favore di categorie svantaggiate.<\/p>\n<p style=\"text-align: justify;\"><b>Abolizione IMU e service tax<\/b><\/p>\n<p style=\"text-align: justify;\">Il decreto stabilisce che la tassa municipale sugli immobili &#8211; relativamente alla prima casa, ai terreni agricoli e ai fabbricati rurali &#8211; non verr\u00e0 pagata nel 2013.<\/p>\n<p style=\"text-align: justify;\">A tale proposito, avendo gi\u00e0 reperito le risorse necessarie (2,4 miliardi derivanti in parte dall&#8217;extra-gettito IVA derivante dallo sblocco di una nuova tranche da 10 miliardi di pagamenti arretrati della PA, in parte dalla sanatoria delle maxi-multe comminate alle societ\u00e0 che gestiscono le new slot e per il resto da un giro di vite sulle spese pubbliche), viene prevista l\u2019<b>abolizione immediata per la prima rata 2013\u00a0<\/b>(quindi, viene scongiurato anche il versamento fissato al 16 settembre se non si fosse trovato l\u2019accordo).<\/p>\n<p style=\"text-align: justify;\">Invece, la\u00a0<b>seconda rata<\/b>\u00a0verr\u00e0 abolita con un\u00a0<b>decreto legge contestuale alla legge di Stabilit\u00e0<\/b>dell\u2019ottobre prossimo.<\/p>\n<p style=\"text-align: justify;\">A partire\u00a0<b>dal 2014<\/b>, in luogo dell\u2019IMU, entrer\u00e0 in vigore la c.d.\u00a0<b>Service Tax<\/b>\u00a0che, quasi sicuramente, trover\u00e0 spazio nella legge di Stabilit\u00e0. Si tratter\u00e0 di un\u00a0<b>modello di tassazione comunale<\/b>\u00a0\u201c<b>federale<\/b>\u201d ispirato ai principi del federalismo fiscale, come approvati dalla Commissione Bicamerale appositamente costituita nella scorsa legislatura.<\/p>\n<p style=\"text-align: justify;\">Sar\u00e0 un\u2019imposta sui servizi comunali che sostituir\u00e0, oltre all\u2019IMU anche la TARES, riscossa dai Comuni e costituita da\u00a0<b>due componenti<\/b>:<\/p>\n<p style=\"text-align: justify;\">&#8211;\u00a0<b>gestione dei rifiuti urbani<\/b>\u00a0(c.d.\u00a0<b>TARI<\/b>): sar\u00e0 dovuta da chi occupa, a qualunque titolo, locali o aree suscettibili di produrre rifiuti urbani. Le aliquote, commisurate alla superficie, saranno parametrate dal Comune con ampia flessibilit\u00e0 ma comunque nel rispetto del principio comunitario \u201cchi inquina paga\u201d e in misura tale da garantire la copertura integrale del servizio;<\/p>\n<p style=\"text-align: justify;\">&#8211;\u00a0<b>copertura dei servizi indivisibili<\/b>\u00a0(c.d.\u00a0<b>TASI<\/b>): sar\u00e0 a carico di chi occupa fabbricati. Il Comune potr\u00e0 scegliere come base imponibile la\u00a0<b>superficie<\/b>\u00a0o la\u00a0<b>rendita catastale<\/b>. Sar\u00e0 a carico sia del proprietario (in quanto i beni e servizi pubblici locali concorrono a determinare il valore commerciale dell\u2019immobile) che dell\u2019occupante (in quanto fruisce dei beni e servizi locali). Il Comune avr\u00e0 adeguati margini di manovra, nell\u2019ambito dei limiti fissati dalla legge statale.<\/p>\n<p style=\"text-align: justify;\">Nel comunicato stampa di fine Consiglio, si afferma che \u201cla capacit\u00e0 fiscale (cio\u00e8 il gettito potenziale che i Comuni potrebbero ottenere dal pieno utilizzo delle facolt\u00e0 di manovra fiscale sui loro tributi) sar\u00e0 preservata, nel pieno rispetto del principio federalista dell\u2019autonomia finanziaria di tutti i livelli di governo. L\u2019autonomia nella fissazione delle aliquote sar\u00e0 limitata verso l\u2019alto per evitare di accrescere la capacit\u00e0 fiscale e quindi il carico sui contribuenti, applicando aliquote massime complessive\u201d.<\/p>\n<p style=\"text-align: justify;\">Le misure previste dal Governo, comunque, non si fermano qui: infatti, sono previste altre importanti norme tra cui si segnalano le seguenti:<\/p>\n<p style=\"text-align: justify;\">&#8211; viene\u00a0<b>prorogato al 30 novembre<\/b>\u00a0il termine di\u00a0<b>approvazione dei bilanci annuali di previsione<\/b>\u00a0degli enti locali. Ci\u00f2 consentir\u00e0 ai sindaci di rivedere entro la stessa scadenza i regolamenti 2013 sulla TARES;<\/p>\n<p style=\"text-align: justify;\">&#8211; viene prevista la\u00a0<b>deducibilit\u00e0<\/b>\u00a0(<b>parziale<\/b>)\u00a0<b>dell\u2019IMU per le imprese<\/b>;<\/p>\n<p style=\"text-align: justify;\">&#8211; si rivede la\u00a0<b>tassazione degli immobili concessi in locazione a canone concordato<\/b>;<\/p>\n<p style=\"text-align: justify;\">&#8211; vengono\u00a0<b>esclusi dall\u2019IMU<\/b>\u00a0i\u00a0<b>fabbricati costruiti e destinati<\/b>\u00a0dall\u2019impresa costruttrice\u00a0<b>alla vendita<\/b>\u00a0se non locati o venduti\u00a0<b>entro tre anni<\/b>\u00a0dalla ultimazione dei lavori;<\/p>\n<p style=\"text-align: justify;\">&#8211; vengono assimilati al trattamento IMU prima casa gli\u00a0<b>alloggi degli Istituti autonomi case popolari<\/b>\u00a0e quelli delle\u00a0<b>cooperative edilizie a propriet\u00e0 indivisa<\/b>, adibite ad abitazione principale dei soci assegnatari;<\/p>\n<p style=\"text-align: justify;\">&#8211; dal 1\u00b0 gennaio 2014 viene previsto il trattamento IMU prima casa anche per gli\u00a0<b>alloggi sociali<\/b>(alloggi realizzati o recuperati da operatori pubblici o privati destinati prevalentemente alla locazione per individui e nuclei familiari svantaggiati).<\/p>\n<p style=\"text-align: justify;\"><b>Piano casa a favore delle categorie disagiate<\/b><\/p>\n<p style=\"text-align: justify;\">Il provvedimento interviene a sostegno delle famiglie su\u00a0<b>mutui<\/b>,\u00a0<b>prima casa<\/b>\u00a0e\u00a0<b>affitti<\/b>. Infatti, il Governo fa notare che di fronte alla evidente necessit\u00e0 di alloggi in affitto a canone moderato a favore delle categorie sociali tradizionalmente svantaggiate (disoccupati, pensionati, immigrati), emergono nuovi fabbisogni abitativi soprattutto da parte di lavoratori atipici, anziani, studenti, giovani coppie, famiglie monoreddito, genitori separati.<\/p>\n<p style=\"text-align: justify;\">Per dare risposta a queste esigenze il decreto prevede che:<\/p>\n<p style=\"text-align: justify;\">&#8211; la Cassa Depositi e Prestiti metter\u00e0 a disposizione delle banche oltre 2 miliardi di euro per l\u2019erogazione di nuovi mutui per l\u2019acquisto della abitazione principale;<\/p>\n<p style=\"text-align: justify;\">&#8211; attraverso il rifinanziamento di fondi gi\u00e0 esistenti e la creazione di un nuovo fondo presso il Ministero delle Infrastrutture, vengono destinati 200 milioni di euro per rendere pi\u00f9 sostenibili gli oneri del mutuo e della locazione della abitazione;<\/p>\n<p style=\"text-align: justify;\">&#8211; le\u00a0<b>famiglie pi\u00f9 povere indebitate<\/b>\u00a0avranno un servizio del debito per il mutuo sulla casa di residenza superiore al 30% del reddito. Il titolare di un mutuo sulla prima casa non superiore a 250.000 euro e con indicatore ISEE non superiore a 30.000 euro, in caso di perdita del lavoro o dell\u2019insorgere di condizioni gravi di non autosufficienza o handicap, potr\u00e0 chiedere alla banca la sospensione del pagamento delle rate per un periodo massimo di 18 mesi. Il Fondo gestito dalla CONSAP rimborser\u00e0 alle banche gli oneri finanziari corrispondenti alla quota interessi delle rate per le quali ha effetto la sospensione del pagamento;<\/p>\n<p style=\"text-align: justify;\">&#8211; anche i\u00a0<b>lavoratori atipici<\/b>\u00a0potranno usufruire del Fondo di garanzia per l&#8217;accesso al credito per l\u2019acquisto della prima casa da parte di giovani coppie o di nuclei familiari monogenitoriali con figli minori che permette agli under 35 con un reddito ISEE complessivo non superiore a 35.000 euro di chiedere un mutuo sino a 200.000 euro, garantito dal Fondo per il 50% della quota capitale;<\/p>\n<p style=\"text-align: justify;\">&#8211; il Fondo nazionale di sostegno per l&#8217;accesso alle case in locazione interverr\u00e0 a sostegno al reddito dei soggetti che, pur in possesso dei requisiti per l&#8217;accesso al sistema dell&#8217;edilizia residenziale pubblica, devono rivolgersi al libero mercato;<\/p>\n<p style=\"text-align: justify;\">&#8211; viene istituito il\u00a0<b>Fondo di copertura della morosit\u00e0 incolpevole<\/b>;<\/p>\n<p style=\"text-align: justify;\">&#8211; \u00e8 prorogato di 3 anni il periodo per l\u2019attuazione dei programmi di edilizia residenziale mantenendo l\u2019imposta di registro ridotta all\u20191%.<\/p>\n<p><i>A cura della Redazione<\/i><\/p>\n<p>Fonte: Ipsoa Fisco<\/p>\n<\/div>\n\t<div class=\"quickshare-container\">\r\n\t<ul class=\"quickshare-text qs-genericons quickshare-small\">\r\n\t\t<li class=\"quickshare-share\">Condividi :<\/li> \r\n\t\t<li><a href=\"https:\/\/facebook.com\/sharer.php?u=https%3A%2F%2Fwww.ventimigliablog.it%2Fblog%2Fnuovo-decreto-legge-del-28082013-le-novita-sullimu-altre-modifiche%2F&amp;t=Nuovo+decreto+legge+del+28%2F08%2F2013%3A+le+novit%C3%A0+sull%26%238217%3BIMU+e+altre+modifiche.+<+Ventimigliablog\" target=\"_blank\" title=\"Share on Facebook\"><span class=\"quickshare-facebook\">Facebook<\/span><\/a><\/li>\t\t<li><a href=\"https:\/\/twitter.com\/intent\/tweet?url=https%3A%2F%2Fwww.ventimigliablog.it%2Fblog%2Fnuovo-decreto-legge-del-28082013-le-novita-sullimu-altre-modifiche%2F&amp;text=Nuovo+decreto+legge+del+28%2F08%2F2013%3A+le+novit%C3%A0+sull%26%238217%3BIMU+e+altre+modifiche.+<+Ventimigliablog\" target=\"_blank\" title=\"Share on Twitter\"><span class=\"quickshare-twitter\">Twitter<\/span><\/a><\/li>\t\t\t\t\t\t<li><a href=\"https:\/\/plus.google.com\/share?url=https%3A%2F%2Fwww.ventimigliablog.it%2Fblog%2Fnuovo-decreto-legge-del-28082013-le-novita-sullimu-altre-modifiche%2F\" target=\"_blank\" title=\"Share on Google+\"><span class=\"quickshare-googleplus\">Google+<\/span><\/a><\/li>\t\t\t\t\t\t\t\t<li><a href=\"mailto:?subject=Ventimigliablog:+Nuovo+decreto+legge+del+28%2F08%2F2013%3A+le+novit%C3%A0+sull%26%238217%3BIMU+e+altre+modifiche.&amp;body=https%3A%2F%2Fwww.ventimigliablog.it%2Fblog%2Fnuovo-decreto-legge-del-28082013-le-novita-sullimu-altre-modifiche%2F\" target=\"_blank\" title=\"Share via Email\"><span class=\"quickshare-email\">Email<\/span><\/a><\/li>\t<\/ul>\r\n\t<\/div>\r\n","protected":false},"excerpt":{"rendered":"<p>Nel decreto legge approvato dal Consiglio dei Ministri, la novit\u00e0 di maggior rilievo \u00e8 la definitiva abolizione, per il 2013, dell\u2019IMU sulle abitazioni principali, sulle abitazioni rurali e sui terreni agricoli ed il lancio, a partire dal 2014, della nuova &hellip; <a href=\"https:\/\/www.ventimigliablog.it\/blog\/nuovo-decreto-legge-del-28082013-le-novita-sullimu-altre-modifiche\/\">Continua a leggere<span class=\"meta-nav\">&rarr;<\/span><\/a><\/p>\n","protected":false},"author":10,"featured_media":0,"comment_status":"open","ping_status":"closed","sticky":false,"template":"","format":"standard","meta":{"ngg_post_thumbnail":0,"footnotes":""},"categories":[3,1,7,6],"tags":[],"_links":{"self":[{"href":"https:\/\/www.ventimigliablog.it\/blog\/wp-json\/wp\/v2\/posts\/2494"}],"collection":[{"href":"https:\/\/www.ventimigliablog.it\/blog\/wp-json\/wp\/v2\/posts"}],"about":[{"href":"https:\/\/www.ventimigliablog.it\/blog\/wp-json\/wp\/v2\/types\/post"}],"author":[{"embeddable":true,"href":"https:\/\/www.ventimigliablog.it\/blog\/wp-json\/wp\/v2\/users\/10"}],"replies":[{"embeddable":true,"href":"https:\/\/www.ventimigliablog.it\/blog\/wp-json\/wp\/v2\/comments?post=2494"}],"version-history":[{"count":0,"href":"https:\/\/www.ventimigliablog.it\/blog\/wp-json\/wp\/v2\/posts\/2494\/revisions"}],"wp:attachment":[{"href":"https:\/\/www.ventimigliablog.it\/blog\/wp-json\/wp\/v2\/media?parent=2494"}],"wp:term":[{"taxonomy":"category","embeddable":true,"href":"https:\/\/www.ventimigliablog.it\/blog\/wp-json\/wp\/v2\/categories?post=2494"},{"taxonomy":"post_tag","embeddable":true,"href":"https:\/\/www.ventimigliablog.it\/blog\/wp-json\/wp\/v2\/tags?post=2494"}],"curies":[{"name":"wp","href":"https:\/\/api.w.org\/{rel}","templated":true}]}}