{"id":2882,"date":"2013-09-24T15:06:27","date_gmt":"2013-09-24T13:06:27","guid":{"rendered":"http:\/\/www.ventimigliablog.it\/blog\/?p=2882"},"modified":"2013-09-24T15:08:20","modified_gmt":"2013-09-24T13:08:20","slug":"liberiamo-il-chiostro-s-agostino-ecco-verra","status":"publish","type":"post","link":"https:\/\/www.ventimigliablog.it\/blog\/liberiamo-il-chiostro-s-agostino-ecco-verra\/","title":{"rendered":"Liberiamo il Chiostro di S. Agostino: ecco come verr\u00e0."},"content":{"rendered":"\n\t\t<style type=\"text\/css\">\n\t\t\t#gallery-1 {\n\t\t\t\tmargin: auto;\n\t\t\t}\n\t\t\t#gallery-1 .gallery-item {\n\t\t\t\tfloat: left;\n\t\t\t\tmargin-top: 10px;\n\t\t\t\ttext-align: center;\n\t\t\t\twidth: 33%;\n\t\t\t}\n\t\t\t#gallery-1 img {\n\t\t\t\tborder: 2px solid #cfcfcf;\n\t\t\t}\n\t\t\t#gallery-1 .gallery-caption {\n\t\t\t\tmargin-left: 0;\n\t\t\t}\n\t\t\t\/* see gallery_shortcode() in wp-includes\/media.php *\/\n\t\t<\/style>\n\t\t<div id='gallery-1' class='gallery galleryid-2882 gallery-columns-3 gallery-size-thumbnail'><dl class='gallery-item'>\n\t\t\t<dt class='gallery-icon landscape'>\n\t\t\t\t<a href='https:\/\/www.ventimigliablog.it\/blog\/liberiamo-il-chiostro-s-agostino-ecco-verra\/microsoft-word-1-vista-aerea-sud-doc\/'><img loading=\"lazy\" decoding=\"async\" width=\"150\" height=\"150\" src=\"https:\/\/www.ventimigliablog.it\/blog\/wp-content\/uploads\/2013\/09\/chiostro-1-150x150.jpg\" class=\"attachment-thumbnail size-thumbnail\" alt=\"\" aria-describedby=\"gallery-1-2883\" \/><\/a>\n\t\t\t<\/dt>\n\t\t\t\t<dd class='wp-caption-text gallery-caption' id='gallery-1-2883'>\n\t\t\t\tvisione complessiva dall&#8217;alto\n\t\t\t\t<\/dd><\/dl><dl class='gallery-item'>\n\t\t\t<dt class='gallery-icon landscape'>\n\t\t\t\t<a href='https:\/\/www.ventimigliablog.it\/blog\/liberiamo-il-chiostro-s-agostino-ecco-verra\/microsoft-word-6-vista-dallalto-doc\/'><img loading=\"lazy\" decoding=\"async\" width=\"150\" height=\"150\" src=\"https:\/\/www.ventimigliablog.it\/blog\/wp-content\/uploads\/2013\/09\/chiostro-2-150x150.jpg\" class=\"attachment-thumbnail size-thumbnail\" alt=\"\" aria-describedby=\"gallery-1-2884\" \/><\/a>\n\t\t\t<\/dt>\n\t\t\t\t<dd class='wp-caption-text gallery-caption' id='gallery-1-2884'>\n\t\t\t\tvisione dall&#8217;alto del chiostro\n\t\t\t\t<\/dd><\/dl><dl class='gallery-item'>\n\t\t\t<dt class='gallery-icon landscape'>\n\t\t\t\t<a href='https:\/\/www.ventimigliablog.it\/blog\/liberiamo-il-chiostro-s-agostino-ecco-verra\/chiostro-3\/'><img loading=\"lazy\" decoding=\"async\" width=\"150\" height=\"150\" src=\"https:\/\/www.ventimigliablog.it\/blog\/wp-content\/uploads\/2013\/09\/chiostro-3-150x150.jpg\" class=\"attachment-thumbnail size-thumbnail\" alt=\"\" aria-describedby=\"gallery-1-2885\" \/><\/a>\n\t\t\t<\/dt>\n\t\t\t\t<dd class='wp-caption-text gallery-caption' id='gallery-1-2885'>\n\t\t\t\tvisione dal basso del chiostro\n\t\t\t\t<\/dd><\/dl><br style=\"clear: both\" \/><dl class='gallery-item'>\n\t\t\t<dt class='gallery-icon landscape'>\n\t\t\t\t<a href='https:\/\/www.ventimigliablog.it\/blog\/liberiamo-il-chiostro-s-agostino-ecco-verra\/chiostro-4\/'><img loading=\"lazy\" decoding=\"async\" width=\"150\" height=\"150\" src=\"https:\/\/www.ventimigliablog.it\/blog\/wp-content\/uploads\/2013\/09\/chiostro-4-150x150.jpg\" class=\"attachment-thumbnail size-thumbnail\" alt=\"\" aria-describedby=\"gallery-1-2886\" \/><\/a>\n\t\t\t<\/dt>\n\t\t\t\t<dd class='wp-caption-text gallery-caption' id='gallery-1-2886'>\n\t\t\t\til chiostro liberato dai manufatti oggi esistenti\n\t\t\t\t<\/dd><\/dl><dl class='gallery-item'>\n\t\t\t<dt class='gallery-icon landscape'>\n\t\t\t\t<a href='https:\/\/www.ventimigliablog.it\/blog\/liberiamo-il-chiostro-s-agostino-ecco-verra\/chiostro-5\/'><img loading=\"lazy\" decoding=\"async\" width=\"150\" height=\"150\" src=\"https:\/\/www.ventimigliablog.it\/blog\/wp-content\/uploads\/2013\/09\/chiostro-5-150x150.jpg\" class=\"attachment-thumbnail size-thumbnail\" alt=\"\" aria-describedby=\"gallery-1-2887\" \/><\/a>\n\t\t\t<\/dt>\n\t\t\t\t<dd class='wp-caption-text gallery-caption' id='gallery-1-2887'>\n\t\t\t\tdettaglio della barriera architettonica a copertura dei retro degli immobili adiacenti la chiesa\n\t\t\t\t<\/dd><\/dl><dl class='gallery-item'>\n\t\t\t<dt class='gallery-icon landscape'>\n\t\t\t\t<a href='https:\/\/www.ventimigliablog.it\/blog\/liberiamo-il-chiostro-s-agostino-ecco-verra\/chiostro-6\/'><img loading=\"lazy\" decoding=\"async\" width=\"150\" height=\"150\" src=\"https:\/\/www.ventimigliablog.it\/blog\/wp-content\/uploads\/2013\/09\/chiostro-6-150x150.jpg\" class=\"attachment-thumbnail size-thumbnail\" alt=\"\" aria-describedby=\"gallery-1-2888\" \/><\/a>\n\t\t\t<\/dt>\n\t\t\t\t<dd class='wp-caption-text gallery-caption' id='gallery-1-2888'>\n\t\t\t\til ritorno al vecchio splendore\n\t\t\t\t<\/dd><\/dl><br style=\"clear: both\" \/><dl class='gallery-item'>\n\t\t\t<dt class='gallery-icon landscape'>\n\t\t\t\t<a href='https:\/\/www.ventimigliablog.it\/blog\/liberiamo-il-chiostro-s-agostino-ecco-verra\/chiostro-7\/'><img loading=\"lazy\" decoding=\"async\" width=\"150\" height=\"150\" src=\"https:\/\/www.ventimigliablog.it\/blog\/wp-content\/uploads\/2013\/09\/chiostro-7-150x150.jpg\" class=\"attachment-thumbnail size-thumbnail\" alt=\"\" aria-describedby=\"gallery-1-2890\" \/><\/a>\n\t\t\t<\/dt>\n\t\t\t\t<dd class='wp-caption-text gallery-caption' id='gallery-1-2890'>\n\t\t\t\tdettaglio architettonico in progetto\n\t\t\t\t<\/dd><\/dl>\n\t\t\t<br style='clear: both' \/>\n\t\t<\/div>\n\n<p style=\"text-align: justify;\"><strong>Ci siamo quasi. Un sogno che sta per diventare realt\u00e0. Il bando di gara \u00e8 stato pubblicato (finalmente). Un altro omaggio alla Cultura e alla Citt\u00e0 di Ventimiglia da parte dell&#8217;ex Amministrazione Scullino:\u00a0i lavori di riqualificazione e recupero del Chiostro di S. Agostino.<\/strong><\/p>\n<p style=\"text-align: justify;\">L&#8217;importo complessivo dei lavori a base di gara \u00e8 <span style=\"font-family: Times New Roman;\"><b><span style=\"font-family: Times New Roman;\">\u20ac 654.000,00, oltre IVA, <\/span><\/b><span style=\"font-family: Times New Roman;\">i tempi di consegna concessi paiono eccessivi, comunque sono <\/span><\/span>540\u00a0giorni naturali e consecutivi decorrenti dalla data di consegna dei lavori. Le offerte possono essere presentate entro il 28 ottobre 2013, speriamo che la burocrazia consenta la consegna del cantiere per la fine dell&#8217;anno.<!--more--><\/p>\n<p style=\"text-align: justify;\">I progettisti sono i bravissimi architetti\u00a0Aldo Panetta e\u00a0Alessandro Liotta. Le foto sopra riportate permettono di immaginare lo stato dell&#8217;opera al termine dei lavori.<\/p>\n<p style=\"text-align: justify;\">Quando era nata l&#8217;idea di riportare all&#8217;antico splendore il chiostro di S. Agostino, qualcuno aveva tentato di fomentare litigi e di distorcere la realt\u00e0 dei fatti. Si era anche provato a dire\u00a0che l&#8217;Amministrazione voleva creare spazi commerciali all&#8217;interno del chiostro o che voleva togliere spazi utili alla parrocchia di S. Agostino (che ringraziamo pubblicamente per la pazienza e collaborazione sempre data). Nulla di tutto ci\u00f2, certo spesso se si vuole amministrare per il bene comune si devono fare scelte anche dolorose o impopolari ma necessarie. <strong><\/strong><\/p>\n<p style=\"text-align: justify;\"><strong>Vediamo\u00a0cosa prevede il progetto che presto verr\u00e0 attuato:<\/strong><\/p>\n<p style=\"text-align: justify;\">&#8211; Riqualificazione e valorizzazione del complesso di Sant\u2019Agostino attraverso la demolizione dei volumi ad un piano fuori terra (salone parrocchiale e deposito commerciale che attualmente soffocano lo spazio aperto centrale ed impediscono la percezione spaziale del monumento) ed attraverso la ricomposizione architettonica dello spazio centrale liberato.<br \/>\n&#8211; Realizzazione di un nuovo salone parrocchiale nell\u2019ampliamento del piano secondo del corpo di fabbrica lato nord-est del complesso di Sant\u2019Agostino.<\/p>\n<p style=\"text-align: justify;\">Una delle tante grandi opere pubbliche pensata, progettata, finanziata e messa in cantiere dall&#8217;Amministrazione Scullino. Fatti e non parole. Se avete voglia di scoprire\u00a0le previste principali opere\u00a0in progetto,\u00a0vi diamo una sintesi \u00a0di seguito.<\/p>\n<p style=\"text-align: justify;\">Cari saluti a tutti.<\/p>\n<p style=\"text-align: justify;\">24 settembre 2013 &#8211; Gaetano Scullino<\/p>\n<p style=\"text-align: justify;\">\u00a0<\/p>\n<p style=\"text-align: justify;\"><strong>Le opere principali previste sono:<\/strong><br \/>\n&#8211; la sistemazione a giardino delle superfici liberate all\u2019interno del chiostro con la creazione di un grande prato;<br \/>\n&#8211; la realizzazione della \u201cfacciata nuova\u201d (struttura in acciaio, pavimento e schermatura in legno) sul lato sud del chiostro che si pone come sfondo visuale verso Via Cavour, schermando parzialmente il disorganico insieme di volumi retrostanti e restituendo un ordine architettonico e geometrico al complesso;<br \/>\n&#8211; il restauro delle volte e delle murature intonacate e dei pilastri in mattoni a vista del porticato, la pavimentazione del porticato e le copertine dei muretti in lastre di ardesia;<br \/>\n&#8211; l\u2019installazione di un nuovo impianto d\u2019illuminazione del porticato del chiostro (corpi illuminanti a parete) e del giardino (corpi illuminanti alloggiati nella facciata nuova);<br \/>\n&#8211; la costruzione di un nuovo volume in ampliamento del piano secondo del corpo di fabbrica lato nord-est del complesso di Sant\u2019Agostino in cui saranno ospitate le funzioni oggi contenute nei volumi demoliti della parrocchia. La sopraelevazione sar\u00e0 realizzata con struttura in c.a. (cordoli, travi e pilastri), solaio latorocementizio, struttura di copertura in legno lamellare (capriate, puntoni, trave di colmo), muri perimetrali in blocchi di laterizio alveolare, intonaci, pavimenti, rivestimenti, impianti, serramenti e opere di finitura. La porzione d\u2019immobile interessata dall\u2019intervento di sopraelevazione prevede la realizzazione di una serie di interventi di consolidamento strutturale (rinforzo colonne, intonaco armato, rinforzo solaio primo piano, nuova parete portante al primo piano e chiusura di nicchie) con il fine d\u2019accrescere la capacit\u00e0 di resistenza della struttura esistente, nonch\u00e9 della struttura nel suo insieme;<br \/>\n&#8211; la realizzazione di corpo scale (struttura in acciaio, pavimento e schermatura in legno, copertura in zinco) ed ascensore (struttura in c.a.) posizionati nel cortile di servizio posto sul retro del complesso parrocchiale a lato est, funzionali al raggiungimento sia del nuovo salone parrocchiale al piano secondo sia delle aule di catechismo al piano primo anche in risposta alle normative vigenti (in particolare superamento barriere architettoniche).<\/p>\n<p>&nbsp;<\/p>\n<p>&nbsp;<\/p>\n\t<div class=\"quickshare-container\">\r\n\t<ul class=\"quickshare-text qs-genericons quickshare-small\">\r\n\t\t<li class=\"quickshare-share\">Condividi :<\/li> \r\n\t\t<li><a href=\"https:\/\/facebook.com\/sharer.php?u=https%3A%2F%2Fwww.ventimigliablog.it%2Fblog%2Fliberiamo-il-chiostro-s-agostino-ecco-verra%2F&amp;t=Liberiamo+il+Chiostro+di+S.+Agostino%3A+ecco+come+verr%C3%A0.+<+Ventimigliablog\" target=\"_blank\" title=\"Share on Facebook\"><span class=\"quickshare-facebook\">Facebook<\/span><\/a><\/li>\t\t<li><a href=\"https:\/\/twitter.com\/intent\/tweet?url=https%3A%2F%2Fwww.ventimigliablog.it%2Fblog%2Fliberiamo-il-chiostro-s-agostino-ecco-verra%2F&amp;text=Liberiamo+il+Chiostro+di+S.+Agostino%3A+ecco+come+verr%C3%A0.+<+Ventimigliablog\" target=\"_blank\" title=\"Share on Twitter\"><span class=\"quickshare-twitter\">Twitter<\/span><\/a><\/li>\t\t\t\t\t\t<li><a href=\"https:\/\/plus.google.com\/share?url=https%3A%2F%2Fwww.ventimigliablog.it%2Fblog%2Fliberiamo-il-chiostro-s-agostino-ecco-verra%2F\" target=\"_blank\" title=\"Share on Google+\"><span class=\"quickshare-googleplus\">Google+<\/span><\/a><\/li>\t\t\t\t\t\t\t\t<li><a href=\"mailto:?subject=Ventimigliablog:+Liberiamo+il+Chiostro+di+S.+Agostino%3A+ecco+come+verr%C3%A0.&amp;body=https%3A%2F%2Fwww.ventimigliablog.it%2Fblog%2Fliberiamo-il-chiostro-s-agostino-ecco-verra%2F\" target=\"_blank\" title=\"Share via Email\"><span class=\"quickshare-email\">Email<\/span><\/a><\/li>\t<\/ul>\r\n\t<\/div>\r\n","protected":false},"excerpt":{"rendered":"<p>Ci siamo quasi. Un sogno che sta per diventare realt\u00e0. Il bando di gara \u00e8 stato pubblicato (finalmente). Un altro omaggio alla Cultura e alla Citt\u00e0 di Ventimiglia da parte dell&#8217;ex Amministrazione Scullino:\u00a0i lavori di riqualificazione e recupero del Chiostro &hellip; <a href=\"https:\/\/www.ventimigliablog.it\/blog\/liberiamo-il-chiostro-s-agostino-ecco-verra\/\">Continua a leggere<span class=\"meta-nav\">&rarr;<\/span><\/a><\/p>\n","protected":false},"author":10,"featured_media":0,"comment_status":"open","ping_status":"closed","sticky":false,"template":"","format":"standard","meta":{"ngg_post_thumbnail":0,"footnotes":""},"categories":[3,1,6],"tags":[],"_links":{"self":[{"href":"https:\/\/www.ventimigliablog.it\/blog\/wp-json\/wp\/v2\/posts\/2882"}],"collection":[{"href":"https:\/\/www.ventimigliablog.it\/blog\/wp-json\/wp\/v2\/posts"}],"about":[{"href":"https:\/\/www.ventimigliablog.it\/blog\/wp-json\/wp\/v2\/types\/post"}],"author":[{"embeddable":true,"href":"https:\/\/www.ventimigliablog.it\/blog\/wp-json\/wp\/v2\/users\/10"}],"replies":[{"embeddable":true,"href":"https:\/\/www.ventimigliablog.it\/blog\/wp-json\/wp\/v2\/comments?post=2882"}],"version-history":[{"count":0,"href":"https:\/\/www.ventimigliablog.it\/blog\/wp-json\/wp\/v2\/posts\/2882\/revisions"}],"wp:attachment":[{"href":"https:\/\/www.ventimigliablog.it\/blog\/wp-json\/wp\/v2\/media?parent=2882"}],"wp:term":[{"taxonomy":"category","embeddable":true,"href":"https:\/\/www.ventimigliablog.it\/blog\/wp-json\/wp\/v2\/categories?post=2882"},{"taxonomy":"post_tag","embeddable":true,"href":"https:\/\/www.ventimigliablog.it\/blog\/wp-json\/wp\/v2\/tags?post=2882"}],"curies":[{"name":"wp","href":"https:\/\/api.w.org\/{rel}","templated":true}]}}