{"id":2921,"date":"2013-09-29T23:48:11","date_gmt":"2013-09-29T21:48:11","guid":{"rendered":"http:\/\/www.ventimigliablog.it\/blog\/?p=2921"},"modified":"2013-09-30T10:01:38","modified_gmt":"2013-09-30T08:01:38","slug":"al-concittadino-signor-marco-ballestra","status":"publish","type":"post","link":"https:\/\/www.ventimigliablog.it\/blog\/al-concittadino-signor-marco-ballestra\/","title":{"rendered":"Al mio concittadino, Signor Marco Ballestra"},"content":{"rendered":"<p style=\"text-align: justify;\">Caro Marco,<\/p>\n<p style=\"text-align: justify;\">su XX non mi faccio idee. Non posso sapere se esiste o non esiste la mafia: ne ho una definizione talmente volatile in testa che mi sarebbe complicato dirlo. Credo ci siano dei gruppi di potere che si aggirano per il Ponente, cos\u00ec come credo si aggirino per ogni Citt\u00e0, Provincia, Regione, Stato. Quello di cui posso essere sicuro \u00e8 che la lotta alla mafia non posso farla ne&#8217; io ne&#8217; te ne&#8217; i Commissari (che il Cielo ce ne guardi&#8230;). Se, come dici tu che hai pi\u00f9 esperienza di me, la mafia \u00e8 ovunque, allora \u00e8 inutile chiedere alla Procura o ai Tribunali di darci una mano: saranno loro i primi ad essere corrotti. Dobbiamo trovare un altro sistema. <!--more-->L&#8217;unico sistema che mi viene in mente \u00e8 la creazione, urgente, di ricchezza, intelligenza, posti di lavoro che possano tenere qui i giovani donne e uomini Ventimigliesi, quelli che ora trovano pi\u00f9 facile andarsene. Dobbiamo eliminare da questa citt\u00e0 l&#8217;idea che il potente di turno pu\u00f2 garantirci la sopravvivenza con uno stipendio pubblico da fame guadagnandone, allo stesso tempo, eterna riconoscenza. Dobbiamo pensare che la lotta alla mafia si fa tutti i giorni portando un euro in pi\u00f9 in questa citt\u00e0. Dobbiamo pensare che tutte le volte che un giovane promettente se ne va da questa citt\u00e0, abbiamo accresciuto il potere della mafia.<\/p>\n<p style=\"text-align: justify;\">Oppure possiamo continuare a sparare cazzate contro &#8220;gli altri&#8221;, far sciogliere i Consigli Comunali, farci gli sgambetti ed i dispettini, essere &#8220;i giusti&#8221; della situazione, arrestare il boss di turno. In fondo, non siamo troppo lontani da chi \u00a0fa cadere i governi, aumenta l&#8217;IVA e manda a &#8230;&#8230;&#8230;. quel poco che ci resta.<\/p>\n<p style=\"text-align: justify;\">28 settembre 2013 &#8211; Albino Dicerto<\/p>\n\t<div class=\"quickshare-container\">\r\n\t<ul class=\"quickshare-text qs-genericons quickshare-small\">\r\n\t\t<li class=\"quickshare-share\">Condividi :<\/li> \r\n\t\t<li><a href=\"https:\/\/facebook.com\/sharer.php?u=https%3A%2F%2Fwww.ventimigliablog.it%2Fblog%2Fal-concittadino-signor-marco-ballestra%2F&amp;t=Al+mio+concittadino%2C+Signor+Marco+Ballestra+<+Ventimigliablog\" target=\"_blank\" title=\"Share on Facebook\"><span class=\"quickshare-facebook\">Facebook<\/span><\/a><\/li>\t\t<li><a href=\"https:\/\/twitter.com\/intent\/tweet?url=https%3A%2F%2Fwww.ventimigliablog.it%2Fblog%2Fal-concittadino-signor-marco-ballestra%2F&amp;text=Al+mio+concittadino%2C+Signor+Marco+Ballestra+<+Ventimigliablog\" target=\"_blank\" title=\"Share on Twitter\"><span class=\"quickshare-twitter\">Twitter<\/span><\/a><\/li>\t\t\t\t\t\t<li><a href=\"https:\/\/plus.google.com\/share?url=https%3A%2F%2Fwww.ventimigliablog.it%2Fblog%2Fal-concittadino-signor-marco-ballestra%2F\" target=\"_blank\" title=\"Share on Google+\"><span class=\"quickshare-googleplus\">Google+<\/span><\/a><\/li>\t\t\t\t\t\t\t\t<li><a href=\"mailto:?subject=Ventimigliablog:+Al+mio+concittadino%2C+Signor+Marco+Ballestra&amp;body=https%3A%2F%2Fwww.ventimigliablog.it%2Fblog%2Fal-concittadino-signor-marco-ballestra%2F\" target=\"_blank\" title=\"Share via Email\"><span class=\"quickshare-email\">Email<\/span><\/a><\/li>\t<\/ul>\r\n\t<\/div>\r\n","protected":false},"excerpt":{"rendered":"<p>Caro Marco, su XX non mi faccio idee. Non posso sapere se esiste o non esiste la mafia: ne ho una definizione talmente volatile in testa che mi sarebbe complicato dirlo. Credo ci siano dei gruppi di potere che si &hellip; <a href=\"https:\/\/www.ventimigliablog.it\/blog\/al-concittadino-signor-marco-ballestra\/\">Continua a leggere<span class=\"meta-nav\">&rarr;<\/span><\/a><\/p>\n","protected":false},"author":12,"featured_media":0,"comment_status":"open","ping_status":"closed","sticky":false,"template":"","format":"standard","meta":{"ngg_post_thumbnail":0,"footnotes":""},"categories":[1],"tags":[],"_links":{"self":[{"href":"https:\/\/www.ventimigliablog.it\/blog\/wp-json\/wp\/v2\/posts\/2921"}],"collection":[{"href":"https:\/\/www.ventimigliablog.it\/blog\/wp-json\/wp\/v2\/posts"}],"about":[{"href":"https:\/\/www.ventimigliablog.it\/blog\/wp-json\/wp\/v2\/types\/post"}],"author":[{"embeddable":true,"href":"https:\/\/www.ventimigliablog.it\/blog\/wp-json\/wp\/v2\/users\/12"}],"replies":[{"embeddable":true,"href":"https:\/\/www.ventimigliablog.it\/blog\/wp-json\/wp\/v2\/comments?post=2921"}],"version-history":[{"count":0,"href":"https:\/\/www.ventimigliablog.it\/blog\/wp-json\/wp\/v2\/posts\/2921\/revisions"}],"wp:attachment":[{"href":"https:\/\/www.ventimigliablog.it\/blog\/wp-json\/wp\/v2\/media?parent=2921"}],"wp:term":[{"taxonomy":"category","embeddable":true,"href":"https:\/\/www.ventimigliablog.it\/blog\/wp-json\/wp\/v2\/categories?post=2921"},{"taxonomy":"post_tag","embeddable":true,"href":"https:\/\/www.ventimigliablog.it\/blog\/wp-json\/wp\/v2\/tags?post=2921"}],"curies":[{"name":"wp","href":"https:\/\/api.w.org\/{rel}","templated":true}]}}