{"id":293,"date":"2012-10-25T14:45:13","date_gmt":"2012-10-25T12:45:13","guid":{"rendered":"http:\/\/www.ventimigliablog.it\/blog\/?p=293"},"modified":"2012-11-05T14:04:08","modified_gmt":"2012-11-05T13:04:08","slug":"la-passerella-ciclo-pedonale-di-collegamento-delle-passeggiate-mare-tra-camporosso-e-ventimiglia-rischia-di-non-essere-mai-piu-realizzata-cosa-ne-pensate","status":"publish","type":"post","link":"https:\/\/www.ventimigliablog.it\/blog\/la-passerella-ciclo-pedonale-di-collegamento-delle-passeggiate-mare-tra-camporosso-e-ventimiglia-rischia-di-non-essere-mai-piu-realizzata-cosa-ne-pensate\/","title":{"rendered":"LA PASSERELLA CICLO PEDONALE DI COLLEGAMENTO DELLE PASSEGGIATE MARE DI CAMPOROSSO E VENTIMIGLIA RISCHIA DI NON ESSERE MAI PIU\u2019 REALIZZATA: COSA NE PENSATE?"},"content":{"rendered":"<p>Alla data di insediamo della Commissione straordinaria, tra le tantissime opere pubbliche gi\u00e0 approvate e finanziate, la Commissione straordinaria ha trovato la passerella ciclo pedonale di collegamento della passeggiata mare di Ventimiglia con quella di Camporosso. Il progetto portato avanti con il Comune di Camporosso, sotto la regia della Regione Liguria, che finanziava l\u2019opera all\u2019ottanta per cento, aveva avuto un lunghissimo iter, iniziato nel 2009. \u00a0I due Comuni credevano fortemente nell\u2019importanza di quest\u2019opera, sia per i turisti che per i cittadini, ma nel contempo volevano un progetto che fosse compatibile con l\u2019ambiente ed il paesaggio, tenendo in particolare modo alla tutela della zona faunistica esistente, appunto, alla foce del Nervia. Il tutto senza rinunciare ad un ponte che fosse percorribile in bici e, solo in caso di emergenza (in caso di inutilizzabilit\u00e0 dell\u2019attuale ponte carrabile sul Nervia), anche dai mezzi di soccorso, mai per la normale viabilit\u00e0.<!--more--><\/p>\n<p>Dopo i doverosi approfondimenti e studi appositamente richiesti dal Comune di Ventimiglia e Camporosso, ad esperti per la tutela dell\u2019ambiente ed in modo particolare della fauna esistente, il progetto aveva avuto il via libera e la realizzazione di quest\u2019importantissima opera, di cui si parla da decenni, sembrava prossima, la gara ed i lavori doveva essere effettuati nel \u00a02012.<\/p>\n<p>Il Secolo XIX del 7 ottobre 2012 ha scritto un articolo il cui titolo era: &#8220;Il commissario straordinario boccia la passerella sul Nervia&#8221;, ed ha riportato tra virgolette una frase attribuita al Dott. Giovanni Bruno, prefetto e commissario straordinario a Ventimiglia che diceva: \u00abNon scherziamo. L\u00ec c\u2019\u00e8 un\u2019area importantissima, che va valorizzata e salvaguardata. Non dico che si debba autorizzare solo una passerella come quelle del Tibet, ma insomma&#8230; Serve un progetto nuovo, con materiali compatibili con l\u2019importanza della zona faunistica, una struttura leggera attraversabile a piedi o tenendo in mano la bicicletta, che non crei scompensi di tipo ambientale. Fare un ponte carrozzabile come quello previsto, per forza di cose l\u2019area verrebbe stravolta\u00bb. Continuava la giornalista che aveva scritto l\u2019articolo dicendo:\u00a0 \u201cMorale, se davvero si vuole proseguire nel progetto di collegamento delle passeggiate a mare di Camporosso e Ventimiglia, auspicato da tutti anche nell\u2019ottica di un rilancio turistico, il vecchio progetto, frutto di una serie di trattative nelle quali ha avuto un ruolo fondamentale l\u2019ex sindaco Gaetano Scullino, \u00e8 destinato a finire nel cestino. Occorre un progetto nuovo, che dovr\u00e0 ripassar al vaglio dei vari enti \u00a0interessati.\u201d<\/p>\n<p>Chiss\u00e0 cosa ne pensano i cittadini di Ventimiglia e Camporosso. Certo \u00e8 molto strano, anche se rispettabile, che il Prefetto Bruno abbia espresso una chiusura tale ad un progetto cos\u00ec importante che i cittadini attendevano da decenni. Strano perch\u00e9 il progetto non \u00e8 stato stoppato per un motivo giuridico ma solo per una valutazione personale,\u00a0magari condivisa da molti, certamente autorevole, ma sempre personale e\u00a0palesemente contraria a quella espressa da due amministrazioni comunali e da altri enti ed amministrazioni, tra cui quella regionale e provinciale, che rappresentano il mandato elettorale di moltissimi cittadini elettori. \u00a0\u00a0\u00a0\u00a0\u00a0<\/p>\n<p>Sarebbe utile capirne di pi\u00f9, anche perch\u00e9 spesso il passaparola, anche attraverso i mezzi di comunicazione, stravolge i pensieri espressi e le effettive volont\u00e0. La passarella era stata studiata ed approvata, anche da esperti ambientalisti, in modo che fosse compatibile con l\u2019area faunistica del Nervia (sino ad oggi purtroppo malcurata e male gestita,\u00a0invasa da\u00a0pantegane di ogni genere\u00a0e rumenta varia, in cui le poche specie rare di uccelli \u2013 forse una &#8211; esistenti non sono sufficientemente apprezzate e conosciute). Anzi il progetto prevedeva una maggiore valorizzazione dell&#8217;area del Nervia, anche ampliando le zone umide, consentendo una maggiore attenzione alla stessa.<\/p>\n<p>Pazienza, ben vengano nuove idee e varianti al progetto,\u00a0purch\u00e9 si proceda e rapidamente. Attenzione per\u00f2 che in Italia quando un opera cos\u00ec importante si ferma rischia di bloccarsi per sempre!<\/p>\n<p>Ripetiamo, chiss\u00e0 cosa ne pensano i cittadini, i turisti e gli ambientalisti non ipocriti.<\/p>\n<p>25 ottobre 2012\u00a0 &#8211;\u00a0Dallo staff di Ventimigliablog<\/p>\n<p>&nbsp;<\/p>\n\t<div class=\"quickshare-container\">\r\n\t<ul class=\"quickshare-text qs-genericons quickshare-small\">\r\n\t\t<li class=\"quickshare-share\">Condividi :<\/li> \r\n\t\t<li><a href=\"https:\/\/facebook.com\/sharer.php?u=https%3A%2F%2Fwww.ventimigliablog.it%2Fblog%2Fla-passerella-ciclo-pedonale-di-collegamento-delle-passeggiate-mare-tra-camporosso-e-ventimiglia-rischia-di-non-essere-mai-piu-realizzata-cosa-ne-pensate%2F&amp;t=LA+PASSERELLA+CICLO+PEDONALE+DI+COLLEGAMENTO+DELLE+PASSEGGIATE+MARE+DI+CAMPOROSSO+E+VENTIMIGLIA+RISCHIA+DI+NON+ESSERE+MAI+PIU%E2%80%99+REALIZZATA%3A+COSA+NE+PENSATE%3F+<+Ventimigliablog\" target=\"_blank\" title=\"Share on Facebook\"><span class=\"quickshare-facebook\">Facebook<\/span><\/a><\/li>\t\t<li><a href=\"https:\/\/twitter.com\/intent\/tweet?url=https%3A%2F%2Fwww.ventimigliablog.it%2Fblog%2Fla-passerella-ciclo-pedonale-di-collegamento-delle-passeggiate-mare-tra-camporosso-e-ventimiglia-rischia-di-non-essere-mai-piu-realizzata-cosa-ne-pensate%2F&amp;text=LA+PASSERELLA+CICLO+PEDONALE+DI+COLLEGAMENTO+DELLE+PASSEGGIATE+MARE+DI+CAMPOROSSO+E+VENTIMIGLIA+RISCHIA+DI+NON+ESSERE+MAI+PIU%E2%80%99+REALIZZATA%3A+COSA+NE+PENSATE%3F+<+Ventimigliablog\" target=\"_blank\" title=\"Share on Twitter\"><span class=\"quickshare-twitter\">Twitter<\/span><\/a><\/li>\t\t\t\t\t\t<li><a href=\"https:\/\/plus.google.com\/share?url=https%3A%2F%2Fwww.ventimigliablog.it%2Fblog%2Fla-passerella-ciclo-pedonale-di-collegamento-delle-passeggiate-mare-tra-camporosso-e-ventimiglia-rischia-di-non-essere-mai-piu-realizzata-cosa-ne-pensate%2F\" target=\"_blank\" title=\"Share on Google+\"><span class=\"quickshare-googleplus\">Google+<\/span><\/a><\/li>\t\t\t\t\t\t\t\t<li><a href=\"mailto:?subject=Ventimigliablog:+LA+PASSERELLA+CICLO+PEDONALE+DI+COLLEGAMENTO+DELLE+PASSEGGIATE+MARE+DI+CAMPOROSSO+E+VENTIMIGLIA+RISCHIA+DI+NON+ESSERE+MAI+PIU%E2%80%99+REALIZZATA%3A+COSA+NE+PENSATE%3F&amp;body=https%3A%2F%2Fwww.ventimigliablog.it%2Fblog%2Fla-passerella-ciclo-pedonale-di-collegamento-delle-passeggiate-mare-tra-camporosso-e-ventimiglia-rischia-di-non-essere-mai-piu-realizzata-cosa-ne-pensate%2F\" target=\"_blank\" title=\"Share via Email\"><span class=\"quickshare-email\">Email<\/span><\/a><\/li>\t<\/ul>\r\n\t<\/div>\r\n","protected":false},"excerpt":{"rendered":"<p>Alla data di insediamo della Commissione straordinaria, tra le tantissime opere pubbliche gi\u00e0 approvate e finanziate, la Commissione straordinaria ha trovato la passerella ciclo pedonale di collegamento della passeggiata mare di Ventimiglia con quella di Camporosso. Il progetto portato avanti &hellip; <a href=\"https:\/\/www.ventimigliablog.it\/blog\/la-passerella-ciclo-pedonale-di-collegamento-delle-passeggiate-mare-tra-camporosso-e-ventimiglia-rischia-di-non-essere-mai-piu-realizzata-cosa-ne-pensate\/\">Continua a leggere<span class=\"meta-nav\">&rarr;<\/span><\/a><\/p>\n","protected":false},"author":10,"featured_media":0,"comment_status":"open","ping_status":"closed","sticky":false,"template":"","format":"standard","meta":{"ngg_post_thumbnail":0,"footnotes":""},"categories":[6,10],"tags":[46,45,44,12,15,14,19],"_links":{"self":[{"href":"https:\/\/www.ventimigliablog.it\/blog\/wp-json\/wp\/v2\/posts\/293"}],"collection":[{"href":"https:\/\/www.ventimigliablog.it\/blog\/wp-json\/wp\/v2\/posts"}],"about":[{"href":"https:\/\/www.ventimigliablog.it\/blog\/wp-json\/wp\/v2\/types\/post"}],"author":[{"embeddable":true,"href":"https:\/\/www.ventimigliablog.it\/blog\/wp-json\/wp\/v2\/users\/10"}],"replies":[{"embeddable":true,"href":"https:\/\/www.ventimigliablog.it\/blog\/wp-json\/wp\/v2\/comments?post=293"}],"version-history":[{"count":0,"href":"https:\/\/www.ventimigliablog.it\/blog\/wp-json\/wp\/v2\/posts\/293\/revisions"}],"wp:attachment":[{"href":"https:\/\/www.ventimigliablog.it\/blog\/wp-json\/wp\/v2\/media?parent=293"}],"wp:term":[{"taxonomy":"category","embeddable":true,"href":"https:\/\/www.ventimigliablog.it\/blog\/wp-json\/wp\/v2\/categories?post=293"},{"taxonomy":"post_tag","embeddable":true,"href":"https:\/\/www.ventimigliablog.it\/blog\/wp-json\/wp\/v2\/tags?post=293"}],"curies":[{"name":"wp","href":"https:\/\/api.w.org\/{rel}","templated":true}]}}