{"id":2939,"date":"2013-10-01T23:49:35","date_gmt":"2013-10-01T21:49:35","guid":{"rendered":"http:\/\/www.ventimigliablog.it\/blog\/?p=2939"},"modified":"2013-10-02T13:18:54","modified_gmt":"2013-10-02T11:18:54","slug":"province-comitati-quartiere","status":"publish","type":"post","link":"https:\/\/www.ventimigliablog.it\/blog\/province-comitati-quartiere\/","title":{"rendered":"Province e comitati di quartiere"},"content":{"rendered":"<p style=\"text-align: justify;\">Bene, ormai sulla via della salvezza il governo, cade la provincia. Poco male, il cambio ci sta. Da persona poco informata, tenuto conto che il balletto &#8220;province si&#8221; &#8220;province no&#8221; \u00e8 andato avanti per mesi (anni?) mi pare di intendere che con oggi si sia conclusa definitivamente l&#8217;avventura della Provincia di Imperia. Saremo accorpati ad altre Province? Cuneo? Savona? Saremo ceduti alla Cote d&#8217;Azur? Lascio ogni commento a chi ne sa pi\u00f9 di me e pu\u00f2 darci qualche spiegazione maggiore.<!--more--><\/p>\n<p style=\"text-align: justify;\">La mia idea &#8211; idea che sto cercando di formalizzare nel mio programma elettorale &#8211; \u00e8 che il principio di sussidiariet\u00e0 debba avere sempre pi\u00f9 spazio: sinteticamente, se un ente che sta pi\u00f9 vicino al cittadino \u00e8 capace di soddisfare un bisogno allora l&#8217;ente che sta pi\u00f9 lontano deve farsi da parte. In questo senso, il mio governo della citt\u00e0 prevede la possibilit\u00e0 per i comitati di quartiere di &#8220;strutturarsi&#8221; e ricevere budget da gestire nell&#8217;ambito del proprio territorio. Resteranno al Comune le incombenze generali e trasversali. Devo ancora capire qual&#8217;\u00e8 il meccanismo migliore per ripartire le risorse e definire quali devono essere le caratteristiche del comitato di quartiere. Un minimo di struttura deve esserci, ovviamente. Non si possono buttare via i soldi dei cittadini ma \u00e8 fondamentale che i cittadini si sentano responsabilizzati e agiscano di conseguenza. Tutti i quartieri cercaranno di fare il meglio possibile, una sana competizione non potr\u00e0 che produrre interessantissimi vantaggi per la collettivit\u00e0.<\/p>\n<p style=\"text-align: justify;\">1 ottobre 2013 &#8211; Albino Dicerto<\/p>\n\t<div class=\"quickshare-container\">\r\n\t<ul class=\"quickshare-text qs-genericons quickshare-small\">\r\n\t\t<li class=\"quickshare-share\">Condividi :<\/li> \r\n\t\t<li><a href=\"https:\/\/facebook.com\/sharer.php?u=https%3A%2F%2Fwww.ventimigliablog.it%2Fblog%2Fprovince-comitati-quartiere%2F&amp;t=Province+e+comitati+di+quartiere+<+Ventimigliablog\" target=\"_blank\" title=\"Share on Facebook\"><span class=\"quickshare-facebook\">Facebook<\/span><\/a><\/li>\t\t<li><a href=\"https:\/\/twitter.com\/intent\/tweet?url=https%3A%2F%2Fwww.ventimigliablog.it%2Fblog%2Fprovince-comitati-quartiere%2F&amp;text=Province+e+comitati+di+quartiere+<+Ventimigliablog\" target=\"_blank\" title=\"Share on Twitter\"><span class=\"quickshare-twitter\">Twitter<\/span><\/a><\/li>\t\t\t\t\t\t<li><a href=\"https:\/\/plus.google.com\/share?url=https%3A%2F%2Fwww.ventimigliablog.it%2Fblog%2Fprovince-comitati-quartiere%2F\" target=\"_blank\" title=\"Share on Google+\"><span class=\"quickshare-googleplus\">Google+<\/span><\/a><\/li>\t\t\t\t\t\t\t\t<li><a href=\"mailto:?subject=Ventimigliablog:+Province+e+comitati+di+quartiere&amp;body=https%3A%2F%2Fwww.ventimigliablog.it%2Fblog%2Fprovince-comitati-quartiere%2F\" target=\"_blank\" title=\"Share via Email\"><span class=\"quickshare-email\">Email<\/span><\/a><\/li>\t<\/ul>\r\n\t<\/div>\r\n","protected":false},"excerpt":{"rendered":"<p>Bene, ormai sulla via della salvezza il governo, cade la provincia. Poco male, il cambio ci sta. Da persona poco informata, tenuto conto che il balletto &#8220;province si&#8221; &#8220;province no&#8221; \u00e8 andato avanti per mesi (anni?) mi pare di intendere &hellip; <a href=\"https:\/\/www.ventimigliablog.it\/blog\/province-comitati-quartiere\/\">Continua a leggere<span class=\"meta-nav\">&rarr;<\/span><\/a><\/p>\n","protected":false},"author":12,"featured_media":0,"comment_status":"open","ping_status":"closed","sticky":false,"template":"","format":"standard","meta":{"ngg_post_thumbnail":0,"footnotes":""},"categories":[1],"tags":[],"_links":{"self":[{"href":"https:\/\/www.ventimigliablog.it\/blog\/wp-json\/wp\/v2\/posts\/2939"}],"collection":[{"href":"https:\/\/www.ventimigliablog.it\/blog\/wp-json\/wp\/v2\/posts"}],"about":[{"href":"https:\/\/www.ventimigliablog.it\/blog\/wp-json\/wp\/v2\/types\/post"}],"author":[{"embeddable":true,"href":"https:\/\/www.ventimigliablog.it\/blog\/wp-json\/wp\/v2\/users\/12"}],"replies":[{"embeddable":true,"href":"https:\/\/www.ventimigliablog.it\/blog\/wp-json\/wp\/v2\/comments?post=2939"}],"version-history":[{"count":0,"href":"https:\/\/www.ventimigliablog.it\/blog\/wp-json\/wp\/v2\/posts\/2939\/revisions"}],"wp:attachment":[{"href":"https:\/\/www.ventimigliablog.it\/blog\/wp-json\/wp\/v2\/media?parent=2939"}],"wp:term":[{"taxonomy":"category","embeddable":true,"href":"https:\/\/www.ventimigliablog.it\/blog\/wp-json\/wp\/v2\/categories?post=2939"},{"taxonomy":"post_tag","embeddable":true,"href":"https:\/\/www.ventimigliablog.it\/blog\/wp-json\/wp\/v2\/tags?post=2939"}],"curies":[{"name":"wp","href":"https:\/\/api.w.org\/{rel}","templated":true}]}}