{"id":2955,"date":"2013-10-02T22:32:36","date_gmt":"2013-10-02T20:32:36","guid":{"rendered":"http:\/\/www.ventimigliablog.it\/blog\/?p=2955"},"modified":"2013-10-03T12:56:17","modified_gmt":"2013-10-03T10:56:17","slug":"mostro-esiste-ventimiglia-ha-tre-teste-la-civitas","status":"publish","type":"post","link":"https:\/\/www.ventimigliablog.it\/blog\/mostro-esiste-ventimiglia-ha-tre-teste-la-civitas\/","title":{"rendered":"Un mostro esiste a Ventimiglia, ha tre teste e non \u00e8 la Civitas"},"content":{"rendered":"<p style=\"text-align: justify;\" align=\"justify\">Come abbiamo avuto modo gi\u00e0 di sottolineare, quando all\u2019ignoranza in materia si aggiunge l\u2019arroganza il risultato di quanto detto non pu\u00f2 che essere distorto, irreale e farneticante.<\/p>\n<div id=\"attachment_2956\" style=\"width: 198px\" class=\"wp-caption alignleft\"><a href=\"http:\/\/www.ventimigliablog.it\/blog\/wp-content\/uploads\/2013\/10\/mostro-simpatico-con-tre-teste.jpg\"><img loading=\"lazy\" decoding=\"async\" aria-describedby=\"caption-attachment-2956\" class=\"size-full wp-image-2956\" alt=\"Il simpatico mostro\" src=\"http:\/\/www.ventimigliablog.it\/blog\/wp-content\/uploads\/2013\/10\/mostro-simpatico-con-tre-teste.jpg\" width=\"188\" height=\"268\" \/><\/a><p id=\"caption-attachment-2956\" class=\"wp-caption-text\">Il simpatico mostro<\/p><\/div>\n<p style=\"text-align: justify;\">Non ci aspettavamo che dei Commissari straordinari potessero arrivare a tanto, che potessero giungere a dei risultati cos\u00ec fuorvianti e offensivi come quelli a cui sono giunti analizzando la situazione fiscale e contabile della Civitas. Capisco la difficolt\u00e0 a comprendere\u00a0 tematiche certamente difficili, spero solo che siano stati errori interpretativi fatti in buona fede, anche se divulgati in modo troppo plateale, convocando una conferenza stampa; strano per dei Commissari.<\/p>\n<p style=\"text-align: justify;\" align=\"justify\">In particolare un Commissario, i giornali dicono che sia Aversa, ha strafatto, ed \u00e8 giunto a delle conclusioni che non fanno onore a chi istituzionalmente dovrebbe ricoprire detto ruolo con imparzialit\u00e0 e distacco.<!--more--><\/p>\n<p style=\"text-align: justify;\" align=\"justify\">Probabilmente era stato infastidito, in precedenza, da alcune critiche fatte sul nostro blog, da lui infatti citato, e quindi ha vomitato una serie di affermazioni di cui dovr\u00e0 rispondere a seguito della querela che i nostri avvocati stanno preparando. Poi vedremo se i numeri sono numeri, come lui dice, e se i numeri, quelli veri, lui li ha letti male. Speriamo che non si arrabbi troppo, \u00e8 sufficiente che faccia valere le Sue ragioni e i suoi numeri in Tribunale, noi siamo sicuri dei nostri numeri che dicono che Civitas non \u00e8 una societ\u00e0 basata sui debiti, sul malaffare e quant\u2019altro \u00e8 stato offensivamente detto. E poi leggeremo il loro bilancio, quello che hanno chiuso e approvato dopo ben 20 mesi di loro gestione, in ritardo non badando ai termini di legge. La verit\u00e0 uscir\u00e0 e parler\u00e0 da sola. Noi non prendiamo in giro i cittadini di Ventimiglia, perch\u00e9 noi continueremo a vivere a Ventimiglia. Non abbiamo paura di assumerci le responsabilit\u00e0 di ci\u00f2 che abbiamo fatto, come \u00e8 evidente che anche i Signori Commissari se faranno danni ne risponderanno.<\/p>\n<p style=\"text-align: justify;\" align=\"justify\">Perch\u00e9 non pubblicate, Signori Commissari, il Vostro bilancio Civitas al 31 dicembre 2012 sul sito del Comune? Sarebbe utile per poterci difendere, vedere cosa avete fatto Voi!<\/p>\n<p style=\"text-align: justify;\" align=\"justify\">Gli accertamenti fiscali hanno il compito di tentare di recuperare a tassazione tutto il possibile e spesso l&#8217;impossibile. Il contribuente, nel caso di specie la Civitas, si dovrebbe difendere e poi dei giudici, imparziali, diranno chi ha ragione, noi riteniamo che non sia corretto dire che si debba pagare l\u2019IVA sul rimborso del costo del personale in distacco, distacco che la Civitas ha subito e che \u00e8 stato formalizzato dal Comune a tutela e su richiesta dei lavoratori e dei sindacati. L&#8217;Agenzia delle Entrate sostiene il contrario. Vedremo.<\/p>\n<p style=\"text-align: justify;\" align=\"justify\">Per quanto riguarda i soldi per i lavori promessi, non sono debiti e sarebbe stato sufficiente, come lo \u00e8 ancora, ma i Signori Commissari non accettano consigli, continuare la gestione del contratto di servizio in essere con il Comune sino alla scadenza naturale (2018). I Commissari forse non hanno ancora capito che nel canone di euro 525.000 annui che il Comune paga alla Civitas, vi \u00e8 una quota di circa 262.000 euro programmata per far fronte, in dieci anni, ai\u00a0lavori dei 2.000.000 a cui si riferiscono, dovrebbero solo leggere i documenti ufficiali, 262.000 X 7 anni (dal 2012 al 2018) = 1.834.000,00, per i ponti e i sottopassi servono\u00a01.500.000, il resto avanza, \u00e9 un utile.<\/p>\n<p style=\"text-align: justify;\" align=\"justify\">Infine, quando si guardano i debiti bancari occorre anche guardare i crediti bancari e verso il Comune. Consigliamo quindi ai Signori Commissari di guardare la loro contabilit\u00e0, i loro bilanci approvati e si dovrebbero rendere conto che non esiste la situazione debitoria che loro credono, se sono in buona fede, esista. I numeri sono numeri, bisogna solo saperli leggere. Sono convinto che i Vostri consulenti li abbiano letti bene, Voi no.<\/p>\n<p style=\"text-align: justify;\" align=\"justify\">2 ottobre 2013 &#8211; Marco Prestileo<\/p>\n<p style=\"text-align: justify;\" align=\"justify\">P.S. Se qualcuno si sentisse offeso da questo articolo deve solo segnalarcelo e noi provvederemo di conseguenza. Non vi \u00e8 comunque intenzione di offendere nessuno, anche se siamo stati offesi ingiustamente. Non serve\u00a0neanche querelarmi,\u00a0perch\u00e8 facendolo io dovete solo far valere le Vostre ragioni. Sono naturalmente disposto a confrontarmi tecnicamente con i Vostri professionisti se dovesse servire, solo per spiegare le nostre ragioni e non per imporle, comunque fate quello che volete, comandate Voi. Non potete per\u00f2 sperare di\u00a0imporVi con la forza, di condizionarmi,\u00a0di\u00a0arrestare la\u00a0verit\u00e0. Non posso accettare prepotenze e angherie simili, da nessuno,\u00a0ho gi\u00e0 detto una volte, su questo sito,\u00a0fanculo alla mafia e oggi non\u00a0voglio\u00a0ripeterlo\u00a0verso altri soggetti,\u00a0io ho rispetto delle Istituzioni anche se a volte alcuni rappresentanti delle stesse non lo meriterebbero. Siate superiori a me,\u00a0con un po&#8217; di pazienza, cercate di riguardarVi i numeri che avete dato e se Vi fosse qualcosa di errato in quello che avete detto,\u00a0corregeteVi, non ci sarebbe nulla di male, anzi&#8230;&#8230;.Voi rappresentate\u00a0le Istituzioni e non voi stessi.<\/p>\n\t<div class=\"quickshare-container\">\r\n\t<ul class=\"quickshare-text qs-genericons quickshare-small\">\r\n\t\t<li class=\"quickshare-share\">Condividi :<\/li> \r\n\t\t<li><a href=\"https:\/\/facebook.com\/sharer.php?u=https%3A%2F%2Fwww.ventimigliablog.it%2Fblog%2Fmostro-esiste-ventimiglia-ha-tre-teste-la-civitas%2F&amp;t=Un+mostro+esiste+a+Ventimiglia%2C+ha+tre+teste+e+non+%C3%A8+la+Civitas+<+Ventimigliablog\" target=\"_blank\" title=\"Share on Facebook\"><span class=\"quickshare-facebook\">Facebook<\/span><\/a><\/li>\t\t<li><a href=\"https:\/\/twitter.com\/intent\/tweet?url=https%3A%2F%2Fwww.ventimigliablog.it%2Fblog%2Fmostro-esiste-ventimiglia-ha-tre-teste-la-civitas%2F&amp;text=Un+mostro+esiste+a+Ventimiglia%2C+ha+tre+teste+e+non+%C3%A8+la+Civitas+<+Ventimigliablog\" target=\"_blank\" title=\"Share on Twitter\"><span class=\"quickshare-twitter\">Twitter<\/span><\/a><\/li>\t\t\t\t\t\t<li><a href=\"https:\/\/plus.google.com\/share?url=https%3A%2F%2Fwww.ventimigliablog.it%2Fblog%2Fmostro-esiste-ventimiglia-ha-tre-teste-la-civitas%2F\" target=\"_blank\" title=\"Share on Google+\"><span class=\"quickshare-googleplus\">Google+<\/span><\/a><\/li>\t\t\t\t\t\t\t\t<li><a href=\"mailto:?subject=Ventimigliablog:+Un+mostro+esiste+a+Ventimiglia%2C+ha+tre+teste+e+non+%C3%A8+la+Civitas&amp;body=https%3A%2F%2Fwww.ventimigliablog.it%2Fblog%2Fmostro-esiste-ventimiglia-ha-tre-teste-la-civitas%2F\" target=\"_blank\" title=\"Share via Email\"><span class=\"quickshare-email\">Email<\/span><\/a><\/li>\t<\/ul>\r\n\t<\/div>\r\n","protected":false},"excerpt":{"rendered":"<p>Come abbiamo avuto modo gi\u00e0 di sottolineare, quando all\u2019ignoranza in materia si aggiunge l\u2019arroganza il risultato di quanto detto non pu\u00f2 che essere distorto, irreale e farneticante. Non ci aspettavamo che dei Commissari straordinari potessero arrivare a tanto, che potessero &hellip; <a href=\"https:\/\/www.ventimigliablog.it\/blog\/mostro-esiste-ventimiglia-ha-tre-teste-la-civitas\/\">Continua a leggere<span class=\"meta-nav\">&rarr;<\/span><\/a><\/p>\n","protected":false},"author":10,"featured_media":0,"comment_status":"open","ping_status":"closed","sticky":false,"template":"","format":"standard","meta":{"ngg_post_thumbnail":0,"footnotes":""},"categories":[3,1,6],"tags":[],"_links":{"self":[{"href":"https:\/\/www.ventimigliablog.it\/blog\/wp-json\/wp\/v2\/posts\/2955"}],"collection":[{"href":"https:\/\/www.ventimigliablog.it\/blog\/wp-json\/wp\/v2\/posts"}],"about":[{"href":"https:\/\/www.ventimigliablog.it\/blog\/wp-json\/wp\/v2\/types\/post"}],"author":[{"embeddable":true,"href":"https:\/\/www.ventimigliablog.it\/blog\/wp-json\/wp\/v2\/users\/10"}],"replies":[{"embeddable":true,"href":"https:\/\/www.ventimigliablog.it\/blog\/wp-json\/wp\/v2\/comments?post=2955"}],"version-history":[{"count":0,"href":"https:\/\/www.ventimigliablog.it\/blog\/wp-json\/wp\/v2\/posts\/2955\/revisions"}],"wp:attachment":[{"href":"https:\/\/www.ventimigliablog.it\/blog\/wp-json\/wp\/v2\/media?parent=2955"}],"wp:term":[{"taxonomy":"category","embeddable":true,"href":"https:\/\/www.ventimigliablog.it\/blog\/wp-json\/wp\/v2\/categories?post=2955"},{"taxonomy":"post_tag","embeddable":true,"href":"https:\/\/www.ventimigliablog.it\/blog\/wp-json\/wp\/v2\/tags?post=2955"}],"curies":[{"name":"wp","href":"https:\/\/api.w.org\/{rel}","templated":true}]}}