{"id":3055,"date":"2013-10-10T22:34:54","date_gmt":"2013-10-10T20:34:54","guid":{"rendered":"http:\/\/www.ventimigliablog.it\/blog\/?p=3055"},"modified":"2013-10-11T01:19:03","modified_gmt":"2013-10-10T23:19:03","slug":"tassare-piu-i-commercialisti-detassare-i-cittadini","status":"publish","type":"post","link":"https:\/\/www.ventimigliablog.it\/blog\/tassare-piu-i-commercialisti-detassare-i-cittadini\/","title":{"rendered":"Tassare di pi\u00f9 i commercialisti per detassare i cittadini"},"content":{"rendered":"<p style=\"text-align: justify;\">Hihihi, volevo solo attirare l&#8217;attenzione sul prossimo punto del programma elettorale. Mi spiace doverlo consegnare ai cittadini a spizzichi e bocconi ma non riesco proprio a dedicare pi\u00f9 tempo in questo momento.<!--more--> Comunque, l&#8217;idea \u00e8 molto semplice: dobbiamo cominciare a pensare alla nostra spazzatura come una risorsa. Sembra un discorso banale ma, dalla mia esperienza, commercialisti, avvocati e uffici in genere conservano tonnellate di inutile carta che potrebbe essere trasformata in soldi per i cittadini Ventimigliesi: pi\u00f9 ricicliamo, pi\u00f9 la Docks Lanterna guadagna dal riciclo, meno dobbiamo sborsare noi. Il meccanismo \u00e8 in realt\u00e0 un p\u00f2 pi\u00f9 complesso ma molto simile a quello descritto. Allora, obblighiamo i professionisti e gli uffici tutti a riciclare almeno la carta di tutti i giorni e quella che conservano a tonnellate stipate in lugubri cantine: l&#8217;effetto sar\u00e0 un 200-300 euro in pi\u00f9 nelle tasche di ogni cittadino. Semplice no?<\/p>\n<p style=\"text-align: justify;\">10 ottobre 2013 &#8211; Albino Dicerto<\/p>\n<p style=\"text-align: justify;\">\n\t<div class=\"quickshare-container\">\r\n\t<ul class=\"quickshare-text qs-genericons quickshare-small\">\r\n\t\t<li class=\"quickshare-share\">Condividi :<\/li> \r\n\t\t<li><a href=\"https:\/\/facebook.com\/sharer.php?u=https%3A%2F%2Fwww.ventimigliablog.it%2Fblog%2Ftassare-piu-i-commercialisti-detassare-i-cittadini%2F&amp;t=Tassare+di+pi%C3%B9+i+commercialisti+per+detassare+i+cittadini+<+Ventimigliablog\" target=\"_blank\" title=\"Share on Facebook\"><span class=\"quickshare-facebook\">Facebook<\/span><\/a><\/li>\t\t<li><a href=\"https:\/\/twitter.com\/intent\/tweet?url=https%3A%2F%2Fwww.ventimigliablog.it%2Fblog%2Ftassare-piu-i-commercialisti-detassare-i-cittadini%2F&amp;text=Tassare+di+pi%C3%B9+i+commercialisti+per+detassare+i+cittadini+<+Ventimigliablog\" target=\"_blank\" title=\"Share on Twitter\"><span class=\"quickshare-twitter\">Twitter<\/span><\/a><\/li>\t\t\t\t\t\t<li><a href=\"https:\/\/plus.google.com\/share?url=https%3A%2F%2Fwww.ventimigliablog.it%2Fblog%2Ftassare-piu-i-commercialisti-detassare-i-cittadini%2F\" target=\"_blank\" title=\"Share on Google+\"><span class=\"quickshare-googleplus\">Google+<\/span><\/a><\/li>\t\t\t\t\t\t\t\t<li><a href=\"mailto:?subject=Ventimigliablog:+Tassare+di+pi%C3%B9+i+commercialisti+per+detassare+i+cittadini&amp;body=https%3A%2F%2Fwww.ventimigliablog.it%2Fblog%2Ftassare-piu-i-commercialisti-detassare-i-cittadini%2F\" target=\"_blank\" title=\"Share via Email\"><span class=\"quickshare-email\">Email<\/span><\/a><\/li>\t<\/ul>\r\n\t<\/div>\r\n","protected":false},"excerpt":{"rendered":"<p>Hihihi, volevo solo attirare l&#8217;attenzione sul prossimo punto del programma elettorale. Mi spiace doverlo consegnare ai cittadini a spizzichi e bocconi ma non riesco proprio a dedicare pi\u00f9 tempo in questo momento.<\/p>\n","protected":false},"author":12,"featured_media":0,"comment_status":"open","ping_status":"closed","sticky":false,"template":"","format":"standard","meta":{"ngg_post_thumbnail":0,"footnotes":""},"categories":[1],"tags":[],"_links":{"self":[{"href":"https:\/\/www.ventimigliablog.it\/blog\/wp-json\/wp\/v2\/posts\/3055"}],"collection":[{"href":"https:\/\/www.ventimigliablog.it\/blog\/wp-json\/wp\/v2\/posts"}],"about":[{"href":"https:\/\/www.ventimigliablog.it\/blog\/wp-json\/wp\/v2\/types\/post"}],"author":[{"embeddable":true,"href":"https:\/\/www.ventimigliablog.it\/blog\/wp-json\/wp\/v2\/users\/12"}],"replies":[{"embeddable":true,"href":"https:\/\/www.ventimigliablog.it\/blog\/wp-json\/wp\/v2\/comments?post=3055"}],"version-history":[{"count":0,"href":"https:\/\/www.ventimigliablog.it\/blog\/wp-json\/wp\/v2\/posts\/3055\/revisions"}],"wp:attachment":[{"href":"https:\/\/www.ventimigliablog.it\/blog\/wp-json\/wp\/v2\/media?parent=3055"}],"wp:term":[{"taxonomy":"category","embeddable":true,"href":"https:\/\/www.ventimigliablog.it\/blog\/wp-json\/wp\/v2\/categories?post=3055"},{"taxonomy":"post_tag","embeddable":true,"href":"https:\/\/www.ventimigliablog.it\/blog\/wp-json\/wp\/v2\/tags?post=3055"}],"curies":[{"name":"wp","href":"https:\/\/api.w.org\/{rel}","templated":true}]}}