{"id":3061,"date":"2013-10-11T12:52:04","date_gmt":"2013-10-11T10:52:04","guid":{"rendered":"http:\/\/www.ventimigliablog.it\/blog\/?p=3061"},"modified":"2013-10-12T17:20:24","modified_gmt":"2013-10-12T15:20:24","slug":"zone-franche-urbane-sogno-diventato-realta-senza-ventimiglia-senza-che-nessuno-si-sia-lamentato","status":"publish","type":"post","link":"https:\/\/www.ventimigliablog.it\/blog\/zone-franche-urbane-sogno-diventato-realta-senza-ventimiglia-senza-che-nessuno-si-sia-lamentato\/","title":{"rendered":"Zone franche urbane: un sogno diventato realt\u00e0 senza Ventimiglia e senza che nessuno si sia lamentato"},"content":{"rendered":"<h1 style=\"text-align: justify;\">Zone franche urbane:\u00a0le regole per fruire dei bonus fiscali e contributivi sono operative ma dopo la forzata caduta dell&#8217;Amministrazione Scullino \u00e8 stata persa un&#8217;occasione irripetibile. E&#8217; inaccettabile e incomprensibile.<\/h1>\n<p style=\"text-align: justify;\"><a href=\"http:\/\/www.ventimigliablog.it\/blog\/wp-content\/uploads\/2013\/10\/zfu.jpg\"><img loading=\"lazy\" decoding=\"async\" class=\"size-full wp-image-3063 alignleft\" alt=\"zfu\" src=\"http:\/\/www.ventimigliablog.it\/blog\/wp-content\/uploads\/2013\/10\/zfu.jpg\" width=\"190\" height=\"265\" \/><\/a>Il Ministero dello Sviluppo economico, con la circolare n. 32024 del 30.09.2013 pubblicata sulla Gazzetta Ufficiale del 9 ottobre, ha illustrato le modalit\u00e0 ed i requisiti per partecipare ai bandi per la fruizione delle esenzioni fiscali e contributive concesse alle piccole e micro imprese delle Zone franche urbane (Zfu) situate nelle regioni individuate dall\u2019Obiettivo convergenza e nei comuni della provincia di Carbonia &#8211; Iglesias, sulla base del decreto del 10 aprile 2013 del Ministero stesso, di concerto con il Ministero dell\u2019Economia e delle Finanze. Gli sconti possono essere conteggiati direttamente dal contribuente al momento dei versamenti con il modello F24 e sono applicabili dal periodo d\u2019imposta di accoglimento dell\u2019istanza. In allegato alla circolare \u00e8 stato reso disponibile l\u2019elenco dettagliato delle zone interessate (Fonte: Fisco Oggi).<!--more--><\/p>\n<p style=\"text-align: justify;\">Vi ricordate quando i soliti oppositori non credevano nell&#8217;iniziativa? Vi ricordate quando dopo l&#8217;ufficiale inserimento di Ventimiglia tra le zone franche urbane, l&#8217;unica del nord Italia, vi era chi anzich\u00e8 gioire\u00a0si lamentava? Vi ricordate quando leggevamo sui quotidiani che il\u00a0Prefetto Dott. Bruno, ex commissario a Ventimiglia, andava a Roma per\u00a0la nostra zona franca urbana? Che fine hanno fatto le recenti richieste di intervento avanzate alla Regione Liguria di cui abbiamo letto a titoli cubitali?<\/p>\n<p style=\"text-align: justify;\">Niente, nessuno ha fatto niente, come al solito solo parole (chi faceva i fatti l&#8217;hanno voluto eliminare dalla scena politica). E tutti noi cosa facciamo? Nulla, tutti in silenzio, ci\u00a0lamentiamo solo un po&#8217; al bar quando leggiamo i giornali solo per criticare qualcuno sulla base della notizia, spesso infondata, che leggiamo. La zona franca urbana era stata una brillante intuizione, una delle tante, portata avanti con successo dall&#8217;Amministrazione Scullino: era stata definitivamente approvata. Poi qualcuno ha voluto cambiare gli scenari della politica in Provincia di Imperia. Fuori dai piedi\u00a0il Ministro,\u00a0scioglimento di Bordighera e Ventimiglia,\u00a0cadute le amministrazioni di Vallecrosia e Imperia sotto spinta delle inchieste giudiziarie (le inchieste sono giuste, sono i processi mediatici che fanno ribrezzo). Tutte amministrazioni di centro destra? E&#8217; una combinazione, oppure \u00e8 il risultato della maggiore probabilit\u00e0 esistente visto che erano la maggior parte di centro destra, oppure \u00e8 la conseguenza di un gene presente negli\u00a0amministratori di centro destra\u00a0. Anche le principali societ\u00e0 pubbliche della Provincia, gestite dal centro destra, sono\u00a0state attenzionate\u00a0per motivi diversi.<\/p>\n<p style=\"text-align: justify;\">Si dovevano rinnovare\u00a0gli organi di amministrazione di uno dei centri di potere economico pi\u00f9 importante della Regione Liguria, la CARIGE, in cui la Provincia di Imperia per statuto ha un peso rilevante, ed \u00e8 arrivata l&#8217;ispezione della Banca d&#8217;Italia e la crisi politica dell&#8217;Amministrazione provinciale.<\/p>\n<p style=\"text-align: justify;\">La mafia a Genova, patria del centro sinistra,\u00a0non esiste. Hanno arrestato e condannato per mafia (l&#8217;unico sino ad ora) il capo della Liguria che abitava e lavorava a Genova, ma a Genova forse c&#8217;era solo lui. Abbiamo avuto dei morti per l&#8217;alluvione di Genova che tutti i giornali dicono potevano essere evitati, il centro sinistra ha cambiato il candidato sindaco e via, tutto a posto. L&#8217;amministrazione regionale, anche questa di centro sinistra,\u00a0ha perso,\u00a0strada facendo, molti dei suoi assessori regionali\u00a0per motivi diversi legati a indagini in corso, ma tutto bene (in Lombardia e nel Lazio, amministrazioni regionali di centro destra, invece si sono sciolte).<\/p>\n<p style=\"text-align: justify;\">Non vi \u00e8 nulla da fare, il gene \u00e8 diverso. Da Ventimiglia a Bordighera, in questo covo di mafiosi, non vi \u00e8 stato un politico di centro sinistra che abbia salutato, senza saperlo e per puro caso, un mafioso. Eppure ho letto, sempre sui giornali, che la famigerata &#8220;locale di Ventiiglia&#8221; era in grado di far eleggere amministratori di centro\u00a0destra e di centro sinistra (ma forse questa \u00e8 l&#8217;unica notizia data senza fondamento).\u00a0Inizio a pensare che loro devono aver brevettato un radar speciale.<\/p>\n<p style=\"text-align: justify;\">11 ottobre 2013 &#8211; Marco Prestileo<\/p>\n<p style=\"text-align: justify;\">\n\t<div class=\"quickshare-container\">\r\n\t<ul class=\"quickshare-text qs-genericons quickshare-small\">\r\n\t\t<li class=\"quickshare-share\">Condividi :<\/li> \r\n\t\t<li><a href=\"https:\/\/facebook.com\/sharer.php?u=https%3A%2F%2Fwww.ventimigliablog.it%2Fblog%2Fzone-franche-urbane-sogno-diventato-realta-senza-ventimiglia-senza-che-nessuno-si-sia-lamentato%2F&amp;t=Zone+franche+urbane%3A+un+sogno+diventato+realt%C3%A0+senza+Ventimiglia+e+senza+che+nessuno+si+sia+lamentato+<+Ventimigliablog\" target=\"_blank\" title=\"Share on Facebook\"><span class=\"quickshare-facebook\">Facebook<\/span><\/a><\/li>\t\t<li><a href=\"https:\/\/twitter.com\/intent\/tweet?url=https%3A%2F%2Fwww.ventimigliablog.it%2Fblog%2Fzone-franche-urbane-sogno-diventato-realta-senza-ventimiglia-senza-che-nessuno-si-sia-lamentato%2F&amp;text=Zone+franche+urbane%3A+un+sogno+diventato+realt%C3%A0+senza+Ventimiglia+e+senza+che+nessuno+si+sia+lamentato+<+Ventimigliablog\" target=\"_blank\" title=\"Share on Twitter\"><span class=\"quickshare-twitter\">Twitter<\/span><\/a><\/li>\t\t\t\t\t\t<li><a href=\"https:\/\/plus.google.com\/share?url=https%3A%2F%2Fwww.ventimigliablog.it%2Fblog%2Fzone-franche-urbane-sogno-diventato-realta-senza-ventimiglia-senza-che-nessuno-si-sia-lamentato%2F\" target=\"_blank\" title=\"Share on Google+\"><span class=\"quickshare-googleplus\">Google+<\/span><\/a><\/li>\t\t\t\t\t\t\t\t<li><a href=\"mailto:?subject=Ventimigliablog:+Zone+franche+urbane%3A+un+sogno+diventato+realt%C3%A0+senza+Ventimiglia+e+senza+che+nessuno+si+sia+lamentato&amp;body=https%3A%2F%2Fwww.ventimigliablog.it%2Fblog%2Fzone-franche-urbane-sogno-diventato-realta-senza-ventimiglia-senza-che-nessuno-si-sia-lamentato%2F\" target=\"_blank\" title=\"Share via Email\"><span class=\"quickshare-email\">Email<\/span><\/a><\/li>\t<\/ul>\r\n\t<\/div>\r\n","protected":false},"excerpt":{"rendered":"<p>Zone franche urbane:\u00a0le regole per fruire dei bonus fiscali e contributivi sono operative ma dopo la forzata caduta dell&#8217;Amministrazione Scullino \u00e8 stata persa un&#8217;occasione irripetibile. E&#8217; inaccettabile e incomprensibile. Il Ministero dello Sviluppo economico, con la circolare n. 32024 del &hellip; <a href=\"https:\/\/www.ventimigliablog.it\/blog\/zone-franche-urbane-sogno-diventato-realta-senza-ventimiglia-senza-che-nessuno-si-sia-lamentato\/\">Continua a leggere<span class=\"meta-nav\">&rarr;<\/span><\/a><\/p>\n","protected":false},"author":10,"featured_media":0,"comment_status":"open","ping_status":"closed","sticky":false,"template":"","format":"standard","meta":{"ngg_post_thumbnail":0,"footnotes":""},"categories":[3,1,7,6,10],"tags":[],"_links":{"self":[{"href":"https:\/\/www.ventimigliablog.it\/blog\/wp-json\/wp\/v2\/posts\/3061"}],"collection":[{"href":"https:\/\/www.ventimigliablog.it\/blog\/wp-json\/wp\/v2\/posts"}],"about":[{"href":"https:\/\/www.ventimigliablog.it\/blog\/wp-json\/wp\/v2\/types\/post"}],"author":[{"embeddable":true,"href":"https:\/\/www.ventimigliablog.it\/blog\/wp-json\/wp\/v2\/users\/10"}],"replies":[{"embeddable":true,"href":"https:\/\/www.ventimigliablog.it\/blog\/wp-json\/wp\/v2\/comments?post=3061"}],"version-history":[{"count":0,"href":"https:\/\/www.ventimigliablog.it\/blog\/wp-json\/wp\/v2\/posts\/3061\/revisions"}],"wp:attachment":[{"href":"https:\/\/www.ventimigliablog.it\/blog\/wp-json\/wp\/v2\/media?parent=3061"}],"wp:term":[{"taxonomy":"category","embeddable":true,"href":"https:\/\/www.ventimigliablog.it\/blog\/wp-json\/wp\/v2\/categories?post=3061"},{"taxonomy":"post_tag","embeddable":true,"href":"https:\/\/www.ventimigliablog.it\/blog\/wp-json\/wp\/v2\/tags?post=3061"}],"curies":[{"name":"wp","href":"https:\/\/api.w.org\/{rel}","templated":true}]}}