{"id":3200,"date":"2013-11-01T13:28:47","date_gmt":"2013-11-01T12:28:47","guid":{"rendered":"http:\/\/www.ventimigliablog.it\/blog\/?p=3200"},"modified":"2013-11-01T13:30:42","modified_gmt":"2013-11-01T12:30:42","slug":"ecco-gli-articoli-piu-letti-nel-movimentato-ottobre-2013","status":"publish","type":"post","link":"https:\/\/www.ventimigliablog.it\/blog\/ecco-gli-articoli-piu-letti-nel-movimentato-ottobre-2013\/","title":{"rendered":"Ecco gli articoli pi\u00f9 letti nel movimentato ottobre 2013"},"content":{"rendered":"<p><a href=\"http:\/\/www.ventimigliablog.it\/blog\/wp-content\/uploads\/2013\/11\/bollettino-ottobre-2013-620x300.jpg\"><img loading=\"lazy\" decoding=\"async\" class=\"size-medium wp-image-3201 alignleft\" alt=\"bollettino-ottobre-2013-620x300\" src=\"http:\/\/www.ventimigliablog.it\/blog\/wp-content\/uploads\/2013\/11\/bollettino-ottobre-2013-620x300-300x145.jpg\" width=\"300\" height=\"145\" srcset=\"https:\/\/www.ventimigliablog.it\/blog\/wp-content\/uploads\/2013\/11\/bollettino-ottobre-2013-620x300-300x145.jpg 300w, https:\/\/www.ventimigliablog.it\/blog\/wp-content\/uploads\/2013\/11\/bollettino-ottobre-2013-620x300-500x241.jpg 500w, https:\/\/www.ventimigliablog.it\/blog\/wp-content\/uploads\/2013\/11\/bollettino-ottobre-2013-620x300.jpg 620w\" sizes=\"(max-width: 300px) 100vw, 300px\" \/><\/a><\/p>\n<p style=\"text-align: justify;\">In questo mese, i nostri lettori hanno dimostrato una\u00a0specifica sensibilit\u00e0 e attenzione verso argomenti di estrema attualit\u00e0, con particolare riferimento alle\u00a0diatribe ventimigliesi e dimostrando di voler comprendere cosa realmente sta accadendo a Ventimiglia. L&#8217;articolo pi\u00f9 letto, staccando notevolmente gli altri, \u00e8 stato &#8220;<a title=\"Un mostro esiste a Ventimiglia, ha tre teste e non \u00e8 la Civitas\" href=\"http:\/\/www.ventimigliablog.it\/blog\/?p=2955\" target=\"_blank\">Un mostro esiste a Ventimiglia, ha tre teste e non \u00e8 la Civitas<\/a>&#8220;.\u00a0Tralasciando gli\u00a0aspetti polemici\u00a0dell&#8217;articolo, il pregio dello stesso \u00e8 stato che ha fatto capire\u00a0come sia facile equivocare, anche\u00a0da parte di persone con cariche istituzionali molto importanti,\u00a0\u00a0la realt\u00e0 dei fatti giungendo\u00a0a conclusioni errate. <!--more--><\/p>\n<p style=\"text-align: justify;\">Segue un non articolo. Si,\u00a0avevamo infatti caricato alcune centinaia (oltre 400) di foto di alcuni lavori eseguiti dall&#8217;Amministrazione Scullino che dovevano essere poi commentati, riepilogandoli tra di loro in categorie omegenee. Non consiglio di cliccare ancora su <a title=\"Lavori Ventimiglia 2007\u2026.20012\" href=\"http:\/\/www.ventimigliablog.it\/blog\/?page_id=2928\" target=\"_blank\">Lavori Ventimiglia 2007\u2026.20012<\/a>. Doveva essere un lavoro preparatorio a dei succesivi articoli. Gli articoli non sono stati (ancora) scritti ma le foto sono state visionate ugualmente e molto, al punto da guadagnarsi il secondo posto.<\/p>\n<p style=\"text-align: justify;\">Con &#8220;prepotenza&#8221; e senza eguali, al terzo posto troviamo un articolo pubblicato solo 24 ore orsono. E&#8217; stato\u00a0cliccato per\u00f2 cos\u00ec tante volte che, ripeto, in sole 24 ore, \u00e8 balzato al terzo posto. Consiglio di leggerlo a chi vuole capire davvero la verit\u00e0 dei fatti, l&#8217;articolo \u00e8\u00a0&#8220;<a title=\"L\u2019ASSURDITA\u2019  DELLE ACCUSE , LA REALTA\u2019 DEI FATTI\" href=\"http:\/\/www.ventimigliablog.it\/blog\/?p=3194\" target=\"_blank\">L\u2019ASSURDITA\u2019\u00a0 DELLE ACCUSE , LA REALTA\u2019 DEI FATTI<\/a>&#8220;.<\/p>\n<p style=\"text-align: justify;\">Seguono poi\u00a0alcuni articoli dello scooterista pi\u00f9 famoso del ponente ligure, con preziose punte di ironia e interessanti spunti di riflessione, in particolare:<\/p>\n<ul>\n<li><a title=\"Sar\u00f2 scemo\u2026\" href=\"http:\/\/www.ventimigliablog.it\/blog\/?p=3052\" target=\"_blank\">Sar\u00f2 scemo\u2026<\/a><\/li>\n<li><a title=\"A volte me le cerco\u2026\" href=\"http:\/\/www.ventimigliablog.it\/blog\/?p=3161\" target=\"_blank\">A volte me le cerco\u2026<\/a><\/li>\n<\/ul>\n<p style=\"text-align: justify;\">Non \u00e8 certamente passato inosservato, poi, l&#8217;articolo sul triste epilogo delle <a title=\"Zone franche urbane: un sogno diventato realt\u00e0 senza Ventimiglia e senza che nessuno si sia lamentato\" href=\"http:\/\/www.ventimigliablog.it\/blog\/?p=3061\" target=\"_blank\">Zone franche urbane: un sogno diventato realt\u00e0 senza Ventimiglia e senza che nessuno si sia lamentato<\/a>.<\/p>\n<p>E ancora:<\/p>\n<ul>\n<li><a title=\"Riflettiamo\" href=\"http:\/\/www.ventimigliablog.it\/blog\/?p=3177\" target=\"_blank\">Riflettiamo<\/a>\u00a0(da leggere non in chiave partigiana, ma con mente aperta)<\/li>\n<li><a title=\"Un nostro lettore che inizier\u00e0 a lavorare in Francia ci pone un quesito di interesse generale\" href=\"http:\/\/www.ventimigliablog.it\/blog\/?p=1166\" target=\"_blank\">Un nostro lettore che inizier\u00e0 a lavorare in Francia ci pone un quesito di interesse generale<\/a>\u00a0(un articolo\u00a0&#8220;vecchio&#8221;, molto tecnico, che entra in classifica ogni mese)<\/li>\n<li><a title=\"Nihil obstat quominus imprimatur\" href=\"http:\/\/www.ventimigliablog.it\/blog\/?p=3033\" target=\"_blank\">Nihil obstat quominus imprimatur<\/a>\u00a0(una\u00a0simpatica\u00a0ma molto intelligente sottolineatura)<\/li>\n<li><a title=\"Ci vuole indubbiamente maggiore umilt\u00e0 da parte di tutti\" href=\"http:\/\/www.ventimigliablog.it\/blog\/?p=2990\" target=\"_blank\">Ci vuole indubbiamente maggiore umilt\u00e0 da parte di tutti<\/a>\u00a0(sante parole)<\/li>\n<li><a title=\"La \" href=\"http:\/\/www.ventimigliablog.it\/blog\/?p=3022\" target=\"_blank\">La &#8220;pria Margunaira&#8221; e il porto<\/a> (passato, presente e\u00a0futuro)<\/li>\n<li><a title=\"Mancano i soldi: la lealt\u00e0 fiscale \u00e8 una battaglia di giustizia e civilt\u00e0, non vedere l\u2019ovvio porta per\u00f2 a una battaglia contro i mulini a vento\" href=\"http:\/\/www.ventimigliablog.it\/blog\/?p=3073\" target=\"_blank\">Mancano i soldi: la lealt\u00e0 fiscale \u00e8 una battaglia di giustizia e civilt\u00e0, non vedere l\u2019ovvio porta per\u00f2 a una battaglia contro i mulini a vento<\/a>\u00a0(basta ipocrisia, il Fisco se continua cos\u00ec uccide definitivamente lo sviluppo economico)<\/li>\n<li><a title=\"Il disgelo e la rinascita (?)\" href=\"http:\/\/www.ventimigliablog.it\/blog\/?p=2973\" target=\"_blank\">Il disgelo e la rinascita (?)<\/a>\u00a0(un&#8217;attenta e saggia riflessione)<\/li>\n<li><a title=\"Province e comitati di quartiere\" href=\"http:\/\/www.ventimigliablog.it\/blog\/?p=2939\" target=\"_blank\">Province e comitati di quartiere<\/a>\u00a0(un punto programmatico)<\/li>\n<li><a title=\"Facciamo da soli, i candidati sindaci cosa ne pensano?\" href=\"http:\/\/www.ventimigliablog.it\/blog\/?p=3141\" target=\"_blank\">Facciamo da soli, i candidati sindaci cosa ne pensano?<\/a>\u00a0(un&#8217;idea: la zona franca urbana a livello comunale)<\/li>\n<li><a title=\"Al mio concittadino, Signor Marco Ballestra\" href=\"http:\/\/www.ventimigliablog.it\/blog\/?p=2921\" target=\"_blank\">Al mio concittadino, Signor Marco Ballestra<\/a>\u00a0(scambio di stimolanti vedute tra &#8220;persone intelligenti&#8221;).<\/li>\n<\/ul>\n<p>Anche il mese di ottobre \u00e8 passato, buon novembre a tutti, con un particolare pensiero verso i nostri cari defunti.<\/p>\n<p style=\"text-align: justify;\">1\u00b0 novembre 2013 &#8211; Marco Prestileo<\/p>\n\t<div class=\"quickshare-container\">\r\n\t<ul class=\"quickshare-text qs-genericons quickshare-small\">\r\n\t\t<li class=\"quickshare-share\">Condividi :<\/li> \r\n\t\t<li><a href=\"https:\/\/facebook.com\/sharer.php?u=https%3A%2F%2Fwww.ventimigliablog.it%2Fblog%2Fecco-gli-articoli-piu-letti-nel-movimentato-ottobre-2013%2F&amp;t=Ecco+gli+articoli+pi%C3%B9+letti+nel+movimentato+ottobre+2013+<+Ventimigliablog\" target=\"_blank\" title=\"Share on Facebook\"><span class=\"quickshare-facebook\">Facebook<\/span><\/a><\/li>\t\t<li><a href=\"https:\/\/twitter.com\/intent\/tweet?url=https%3A%2F%2Fwww.ventimigliablog.it%2Fblog%2Fecco-gli-articoli-piu-letti-nel-movimentato-ottobre-2013%2F&amp;text=Ecco+gli+articoli+pi%C3%B9+letti+nel+movimentato+ottobre+2013+<+Ventimigliablog\" target=\"_blank\" title=\"Share on Twitter\"><span class=\"quickshare-twitter\">Twitter<\/span><\/a><\/li>\t\t\t\t\t\t<li><a href=\"https:\/\/plus.google.com\/share?url=https%3A%2F%2Fwww.ventimigliablog.it%2Fblog%2Fecco-gli-articoli-piu-letti-nel-movimentato-ottobre-2013%2F\" target=\"_blank\" title=\"Share on Google+\"><span class=\"quickshare-googleplus\">Google+<\/span><\/a><\/li>\t\t\t\t\t\t\t\t<li><a href=\"mailto:?subject=Ventimigliablog:+Ecco+gli+articoli+pi%C3%B9+letti+nel+movimentato+ottobre+2013&amp;body=https%3A%2F%2Fwww.ventimigliablog.it%2Fblog%2Fecco-gli-articoli-piu-letti-nel-movimentato-ottobre-2013%2F\" target=\"_blank\" title=\"Share via Email\"><span class=\"quickshare-email\">Email<\/span><\/a><\/li>\t<\/ul>\r\n\t<\/div>\r\n","protected":false},"excerpt":{"rendered":"<p>In questo mese, i nostri lettori hanno dimostrato una\u00a0specifica sensibilit\u00e0 e attenzione verso argomenti di estrema attualit\u00e0, con particolare riferimento alle\u00a0diatribe ventimigliesi e dimostrando di voler comprendere cosa realmente sta accadendo a Ventimiglia. L&#8217;articolo pi\u00f9 letto, staccando notevolmente gli altri, &hellip; <a href=\"https:\/\/www.ventimigliablog.it\/blog\/ecco-gli-articoli-piu-letti-nel-movimentato-ottobre-2013\/\">Continua a leggere<span class=\"meta-nav\">&rarr;<\/span><\/a><\/p>\n","protected":false},"author":10,"featured_media":0,"comment_status":"open","ping_status":"closed","sticky":false,"template":"","format":"standard","meta":{"ngg_post_thumbnail":0,"footnotes":""},"categories":[3,1,6,10],"tags":[],"_links":{"self":[{"href":"https:\/\/www.ventimigliablog.it\/blog\/wp-json\/wp\/v2\/posts\/3200"}],"collection":[{"href":"https:\/\/www.ventimigliablog.it\/blog\/wp-json\/wp\/v2\/posts"}],"about":[{"href":"https:\/\/www.ventimigliablog.it\/blog\/wp-json\/wp\/v2\/types\/post"}],"author":[{"embeddable":true,"href":"https:\/\/www.ventimigliablog.it\/blog\/wp-json\/wp\/v2\/users\/10"}],"replies":[{"embeddable":true,"href":"https:\/\/www.ventimigliablog.it\/blog\/wp-json\/wp\/v2\/comments?post=3200"}],"version-history":[{"count":0,"href":"https:\/\/www.ventimigliablog.it\/blog\/wp-json\/wp\/v2\/posts\/3200\/revisions"}],"wp:attachment":[{"href":"https:\/\/www.ventimigliablog.it\/blog\/wp-json\/wp\/v2\/media?parent=3200"}],"wp:term":[{"taxonomy":"category","embeddable":true,"href":"https:\/\/www.ventimigliablog.it\/blog\/wp-json\/wp\/v2\/categories?post=3200"},{"taxonomy":"post_tag","embeddable":true,"href":"https:\/\/www.ventimigliablog.it\/blog\/wp-json\/wp\/v2\/tags?post=3200"}],"curies":[{"name":"wp","href":"https:\/\/api.w.org\/{rel}","templated":true}]}}