{"id":3206,"date":"2013-11-02T12:36:29","date_gmt":"2013-11-02T11:36:29","guid":{"rendered":"http:\/\/www.ventimigliablog.it\/blog\/?p=3206"},"modified":"2013-11-02T18:10:17","modified_gmt":"2013-11-02T17:10:17","slug":"attenzione","status":"publish","type":"post","link":"https:\/\/www.ventimigliablog.it\/blog\/attenzione\/","title":{"rendered":"Ventimiglia Servizi: il danno erariale e quello per licenziamento senza giusta causa che dovesse essere accertato lo pagheranno i funzionari comunali preposti?"},"content":{"rendered":"<p style=\"text-align: justify;\">Spesso mi chiedo se \u00e8 possibile perdere la lucidit\u00e0 necessaria e quindi se \u00e8 possibile che alcuni funzionari comunali &#8220;sopraffatti&#8221; dall&#8217;apparente sicurezza che pu\u00f2 dare l&#8217;essere governati da una commissione straordinaria, possano fare errori di cui dopo si \u00e8 chiamati a pagare personalmente davanti alla Corte dei conti o, peggio, in Tribunale. Credo davvero che la risposta possa essere affermativa e quindi\u00a0 sarebbe opportuno per detti funzionari comunali avere per iscritto l\u2019ordine imposto &#8220;nel nome della legge&#8221;.<!--more--><\/p>\n<p style=\"text-align: justify;\">Viceversa, mi sono anche chiesto se \u00e8 possibile che dei Commissari straordinari possano\u00a0incorrere in\u00a0errore, solo perch\u00e9 si fidano di funzionari non sempre normativamente aggiornati, soprattutto in materia per loro &#8220;nuove&#8221;, come il diritto societario o la normativa sul lavoro applicabile a delle societ\u00e0 pubbliche che non sono necessariamente anche degli organismi di diritto pubblico, e quindi agiscono secondo diritto privato.<\/p>\n<p style=\"text-align: justify;\">Mi riferisco a quello che sta accadendo per Ventimiglia Servizi srl, con socio unico il Comune di Ventimiglia. Con una deliberazione della Commissione straordinaria si \u00e8 autorizzata la messa in liquidazione della societ\u00e0\u00a0con una motivazione illogica e fuorviante. Si dice, per rispamiare i costi di mantenimento della stessa societ\u00e0. Forse esiste ancora qualcuno che crede che basti dirlo, poi anche se si spende molto di pi\u00f9 pazienza. Non \u00e8 cos\u00ec, perch\u00e9 appena la Corte dei Conti andr\u00e0 a verificare si vedr\u00e0 che esternalizzando i servizi di pubblicit\u00e0 e affissione, la riscossione coattiva di Tarsu e ICI (ora IMU), ma anche quella relativa alle\u00a0altre entrate comunali che Ventimiglia Servizi doveva riscuotere (contravenzioni al codice della strada, tosap, sanzioni edilizie, recuperi oneri demolizioni abusi edilizzi, ecc.) &#8211; non \u00e8 il caso di parlare qui della gestione dei parcheggi &#8211; \u00a0si scoprir\u00e0 che si spender\u00e0 sciogliendo la Ventimiglia Servizi\u00a0molto,\u00a0moltissimo, di pi\u00f9 di quello che si spendeva quando la societ\u00e0 era stata costituit\u00e0. Costituita senza pagare chi amministrava\u00a0(che la Commisisone ha invece pagato anzich\u00e8 affidare la direzione ad un funzionario comunale) e con il costo di soli due dipendenti (da utilizzarsi entrambi per la riscossione delle entrate non appena la societ\u00e0 fosse entrata a regime): costo presunto complessivamente non superiore ad euro 40.000.\u00a0La Ventimiglia Servizi\u00a0ha incassato certamento oltre 600.000 euro (sarebbe arrivata tranquillamente ad 1 milione di euro se il Consiglio comunale non fosse stato sciolto). Con meno dell&#8217;otto per cento delle entrate (questa percentuale doveva assestarsi sotto il 5 per cento) si pagavano tutti i costi gestionali e si avevano due dipendenti a disposizione del Comune. La delibera presa il 30 ottobre dalla Commisisone non mi pare\u00a0ragionevole e non saprei chi possa averla consigliata. Per di pi\u00f9 si\u00a0mandano a casa due dipendenti, pur dicendo nella delibera che il servizio verr\u00e0 esternalizato, e le tutele dei lavoratori?<\/p>\n<p style=\"text-align: justify;\">Sono giunto alla conclusione che \u00e8 possibile che accadano entrambi le cose! Possono sbagliare i funzionari comunali e possono sbagliare i Commissari. Mi dispiace constatarlo, davvero, non ho astio contro nessuno, sento solo un senso di pena profondo.<\/p>\n<p style=\"text-align: justify;\">Faccio\u00a0un salto indietro, cambiando discorso,\u00a0\u00a0per spiegare come sia facile avere conseguenze devastanti, anche se si \u00e8 convinti di aver fatto tutto bene.<\/p>\n<p style=\"text-align: justify;\">Ci sono passato anch&#8217;io: erano gli anni 2008 e 2009.<\/p>\n<p style=\"text-align: justify;\">Chiesi ad una persona di cui mi fidavo moltissimo, che consideravo un amico oltrech\u00e9 una persona preparatissima, uno studioso nella materia degli enti locali, un pubblicista e autore di diversi articoli e libri in materia:<\/p>\n<p style=\"text-align: justify;\">Prestileo<i>: \u201cSi pu\u00f2 fare? Sei sicuro? La norma parla di forniture di beni e servizi, non di lavori. Questi sono lavori o si possono considerare servizi manutentivi?\u201d<\/i><\/p>\n<p style=\"text-align: justify;\">Il sommo Amico: \u201c<i>Vai tranquillo \u00e8 tutto a posto, si pu\u00f2 fare. Infatti secondo il combinato disposto dell\u2019art \u2026\u2026.. della legge \u2026\u2026. con l\u2019art. \u2026.. del codice dei contratti, \u00e8 certamente possibile. E poi prevale la finalit\u00e0 dell\u2019inserimento lavorativo di soggetti svantaggiati \u2026\u2026\u2026..<\/i> \u201c<\/p>\n<p style=\"text-align: justify;\">La risposta che il sommo Amico mi diede pi\u00f9 volte e anche davanti a testimoni mi convinse e poi l\u2019opera era urgente e il prezzo particolarmente conveniente. Io per\u00f2 rimasi un po&#8217; perplesso, ma il mio sommo Amico era certissimo della correttezza della procedura.<\/p>\n<p style=\"text-align: justify;\">Dissi allora:<\/p>\n<p style=\"text-align: justify;\">Prestileo: \u00a0\u201cB<i>ene , procediamo pure allora, \u00a0se lo dici tu e con questa sicurezza! Se puoi <\/i>\u00a0<i>facci comunque avere due righe in cui spieghi il complesso ragionamento che ci hai fatto, cos\u00ec leggendolo possiamo comprendere meglio la tua interpretazione\u201d.<\/i><\/p>\n<p style=\"text-align: justify;\">Il sommo Amico: \u201cC<i>erto, molto volentieri\u201d.<\/i><\/p>\n<p style=\"text-align: justify;\">Il sommo Amico era una persona che ad un velocit\u00e0 inaudita, mentre ragionava \u00a0su argomenti complessi (e per me nuovi), sviolinava articoli e leggi con sicurezza.<\/p>\n<p style=\"text-align: justify;\">Arrivarono, qualche giorno dopo, \u00a0non due righe, ma un parere di diverse pagine sottoscritto dal sommo Amico che confermava la correttezza di quanto lui aveva detto e dal consiglio di amministrazione di Civitas\u00a0 deliberato all&#8217;unanimit\u00e0 (lui compreso, naturalmente, visto che ne faceva parte).<\/p>\n<p style=\"text-align: justify;\">Convinto di quanto fatto, ma con alcuni dubbi sull&#8217;iter logico giuridico con il quale si era giunti a quella conclusione sottoposi (siamo sempre negli anni 2008 e 2009) in occasione di due diversi convegni, a professori universitari competenti in materia, lo stesso quesito che avevo posto al mio sommo Amico. Le risposte date, innanzi a testimoni, furono entrambi del seguente tenore: \u00a0\u00a0<i>&#8220;Si, si pu\u00f2 affidare ad una cooperativa sociale di tipo B il rifacimento di un marciapiede sotto la soglia di euro 206.000, direttamente senza gara&#8221;<\/i> . I servizi manutentivi che avevamo affidato noi erano sotto la soglia di euro 206.000 e quindi il mio sommo Amico ci aveva fatto fare la scelta giusta.<\/p>\n<p style=\"text-align: justify;\">Oggi, per\u00f2, sono chiamato, solo io, a rispondere penalmente di quello che \u00e8 stato deliberato all\u2019unanimit\u00e0 per abuso d&#8217;ufficio: la Procura dice che la procedura era illegittima. Avendo abusato nell\u2019affidare direttamente quei lavori, sempre secondo l\u2019accusa, avrei favorito la cooperativa che si era aggiudicata il rifacimento dei marciapiedi per favorire dei presunti soci occulti malavitosi. Da qui, l\u2019accusa di associazione esterna di stampo mafioso. Pazzesco.<\/p>\n<p style=\"text-align: justify;\">Presto si chiarir\u00e0 tutto dal punto di vista penale, sono fiducioso, per\u00f2 in allora non era stato fatto alcun danno erariale (l&#8217;affidamento era stato fatto a prezzi molto convenienti e neanche l&#8217;accusa lo ha messo in discussione, tutti riconoscono che si era risparmiato parecchio).<\/p>\n<p style=\"text-align: justify;\">Con Ventimiglia Servizi le cose sono completamente diverse, se a qualcuno interessa vi spiegher\u00f2 il perch\u00e9, secondo il mio punto di vista, e vi quantificher\u00f2 i danni che questa scelta causer\u00e0. Chi li dovr\u00e0 pagare lo dir\u00e0 la Corte dei Conti.<\/p>\n<p style=\"text-align: justify;\">2 novembre 2013 &#8211; Marco Prestileo<\/p>\n\t<div class=\"quickshare-container\">\r\n\t<ul class=\"quickshare-text qs-genericons quickshare-small\">\r\n\t\t<li class=\"quickshare-share\">Condividi :<\/li> \r\n\t\t<li><a href=\"https:\/\/facebook.com\/sharer.php?u=https%3A%2F%2Fwww.ventimigliablog.it%2Fblog%2Fattenzione%2F&amp;t=Ventimiglia+Servizi%3A+il+danno+erariale+e+quello+per+licenziamento+senza+giusta+causa+che+dovesse+essere+accertato+lo+pagheranno+i+funzionari+comunali+preposti%3F+<+Ventimigliablog\" target=\"_blank\" title=\"Share on Facebook\"><span class=\"quickshare-facebook\">Facebook<\/span><\/a><\/li>\t\t<li><a href=\"https:\/\/twitter.com\/intent\/tweet?url=https%3A%2F%2Fwww.ventimigliablog.it%2Fblog%2Fattenzione%2F&amp;text=Ventimiglia+Servizi%3A+il+danno+erariale+e+quello+per+licenziamento+senza+giusta+causa+che+dovesse+essere+accertato+lo+pagheranno+i+funzionari+comunali+preposti%3F+<+Ventimigliablog\" target=\"_blank\" title=\"Share on Twitter\"><span class=\"quickshare-twitter\">Twitter<\/span><\/a><\/li>\t\t\t\t\t\t<li><a href=\"https:\/\/plus.google.com\/share?url=https%3A%2F%2Fwww.ventimigliablog.it%2Fblog%2Fattenzione%2F\" target=\"_blank\" title=\"Share on Google+\"><span class=\"quickshare-googleplus\">Google+<\/span><\/a><\/li>\t\t\t\t\t\t\t\t<li><a href=\"mailto:?subject=Ventimigliablog:+Ventimiglia+Servizi%3A+il+danno+erariale+e+quello+per+licenziamento+senza+giusta+causa+che+dovesse+essere+accertato+lo+pagheranno+i+funzionari+comunali+preposti%3F&amp;body=https%3A%2F%2Fwww.ventimigliablog.it%2Fblog%2Fattenzione%2F\" target=\"_blank\" title=\"Share via Email\"><span class=\"quickshare-email\">Email<\/span><\/a><\/li>\t<\/ul>\r\n\t<\/div>\r\n","protected":false},"excerpt":{"rendered":"<p>Spesso mi chiedo se \u00e8 possibile perdere la lucidit\u00e0 necessaria e quindi se \u00e8 possibile che alcuni funzionari comunali &#8220;sopraffatti&#8221; dall&#8217;apparente sicurezza che pu\u00f2 dare l&#8217;essere governati da una commissione straordinaria, possano fare errori di cui dopo si \u00e8 chiamati &hellip; <a href=\"https:\/\/www.ventimigliablog.it\/blog\/attenzione\/\">Continua a leggere<span class=\"meta-nav\">&rarr;<\/span><\/a><\/p>\n","protected":false},"author":10,"featured_media":0,"comment_status":"open","ping_status":"closed","sticky":false,"template":"","format":"standard","meta":{"ngg_post_thumbnail":0,"footnotes":""},"categories":[3,1,6],"tags":[],"_links":{"self":[{"href":"https:\/\/www.ventimigliablog.it\/blog\/wp-json\/wp\/v2\/posts\/3206"}],"collection":[{"href":"https:\/\/www.ventimigliablog.it\/blog\/wp-json\/wp\/v2\/posts"}],"about":[{"href":"https:\/\/www.ventimigliablog.it\/blog\/wp-json\/wp\/v2\/types\/post"}],"author":[{"embeddable":true,"href":"https:\/\/www.ventimigliablog.it\/blog\/wp-json\/wp\/v2\/users\/10"}],"replies":[{"embeddable":true,"href":"https:\/\/www.ventimigliablog.it\/blog\/wp-json\/wp\/v2\/comments?post=3206"}],"version-history":[{"count":0,"href":"https:\/\/www.ventimigliablog.it\/blog\/wp-json\/wp\/v2\/posts\/3206\/revisions"}],"wp:attachment":[{"href":"https:\/\/www.ventimigliablog.it\/blog\/wp-json\/wp\/v2\/media?parent=3206"}],"wp:term":[{"taxonomy":"category","embeddable":true,"href":"https:\/\/www.ventimigliablog.it\/blog\/wp-json\/wp\/v2\/categories?post=3206"},{"taxonomy":"post_tag","embeddable":true,"href":"https:\/\/www.ventimigliablog.it\/blog\/wp-json\/wp\/v2\/tags?post=3206"}],"curies":[{"name":"wp","href":"https:\/\/api.w.org\/{rel}","templated":true}]}}