{"id":3217,"date":"2013-11-02T12:35:03","date_gmt":"2013-11-02T11:35:03","guid":{"rendered":"http:\/\/www.ventimigliablog.it\/blog\/?p=3217"},"modified":"2013-11-02T12:36:52","modified_gmt":"2013-11-02T11:36:52","slug":"un-sentito-grazie","status":"publish","type":"post","link":"https:\/\/www.ventimigliablog.it\/blog\/un-sentito-grazie\/","title":{"rendered":"Un sentito grazie"},"content":{"rendered":"<p>Bene, guadagnata la <a href=\"http:\/\/www.beveraedintorni.com\/index.php\/lettere-deliranti\/4370-io-voto-albino-di-certo.html\">fiducia di Ballestra<\/a> non mi rimane che convincere altri 4.000 Ventimigliesi ed \u00e8 fatta. Sento gi\u00e0 il rumore degli zoccoli (nel senso che &#8220;sono a cavallo&#8221;). Ieri, dopo tanto tempo, sono tornato al mercato del Venerd\u00ec. Lavorando fuori, dovrei prendere ferie per andarci. <!--more-->Grazie a chi amministra questa citt\u00e0 ho potuto provare &#8220;l&#8217;effetto Mos\u00e8&#8221;: camminando, ti sembra di dividere le acque di chi paga le tasse e fa il commerciante di professione dalle acque di chi \u00e8 abusivo e vende griffe contraffate, senza pagare un euro di tasse. Il cordone di abusivi ieri era lunghissimo ed ininterrotto, credo di non aver mai (e sottolineo, mai) visto una cosa del genere in nessun mercato del mondo in cui sono stato. Un sentito grazie a chi sta buttando nel cesso l&#8217;immagine del mercato pi\u00f9 famoso d&#8217;Europa e smontando, pezzo a pezzo, il futuro di questa citt\u00e0. La speranza che coltivo \u00e8 che si tratti solo di incapacit\u00e0 e non di menefreghismo.<\/p>\n<p>2 novembre 2013 &#8211; Albino Dicerto<\/p>\n\t<div class=\"quickshare-container\">\r\n\t<ul class=\"quickshare-text qs-genericons quickshare-small\">\r\n\t\t<li class=\"quickshare-share\">Condividi :<\/li> \r\n\t\t<li><a href=\"https:\/\/facebook.com\/sharer.php?u=https%3A%2F%2Fwww.ventimigliablog.it%2Fblog%2Fun-sentito-grazie%2F&amp;t=Un+sentito+grazie+<+Ventimigliablog\" target=\"_blank\" title=\"Share on Facebook\"><span class=\"quickshare-facebook\">Facebook<\/span><\/a><\/li>\t\t<li><a href=\"https:\/\/twitter.com\/intent\/tweet?url=https%3A%2F%2Fwww.ventimigliablog.it%2Fblog%2Fun-sentito-grazie%2F&amp;text=Un+sentito+grazie+<+Ventimigliablog\" target=\"_blank\" title=\"Share on Twitter\"><span class=\"quickshare-twitter\">Twitter<\/span><\/a><\/li>\t\t\t\t\t\t<li><a href=\"https:\/\/plus.google.com\/share?url=https%3A%2F%2Fwww.ventimigliablog.it%2Fblog%2Fun-sentito-grazie%2F\" target=\"_blank\" title=\"Share on Google+\"><span class=\"quickshare-googleplus\">Google+<\/span><\/a><\/li>\t\t\t\t\t\t\t\t<li><a href=\"mailto:?subject=Ventimigliablog:+Un+sentito+grazie&amp;body=https%3A%2F%2Fwww.ventimigliablog.it%2Fblog%2Fun-sentito-grazie%2F\" target=\"_blank\" title=\"Share via Email\"><span class=\"quickshare-email\">Email<\/span><\/a><\/li>\t<\/ul>\r\n\t<\/div>\r\n","protected":false},"excerpt":{"rendered":"<p>Bene, guadagnata la fiducia di Ballestra non mi rimane che convincere altri 4.000 Ventimigliesi ed \u00e8 fatta. Sento gi\u00e0 il rumore degli zoccoli (nel senso che &#8220;sono a cavallo&#8221;). Ieri, dopo tanto tempo, sono tornato al mercato del Venerd\u00ec. Lavorando &hellip; <a href=\"https:\/\/www.ventimigliablog.it\/blog\/un-sentito-grazie\/\">Continua a leggere<span class=\"meta-nav\">&rarr;<\/span><\/a><\/p>\n","protected":false},"author":12,"featured_media":0,"comment_status":"open","ping_status":"closed","sticky":false,"template":"","format":"standard","meta":{"ngg_post_thumbnail":0,"footnotes":""},"categories":[1],"tags":[],"_links":{"self":[{"href":"https:\/\/www.ventimigliablog.it\/blog\/wp-json\/wp\/v2\/posts\/3217"}],"collection":[{"href":"https:\/\/www.ventimigliablog.it\/blog\/wp-json\/wp\/v2\/posts"}],"about":[{"href":"https:\/\/www.ventimigliablog.it\/blog\/wp-json\/wp\/v2\/types\/post"}],"author":[{"embeddable":true,"href":"https:\/\/www.ventimigliablog.it\/blog\/wp-json\/wp\/v2\/users\/12"}],"replies":[{"embeddable":true,"href":"https:\/\/www.ventimigliablog.it\/blog\/wp-json\/wp\/v2\/comments?post=3217"}],"version-history":[{"count":0,"href":"https:\/\/www.ventimigliablog.it\/blog\/wp-json\/wp\/v2\/posts\/3217\/revisions"}],"wp:attachment":[{"href":"https:\/\/www.ventimigliablog.it\/blog\/wp-json\/wp\/v2\/media?parent=3217"}],"wp:term":[{"taxonomy":"category","embeddable":true,"href":"https:\/\/www.ventimigliablog.it\/blog\/wp-json\/wp\/v2\/categories?post=3217"},{"taxonomy":"post_tag","embeddable":true,"href":"https:\/\/www.ventimigliablog.it\/blog\/wp-json\/wp\/v2\/tags?post=3217"}],"curies":[{"name":"wp","href":"https:\/\/api.w.org\/{rel}","templated":true}]}}