{"id":3241,"date":"2013-11-04T11:50:00","date_gmt":"2013-11-04T10:50:00","guid":{"rendered":"http:\/\/www.ventimigliablog.it\/blog\/?p=3241"},"modified":"2013-11-04T11:51:53","modified_gmt":"2013-11-04T10:51:53","slug":"limportanza-della-bellezza","status":"publish","type":"post","link":"https:\/\/www.ventimigliablog.it\/blog\/limportanza-della-bellezza\/","title":{"rendered":"L&#8217;importanza della bellezza"},"content":{"rendered":"<p>Uno potrebbe pensare che il potere vince sempre, che \u00e8 ancora pi\u00f9 forte della ragione e degli uomini. In fondo tutte le cose, anche le peggiori, una volte fatte, poi trovano una logica, una giustificazione per il solo fatto d&#8217;esistere.<!--more--><\/p>\n<p>Smontano di giorno in giorno la mia meravigliosa citt\u00e0. La mia citt\u00e0 \u00e8 bella. Non ci vuole niente a distruggere la bellezza. E allora? Invece della lotta politica, la coscienza di classe, tutte le manifestazioni e &#8216;ste fesserie, bisognerebbe semplicemente ricordare alla gente che cos&#8217;\u00e8 la bellezza, aiutarla a riconoscerla, a difenderla. \u00c9 importante la bellezza. Da l\u00ec viene gi\u00f9 tutto il resto.<\/p>\n<p>4 novembre 2013 &#8211; Albino e Peppino<\/p>\n\t<div class=\"quickshare-container\">\r\n\t<ul class=\"quickshare-text qs-genericons quickshare-small\">\r\n\t\t<li class=\"quickshare-share\">Condividi :<\/li> \r\n\t\t<li><a href=\"https:\/\/facebook.com\/sharer.php?u=https%3A%2F%2Fwww.ventimigliablog.it%2Fblog%2Flimportanza-della-bellezza%2F&amp;t=L%26%238217%3Bimportanza+della+bellezza+<+Ventimigliablog\" target=\"_blank\" title=\"Share on Facebook\"><span class=\"quickshare-facebook\">Facebook<\/span><\/a><\/li>\t\t<li><a href=\"https:\/\/twitter.com\/intent\/tweet?url=https%3A%2F%2Fwww.ventimigliablog.it%2Fblog%2Flimportanza-della-bellezza%2F&amp;text=L%26%238217%3Bimportanza+della+bellezza+<+Ventimigliablog\" target=\"_blank\" title=\"Share on Twitter\"><span class=\"quickshare-twitter\">Twitter<\/span><\/a><\/li>\t\t\t\t\t\t<li><a href=\"https:\/\/plus.google.com\/share?url=https%3A%2F%2Fwww.ventimigliablog.it%2Fblog%2Flimportanza-della-bellezza%2F\" target=\"_blank\" title=\"Share on Google+\"><span class=\"quickshare-googleplus\">Google+<\/span><\/a><\/li>\t\t\t\t\t\t\t\t<li><a href=\"mailto:?subject=Ventimigliablog:+L%26%238217%3Bimportanza+della+bellezza&amp;body=https%3A%2F%2Fwww.ventimigliablog.it%2Fblog%2Flimportanza-della-bellezza%2F\" target=\"_blank\" title=\"Share via Email\"><span class=\"quickshare-email\">Email<\/span><\/a><\/li>\t<\/ul>\r\n\t<\/div>\r\n","protected":false},"excerpt":{"rendered":"<p>Uno potrebbe pensare che il potere vince sempre, che \u00e8 ancora pi\u00f9 forte della ragione e degli uomini. In fondo tutte le cose, anche le peggiori, una volte fatte, poi trovano una logica, una giustificazione per il solo fatto d&#8217;esistere.<\/p>\n","protected":false},"author":12,"featured_media":0,"comment_status":"open","ping_status":"closed","sticky":false,"template":"","format":"standard","meta":{"ngg_post_thumbnail":0,"footnotes":""},"categories":[1],"tags":[],"_links":{"self":[{"href":"https:\/\/www.ventimigliablog.it\/blog\/wp-json\/wp\/v2\/posts\/3241"}],"collection":[{"href":"https:\/\/www.ventimigliablog.it\/blog\/wp-json\/wp\/v2\/posts"}],"about":[{"href":"https:\/\/www.ventimigliablog.it\/blog\/wp-json\/wp\/v2\/types\/post"}],"author":[{"embeddable":true,"href":"https:\/\/www.ventimigliablog.it\/blog\/wp-json\/wp\/v2\/users\/12"}],"replies":[{"embeddable":true,"href":"https:\/\/www.ventimigliablog.it\/blog\/wp-json\/wp\/v2\/comments?post=3241"}],"version-history":[{"count":0,"href":"https:\/\/www.ventimigliablog.it\/blog\/wp-json\/wp\/v2\/posts\/3241\/revisions"}],"wp:attachment":[{"href":"https:\/\/www.ventimigliablog.it\/blog\/wp-json\/wp\/v2\/media?parent=3241"}],"wp:term":[{"taxonomy":"category","embeddable":true,"href":"https:\/\/www.ventimigliablog.it\/blog\/wp-json\/wp\/v2\/categories?post=3241"},{"taxonomy":"post_tag","embeddable":true,"href":"https:\/\/www.ventimigliablog.it\/blog\/wp-json\/wp\/v2\/tags?post=3241"}],"curies":[{"name":"wp","href":"https:\/\/api.w.org\/{rel}","templated":true}]}}